{"id":589166,"date":"2025-12-09T20:20:55","date_gmt":"2025-12-09T20:20:55","guid":{"rendered":"https:\/\/www.europesays.com\/fr\/589166\/"},"modified":"2025-12-09T20:20:55","modified_gmt":"2025-12-09T20:20:55","slug":"helene-segara-son-appartement-dexception-dans-un-quartier-paris-tres-prise-un-cocon-de-250-m2","status":"publish","type":"post","link":"https:\/\/www.europesays.com\/fr\/589166\/","title":{"rendered":"H\u00e9l\u00e8ne S\u00e9gara : Son appartement d&rsquo;exception dans un quartier Paris tr\u00e8s pris\u00e9, un cocon de 250 m2"},"content":{"rendered":"<p>La suite apr\u00e8s la publicit\u00e9<\/p>\n<p>La France a un incroyable talent d\u00e9voile les 15 demi-finalistes ce 9 d\u00e9cembre, d\u00e8s 21h10 sur M6. L&rsquo;occasion alors de s&rsquo;int\u00e9resser \u00e0 <a href=\"https:\/\/www.purepeople.com\/people\/helene-segara_p304\" target=\"_blank\" rel=\"noopener\">H\u00e9l\u00e8ne S\u00e9gara<\/a>, qui fait bien \u00e9videmment partie du jury. Et notamment<strong> \u00e0 son somptueux appartement parisien de 250 m\u00e8tres carr\u00e9s<\/strong>, dont elle ouvrait les portes \u00e0 nos confr\u00e8res du magazine Gala en 2007. Une demeure pour laquelle elle a opt\u00e9<strong> <\/strong><a href=\"https:\/\/www.purepeople.com\/article\/helene-segara-son-appartement-parisien-de-250-metres-carres-a-la-decoration-tres-minimaliste_a512130\/1\" target=\"_blank\" rel=\"noopener\"><strong>pour un style tr\u00e8s minimaliste<\/strong><\/a><strong>.<\/strong> Ce qui ne veut pas dire pour autant qu&rsquo;on n&rsquo;y trouve pas d&rsquo;objets : des statues de Bouddha surveillent l&rsquo;entr\u00e9e, tandis que le salon est muni d&rsquo;un canap\u00e9, d&rsquo;un piano, et du mur des Lamentations sculpt\u00e9 sur m\u00e9tal dor\u00e9.\u00a0<\/p>\n<p>Sans oublier cette vierge de pierre qui se balance sur le buffet sign\u00e9 Rattan Wood, comme sur tous les autres meubles de la chanteuse.. \u00ab\u00a0Elle est magnifique, non ? J&rsquo;y tiens beaucoup. C&rsquo;est un religieux qui me l&rsquo;a offerte, mais je ne peux pas vous en dire plus, il n&rsquo;aimerait pas&#8230;\u00a0\u00bb, indiquait-elle. En revanche, aucun de ses disques d&rsquo;or n&rsquo;apparaissaient. Et c&rsquo;\u00e9tait bien \u00e9videmment voulu de sa part : \u00ab\u00a0Je ne veux pas faire de ma maison un mus\u00e9e.\u00a0\u00bb<\/p>\n<p>\u00ab\u00a0J&rsquo;ai eu ma p\u00e9riode proven\u00e7ale, mais mes go\u00fbts ont chang\u00e9 et puis, ici, \u00e7a correspond aussi aux envies de mon mari (<a href=\"https:\/\/www.purepeople.com\/article\/helene-segara-mariee-a-mathieu-lecat-la-bonne-personne-ses-rares-confidences-sur-le-pere-de-ses-enfants_a506981\/1\" target=\"_blank\" rel=\"noopener\">Mathieu Lecat<\/a>, ndlr). La d\u00e9co s&rsquo;est d\u00e9cid\u00e9e \u00e0 deux. Chacun a fait des concessions. J&rsquo;ai c\u00e9d\u00e9 sur le gris du salon que je trouvais un peu froid. Il a dit oui pour le bois, les patines chocolat&#8230; J&rsquo;aime avoir mon cocon, je suis assez casani\u00e8re, mais du moment que je suis avec ceux que j&rsquo;aime, je pourrais \u00eatre n&rsquo;importe o\u00f9\u00a0\u00bb, ajoutait l&rsquo;interpr\u00e8te de Tu vas me quitter.<\/p>\n<p>H\u00e9l\u00e8ne S\u00e9gara : sa pi\u00e8ce f\u00e9tiche dans son appartement parisien<\/p>\n<p>Enfin, voici son endroit pr\u00e9f\u00e9r\u00e9 de l&rsquo;appartement, <strong>pour rappel situ\u00e9 dans le 18e arrondissement de la capitale, un quartier aim\u00e9 par d&rsquo;autres stars comme<\/strong><a href=\"https:\/\/www.purepeople.com\/article\/exclu-nagui-et-melanie-page-proprietaires-dune-maison-dexception-a-montmartre-des-habitants-comme-les-autres-ou-presque_a544412\/1\" target=\"_blank\" rel=\"noopener\"><strong> Nagui et M\u00e9lanie Page <\/strong><\/a><strong>pour ne citer qu&rsquo;eux<\/strong> : \u00ab\u00a0Soyez les bienvenus dans ma cuisine. Ici, c&rsquo;est mon espace. Dans mon enfance, toute la vie de la maisonn\u00e9e s&rsquo;organisait autour de cette pi\u00e8ce, je continue la tradition\u00a0\u00bb,, avait-elle indiqu\u00e9.\u00a0<\/p>\n<p>C&rsquo;est Thierry Attard, repr\u00e9sentant de la marque italienne Veneta Cucine en France et ami de la chanteuse, qui s&rsquo;\u00e9tait charg\u00e9 d&rsquo;am\u00e9nager cette pi\u00e8ce : \u00ab\u00a0Il m&rsquo;a propos\u00e9 de faire un \u00eelot, ce qui me permet de cuisiner \u2013 ce que j&rsquo;adore \u2013 tout en profitant de mes invit\u00e9s. J&rsquo;ai besoin d&rsquo;avoir un mobilier joli, mais \u00e9galement pratique, facile \u00e0 vivre, car si, \u00e0 quinze ans, <a href=\"https:\/\/www.purepeople.com\/article\/helene-segara-mere-celibataire-ses-confidences-sur-ses-galeres-avec-son-fils-raphael_a506968\/1\" target=\"_blank\" rel=\"noopener\">Rapha\u00ebl <\/a>(son fils a\u00een\u00e9, ndlr) fait attention, il n&rsquo;en va pas de m\u00eame avec les petits (<a href=\"https:\/\/www.purepeople.com\/article\/helene-segara-que-deviennent-ses-trois-enfants-maya-raphael-et-matteo-qui-suivent-des-voies-bien-differentes-de-la-sienne_a534879\/1\" target=\"_blank\" rel=\"noopener\">Matteo et Maya<\/a>, respectivement \u00e2g\u00e9s de un et deux ans au moment de l&rsquo;interview, ndlr) ! \u00a0\u00bb\u00a0<\/p>\n<p>Aujourd&rsquo;hui, difficile de savoir si elle y vit toujours ou pas.<\/p>\n<p>\u00a0<\/p>\n","protected":false},"excerpt":{"rendered":"La suite apr\u00e8s la publicit\u00e9 La France a un incroyable talent d\u00e9voile les 15 demi-finalistes ce 9 d\u00e9cembre,&hellip;\n","protected":false},"author":2,"featured_media":589167,"comment_status":"","ping_status":"","sticky":false,"template":"","format":"standard","meta":{"footnotes":""},"categories":[1355],"tags":[58,59,1011,27,1361,873],"class_list":{"0":"post-589166","1":"post","2":"type-post","3":"status-publish","4":"format-standard","5":"has-post-thumbnail","7":"category-musique","8":"tag-divertissement","9":"tag-entertainment","10":"tag-fr","11":"tag-france","12":"tag-music","13":"tag-musique"},"share_on_mastodon":{"url":"https:\/\/pubeurope.com\/@fr\/115691473009114384","error":""},"_links":{"self":[{"href":"https:\/\/www.europesays.com\/fr\/wp-json\/wp\/v2\/posts\/589166","targetHints":{"allow":["GET"]}}],"collection":[{"href":"https:\/\/www.europesays.com\/fr\/wp-json\/wp\/v2\/posts"}],"about":[{"href":"https:\/\/www.europesays.com\/fr\/wp-json\/wp\/v2\/types\/post"}],"author":[{"embeddable":true,"href":"https:\/\/www.europesays.com\/fr\/wp-json\/wp\/v2\/users\/2"}],"replies":[{"embeddable":true,"href":"https:\/\/www.europesays.com\/fr\/wp-json\/wp\/v2\/comments?post=589166"}],"version-history":[{"count":0,"href":"https:\/\/www.europesays.com\/fr\/wp-json\/wp\/v2\/posts\/589166\/revisions"}],"wp:featuredmedia":[{"embeddable":true,"href":"https:\/\/www.europesays.com\/fr\/wp-json\/wp\/v2\/media\/589167"}],"wp:attachment":[{"href":"https:\/\/www.europesays.com\/fr\/wp-json\/wp\/v2\/media?parent=589166"}],"wp:term":[{"taxonomy":"category","embeddable":true,"href":"https:\/\/www.europesays.com\/fr\/wp-json\/wp\/v2\/categories?post=589166"},{"taxonomy":"post_tag","embeddable":true,"href":"https:\/\/www.europesays.com\/fr\/wp-json\/wp\/v2\/tags?post=589166"}],"curies":[{"name":"wp","href":"https:\/\/api.w.org\/{rel}","templated":true}]}}