{"id":589170,"date":"2025-12-09T20:24:30","date_gmt":"2025-12-09T20:24:30","guid":{"rendered":"https:\/\/www.europesays.com\/fr\/589170\/"},"modified":"2025-12-09T20:24:30","modified_gmt":"2025-12-09T20:24:30","slug":"comment-le-cerveau-assemble-ses-briques-cognitives-pour-apprendre-plus-vite","status":"publish","type":"post","link":"https:\/\/www.europesays.com\/fr\/589170\/","title":{"rendered":"Comment le cerveau assemble ses \u00abbriques cognitives\u00bb pour apprendre plus vite"},"content":{"rendered":"<p>    Le cerveau d\u00e9compose les t\u00e2ches complexes en blocs cognitifs simples, qu\u2019il peut assembler au gr\u00e9 de nouveaux apprentissages.<br \/>\n                peshkova &#8211; stock.adobe.com<\/p>\n<p>\n    Une \u00e9tude de Princeton r\u00e9v\u00e8le que nous r\u00e9utilisons des modules mentaux pour cr\u00e9er de nouvelles t\u00e2ches cognitives. Une flexibilit\u00e9 que l\u2019IA peine encore \u00e0 reproduire.<\/p>\n<p class=\"fig-paragraph\">\u00c0 l\u2019heure o\u00f9\u00a0<a href=\"http:\/\/sante.lefigaro.fr\/medecine\/devenir-plus-intelligent-est-ce-vraiment-possible-20250730\" data-fig-type=\"Article\" data-gtm-custom-categorie=\"navigation\" data-gtm-custom-action=\"crossclick\" data-gtm-custom-label=\"Contextuel\" data-gtm-event=\"customEventSPE\" data-fig-domain=\"SANTE\" target=\"_blank\" rel=\"noopener\">l\u2019intelligence artificielle<\/a>\u00a0est tour \u00e0 tour fantasm\u00e9e, redout\u00e9e ou port\u00e9e au rang de \u00ab\u00a0super-cerveau\u00a0\u00bb, nous ne comprenons pourtant pas encore pleinement comment\u00a0<a href=\"https:\/\/sante.lefigaro.fr\/sante\/organe\/cerveau\/quelles-sont-principales-maladies-cerveau\" target=\"_blank\" data-fig-type=\"Keyword\" rel=\"sponsored noopener\" data-gtm-custom-categorie=\"navigation\" data-gtm-custom-action=\"crossclick\" data-gtm-custom-label=\"Contextuel\" data-gtm-event=\"customEventSPE\" data-fig-domain=\"SANTE\">notre cerveau<\/a>\u00a0apprend de nouvelles t\u00e2ches. Depuis des d\u00e9cennies, diff\u00e9rentes visions s\u2019affrontent pour d\u00e9crire son fonctionnement\u00a0: machine computationnelle manipulant des symboles dans les ann\u00e9es 1950, vaste r\u00e9seau connexionniste dans les ann\u00e9es 1980, ou encore esprit incarn\u00e9 intimement li\u00e9 au corps et \u00e0 l\u2019environnement&#8230;<\/p>\n<p class=\"fig-paragraph\">C\u2019est pr\u00e9cis\u00e9ment dans ce d\u00e9bat ancien, raviv\u00e9 aujourd\u2019hui par la comparaison incessante entre humains et algorithmes, que s\u2019inscrit la nouvelle \u00e9tude publi\u00e9e dans Nature par une \u00e9quipe de l\u2019universit\u00e9 de Princeton. Elle apporte des \u00e9l\u00e9ments concrets pour mieux comprendre comment le cerveau parvient \u00e0 une flexibilit\u00e9 qui reste hors de port\u00e9e des mod\u00e8les d\u2019IA actuels. \u00ab\u00a0Nous avons d\u00e9couvert que des t\u00e2ches complexes peuvent \u00eatre d\u00e9compos\u00e9es en \u201cblocs cognitifs\u201d plus simples\u00a0\u00bb, explique\u2026<\/p>\n<p class=\"fig-premium-paywall__infos\">\n        Cet article est r\u00e9serv\u00e9 aux abonn\u00e9s.        Il vous reste 80% \u00e0 d\u00e9couvrir.\n    <\/p>\n<p>                <img  data- alt=\"Le Figaro\" class=\"fig-img--complete fig-img\"\/><\/p>\n<p class=\"fig-premium-paywall__title\">Vente Flash<\/p>\n<p class=\"fig-premium-paywall__subtitle\">-50% sur l&rsquo;abonnement num\u00e9rique<\/p>\n<p class=\"fig-premium-paywall__connect\">\n                D\u00e9j\u00e0 abonn\u00e9\u00a0?                <a class=\"fig-premium-paywall__connect-link\" href=\"https:\/\/connect.lefigaro.fr\/login?client=sante_web&amp;type=main&amp;redirect_uri=https%3A%2F%2Fsante.lefigaro.fr%2Fmedecine%2Fcomment-le-cerveau-assemble-ses-briques-cognitives-pour-apprendre-plus-vite-20251209\" data-js-gtm=\"{&quot;customCategorie&quot;: &quot;conversion&quot;, &quot;customAction&quot;: &quot;before_Landing_Connexion_paywall_auto&quot;, &quot;customLabel&quot;: &quot;c2FudGUubGVmaWdhcm8uZnJfXzFmMGQ0ZGFhLTBhZmMtNjE3ZS05NGYzLThiMGZkYTU3NDc5Yl9fQXJ0aWNsZQ==_Comment le cerveau assemble ses \u00abbriques cognitives\u00bb pour apprendre plus vite_490&quot;, &quot;customIDSPE&quot;: &quot;c2FudGUubGVmaWdhcm8uZnJfXzFmMGQ0ZGFhLTBhZmMtNjE3ZS05NGYzLThiMGZkYTU3NDc5Yl9fQXJ0aWNsZQ==&quot;, &quot;event&quot;: &quot;customEventSPE&quot;}\" target=\"_blank\" rel=\"noopener\"><br \/>\n                    Connectez-vous<br \/>\n                <\/a>\n            <\/p>\n","protected":false},"excerpt":{"rendered":"Le cerveau d\u00e9compose les t\u00e2ches complexes en blocs cognitifs simples, qu\u2019il peut assembler au gr\u00e9 de nouveaux apprentissages.&hellip;\n","protected":false},"author":2,"featured_media":589171,"comment_status":"","ping_status":"","sticky":false,"template":"","format":"standard","meta":{"footnotes":""},"categories":[10],"tags":[231,1011,27,72,71],"class_list":{"0":"post-589170","1":"post","2":"type-post","3":"status-publish","4":"format-standard","5":"has-post-thumbnail","7":"category-sante","8":"tag-cerveau","9":"tag-fr","10":"tag-france","11":"tag-health","12":"tag-sante"},"share_on_mastodon":{"url":"https:\/\/pubeurope.com\/@fr\/115691484880105529","error":""},"_links":{"self":[{"href":"https:\/\/www.europesays.com\/fr\/wp-json\/wp\/v2\/posts\/589170","targetHints":{"allow":["GET"]}}],"collection":[{"href":"https:\/\/www.europesays.com\/fr\/wp-json\/wp\/v2\/posts"}],"about":[{"href":"https:\/\/www.europesays.com\/fr\/wp-json\/wp\/v2\/types\/post"}],"author":[{"embeddable":true,"href":"https:\/\/www.europesays.com\/fr\/wp-json\/wp\/v2\/users\/2"}],"replies":[{"embeddable":true,"href":"https:\/\/www.europesays.com\/fr\/wp-json\/wp\/v2\/comments?post=589170"}],"version-history":[{"count":0,"href":"https:\/\/www.europesays.com\/fr\/wp-json\/wp\/v2\/posts\/589170\/revisions"}],"wp:featuredmedia":[{"embeddable":true,"href":"https:\/\/www.europesays.com\/fr\/wp-json\/wp\/v2\/media\/589171"}],"wp:attachment":[{"href":"https:\/\/www.europesays.com\/fr\/wp-json\/wp\/v2\/media?parent=589170"}],"wp:term":[{"taxonomy":"category","embeddable":true,"href":"https:\/\/www.europesays.com\/fr\/wp-json\/wp\/v2\/categories?post=589170"},{"taxonomy":"post_tag","embeddable":true,"href":"https:\/\/www.europesays.com\/fr\/wp-json\/wp\/v2\/tags?post=589170"}],"curies":[{"name":"wp","href":"https:\/\/api.w.org\/{rel}","templated":true}]}}