{"id":589176,"date":"2025-12-09T20:28:49","date_gmt":"2025-12-09T20:28:49","guid":{"rendered":"https:\/\/www.europesays.com\/fr\/589176\/"},"modified":"2025-12-09T20:28:49","modified_gmt":"2025-12-09T20:28:49","slug":"la-beta-est-officiellement-lancee-voici-les-nouveautes-de-la-mise-a-jour-frandroid","status":"publish","type":"post","link":"https:\/\/www.europesays.com\/fr\/589176\/","title":{"rendered":"la b\u00eata est officiellement lanc\u00e9e, voici les nouveaut\u00e9s de la mise \u00e0 jour \u2014 Frandroid"},"content":{"rendered":"<p>La b\u00eata de la mise \u00e0 jour One UI 8.5 est officiellement lanc\u00e9e. Voici les nouveaut\u00e9s ainsi que les smartphones et pays concern\u00e9s.<\/p>\n<p><a target=\"_blank\" href=\"https:\/\/images.frandroid.com\/wp-content\/uploads\/2025\/12\/samsung-one-ui-85.jpg\" class=\"article-content__figure\" rel=\"noopener\"><img fetchpriority=\"high\" decoding=\"async\" loading=\"eager\" width=\"1200\" height=\"673\" src=\"https:\/\/www.europesays.com\/fr\/wp-content\/uploads\/2025\/12\/samsung-one-ui-85.jpg\" alt=\"\" class=\"wp-image-2903987 wp-image wp-image\"  \/><\/a>Samsung One UI 8.5 \/\/ Source : Samsung<\/p>\n<p><a href=\"https:\/\/www.frandroid.com\/guide-dachat\/386688_quels-smartphone-samsung-choisir-parmi-les-differentes-gammes-galaxy\" target=\"_blank\" rel=\"noopener\">Samsung<\/a> lance officiellement la b\u00eata de son interface One UI 8.5. Consid\u00e9rez cette mise \u00e0 jour comme une version am\u00e9lior\u00e9e de <a href=\"https:\/\/www.frandroid.com\/marques\/samsung\/2799379_samsung-lance-le-deploiement-de-one-ui-8-decouvrez-quand-votre-galaxy-la-recevra\" target=\"_blank\" rel=\"noopener\">One UI 8<\/a> d\u00e9j\u00e0 d\u00e9ploy\u00e9 (et bas\u00e9 sur <a href=\"https:\/\/www.frandroid.com\/android\/mises-a-jour-android\/2424108_mise-a-jour-android-16-smartphones-compatibles-nouveautes-dates-tout-ce-quil-faut-savoir\" target=\"_blank\" rel=\"noopener\">Android 16<\/a> pour rappel).<\/p>\n<p>L\u2019occasion pour la marque de partager <a target=\"_blank\" href=\"https:\/\/news.samsung.com\/fr\/one-ui-8-5-beta\" rel=\"noopener\">un communiqu\u00e9<\/a> avec plusieurs nouveaut\u00e9s int\u00e9ressantes mises en avant.<\/p>\n<p>Les nouveaut\u00e9s de Samsung One UI 8.5<\/p>\n<p>Stockage partag\u00e9 pour connecter l\u2019\u00e9cosyst\u00e8me<\/p>\n<p>Parmi les principales nouveaut\u00e9s de One UI 8.5, citons <a href=\"https:\/\/www.frandroid.com\/marques\/2897607_samsung-one-ui-8-5-pourquoi-cette-mise-a-jour-sera-bien-plus-importante-que-prevu-pour-les-galaxy-s26\" target=\"_blank\" rel=\"noopener\">l\u2019option de Stockage partag\u00e9 qui avait d\u00e9j\u00e0 fait parler d\u2019elle<\/a>. Cette fonction rend \u00ab l\u2019\u00e9cosyst\u00e8me Galaxy encore plus pratique \u00bb puisque vous pourrez retrouver dans le gestionnaire de fichiers de votre smartphone, les fichiers stock\u00e9s sur votre tablette Galaxy Tab ou votre PC portable Galaxy Book. Cela fonctionne aussi dans l\u2019autre sens. Cette fonction \u00ab permet aussi aux utilisateurs d\u2019acc\u00e9der aux fichiers de leur smartphone \u00e0 partir d\u2019autres appareils Samsung, dont leur TV \u00bb.<\/p>\n<p>Quick Share plus intelligent encore<\/p>\n<p>Samsung am\u00e9liore aussi la fonction de partage de fichiers Quick Share avec une nouveaut\u00e9 all\u00e9chante. En effet, le t\u00e9l\u00e9phone peut reconna\u00eetre les personnes qui apparaissent sur vos photos et sugg\u00e9rer de mani\u00e8re proactive les contacts correspondants au moment de partager l\u2019image.<\/p>\n<p><a target=\"_blank\" href=\"https:\/\/www.europesays.com\/fr\/wp-content\/uploads\/2025\/12\/samsung-mobile-samsung-launches-one-ui-85-beta-main2.gif\" class=\"article-content__figure\"><img loading=\"lazy\" decoding=\"async\" width=\"1000\" height=\"563\" src=\"https:\/\/www.europesays.com\/fr\/wp-content\/uploads\/2025\/12\/samsung-mobile-samsung-launches-one-ui-85-beta-main2.gif\" alt=\"\" class=\"wp-image-2903989 wp-image\"\/><\/a>Quick Share plus intelligent sur One UI 8.5 \/\/ Source : Samsung<\/p>\n<p>Retouche photo par IA plus pratique<\/p>\n<p>La retouche photo par IA est l\u2019une des grandes forces de Samsung depuis l\u2019av\u00e8nement de Galaxy AI. Cette option devient encore un peu plus pertinente puisqu\u2019elle vous permet d\u00e9sormais d\u2019op\u00e9rer plusieurs modifications d\u2019un clich\u00e9 sans sauvegarder. Tout \u00e7a pour que, lorsque vous avez fini, vous puissiez consulter l\u2019historique des modifications et choisir la version qui vous pla\u00eet le plus. <\/p>\n<p>Plus de s\u00e9curit\u00e9<\/p>\n<p>One UI 8.5 se targue aussi de renforcer la protection des appareils mis \u00e0 jour avec un contr\u00f4le plus clair des param\u00e8tres de s\u00e9curit\u00e9. L\u2019option Protection Contre le Vol permet ainsi de faire en sorte que \u00ab l\u2019\u00e9cran de l\u2019appareil se verrouille automatiquement d\u00e8s que trop de tentatives d\u2019authentification \u00e9chouent, que ce soit par empreinte digitale, code PIN ou mot de passe \u00bb. Samsung indique que davantage de param\u00e8tres requi\u00e8rent une v\u00e9rification de l\u2019identit\u00e9.<\/p>\n<p>Smartphones compatibles et pays concern\u00e9s<\/p>\n<p>La b\u00eata de One UI 8.5 est officiellement disponible en Allemagne, en Inde, en Cor\u00e9e du Sud, en Pologne, au Royaume-Uni et aux \u00c9tats-Unis, mais malheureusement pas en France.<\/p>\n<p>La mise \u00e0 jour se rend d\u2019abord disponible sur les <a href=\"https:\/\/www.frandroid.com\/marques\/samsung\/2492280_test-du-samsung-galaxy-s25-sans-surprise-mais-pas-sans-saveur\" target=\"_blank\" rel=\"noopener\">Samsung Galaxy S25<\/a>, <a href=\"https:\/\/www.frandroid.com\/marques\/samsung\/2492460_test-du-samsung-galaxy-s25-plus-un-bon-smartphone-sans-prise-de-risque\" target=\"_blank\" rel=\"noopener\">Galaxy S25 Plus<\/a> et <a href=\"https:\/\/www.frandroid.com\/marques\/samsung\/2482652_test-samsung-galaxy-s25-ultra\" target=\"_blank\" rel=\"noopener\">Galaxy S25 Ultra<\/a>, mais les <a href=\"https:\/\/www.frandroid.com\/test\/2808149_test-samsung-galaxy-s25-fe-le-meilleur-rapport-performances-prix-de-la-gamme-galaxy-s\" target=\"_blank\" rel=\"noopener\">Galaxy S25 FE<\/a> et <a href=\"https:\/\/www.frandroid.com\/marques\/samsung\/2646685_test-du-samsung-galaxy-s25-edge-a-qui-peut-on-vraiment-recommander-ce-smartphone\" target=\"_blank\" rel=\"noopener\">Galaxy S25 Edge<\/a> sont a priori \u00e9galement concern\u00e9s.<\/p>\n<p>Tout porte \u00e0 croire que les futurs Galaxy S26 et Galaxy S26 Plus seront lanc\u00e9s nativement sous One UI 8.5. Pour en savoir, n\u2019h\u00e9sitez pas \u00e0 lire nos dossiers respectifs :<\/p>\n","protected":false},"excerpt":{"rendered":"La b\u00eata de la mise \u00e0 jour One UI 8.5 est officiellement lanc\u00e9e. Voici les nouveaut\u00e9s ainsi que&hellip;\n","protected":false},"author":2,"featured_media":589177,"comment_status":"","ping_status":"","sticky":false,"template":"","format":"standard","meta":{"footnotes":""},"categories":[7],"tags":[653,1011,27,61370,16931,21346,51089,16932,16933,60998,60999,51782,70241,43,40,41,39,42,44],"class_list":{"0":"post-589176","1":"post","2":"type-post","3":"status-publish","4":"format-standard","5":"has-post-thumbnail","7":"category-sciences-et-technologies","8":"tag-android-16","9":"tag-fr","10":"tag-france","11":"tag-one-ui-8-5","12":"tag-samsung-galaxy-s25","13":"tag-samsung-galaxy-s25-edge","14":"tag-samsung-galaxy-s25-fe","15":"tag-samsung-galaxy-s25-plus","16":"tag-samsung-galaxy-s25-ultra","17":"tag-samsung-galaxy-s26","18":"tag-samsung-galaxy-s26-plus","19":"tag-samsung-galaxy-s26-ultra","20":"tag-samsung-one-ui-8-5","21":"tag-science","22":"tag-science-and-technology","23":"tag-sciences","24":"tag-sciences-et-technologies","25":"tag-technologies","26":"tag-technology"},"share_on_mastodon":{"url":"https:\/\/pubeurope.com\/@fr\/115691505415462816","error":""},"_links":{"self":[{"href":"https:\/\/www.europesays.com\/fr\/wp-json\/wp\/v2\/posts\/589176","targetHints":{"allow":["GET"]}}],"collection":[{"href":"https:\/\/www.europesays.com\/fr\/wp-json\/wp\/v2\/posts"}],"about":[{"href":"https:\/\/www.europesays.com\/fr\/wp-json\/wp\/v2\/types\/post"}],"author":[{"embeddable":true,"href":"https:\/\/www.europesays.com\/fr\/wp-json\/wp\/v2\/users\/2"}],"replies":[{"embeddable":true,"href":"https:\/\/www.europesays.com\/fr\/wp-json\/wp\/v2\/comments?post=589176"}],"version-history":[{"count":0,"href":"https:\/\/www.europesays.com\/fr\/wp-json\/wp\/v2\/posts\/589176\/revisions"}],"wp:featuredmedia":[{"embeddable":true,"href":"https:\/\/www.europesays.com\/fr\/wp-json\/wp\/v2\/media\/589177"}],"wp:attachment":[{"href":"https:\/\/www.europesays.com\/fr\/wp-json\/wp\/v2\/media?parent=589176"}],"wp:term":[{"taxonomy":"category","embeddable":true,"href":"https:\/\/www.europesays.com\/fr\/wp-json\/wp\/v2\/categories?post=589176"},{"taxonomy":"post_tag","embeddable":true,"href":"https:\/\/www.europesays.com\/fr\/wp-json\/wp\/v2\/tags?post=589176"}],"curies":[{"name":"wp","href":"https:\/\/api.w.org\/{rel}","templated":true}]}}