{"id":589182,"date":"2025-12-09T20:32:18","date_gmt":"2025-12-09T20:32:18","guid":{"rendered":"https:\/\/www.europesays.com\/fr\/589182\/"},"modified":"2025-12-09T20:32:18","modified_gmt":"2025-12-09T20:32:18","slug":"brigitte-macron-et-les-sales-connes-lantifeminisme-a-lelysee-mediapart","status":"publish","type":"post","link":"https:\/\/www.europesays.com\/fr\/589182\/","title":{"rendered":"Brigitte Macron et les \u00ab sales connes \u00bb : l\u2019antif\u00e9minisme \u00e0 l\u2019\u00c9lys\u00e9e &#8211; Mediapart"},"content":{"rendered":"<ol>\n<li><a href=\"https:\/\/news.google.com\/rss\/articles\/CBMiqwFBVV95cUxQZ052Q2lQbjhrLWhTc0dneVVrUlpNU3ktS1BTRW5qcy0zeVNYZks4T056Rksyd0VZdl9IQVU0ZUdKNUs5eHVhWkJqaXBveXlQZU9jZ1BoUVltQm5OZ3FyRVgzRnh6X0JlOHZBV1ZlczhBVmtybUpYSVFRelk4aE9QUWlMZzRFQU04UVVXY0RQV1FkTFlVbkh1amQxVmFvRm9rdDctNmJqTF9fczA?oc=5\" target=\"_blank\" rel=\"noopener\">Brigitte Macron et les \u00ab sales connes \u00bb : l\u2019antif\u00e9minisme \u00e0 l\u2019\u00c9lys\u00e9e<\/a>&nbsp;&nbsp;Mediapart<\/li>\n<li><a href=\"https:\/\/news.google.com\/rss\/articles\/CBMi-AFBVV95cUxPeGdiTldEcFg2OUJoMzN0U3VZaXVBbjA2Yzg3dE5IUktzNnZlbkFTZDlaYmdseXVPV1Yzb29aV0huMi1GX0tuTDExZmdDb0NNTXJfRmpReEluYy1uU1RGdER6MlJUandLZi1sRlV3MkJxdWFYTzB4UW1kQk9hS3VORkd1WlVsY19PcTdFLVdpTjNIcXpWbjF1U3VwcU9pVDhKeFJIYW02RUNrWVloY2hLb1JSSGVXSG8zVklvOHEyOHZtcUJ2MHhGMjd0V1RXRkE0NkxRVjZwZmFUZ3NONXQzUFZqQTN2RkcxRzVBRVpKQm1EWjl2UWt3bA?oc=5\" target=\"_blank\" rel=\"noopener\">\u00ab\u00a0Sales connes\u00a0\u00bb : apr\u00e8s les propos de Brigitte Macron, Fran\u00e7ois Hollande appelle sur RTL \u00e0 ne pas c\u00e9der \u00e0 \u00ab\u00a0une escalade verbale\u00a0\u00bb<\/a>&nbsp;&nbsp;RTL.fr<\/li>\n<li><a href=\"https:\/\/news.google.com\/rss\/articles\/CBMizAFBVV95cUxPQm9xcGZpTDFQcTFqS2Z3NFJwWHpBQTJ4cXdqVHVsUmxLTmNic2tKbGNKWVl6VUk2ck1pRDI5TERlYXpkRkhaMzI5ZVpubGtUSlJRT2lWWU5reXNZVTBTbExFbjBQZzFSTUxQUkpxLVJyUzlHNTJMcFJBZXY2SjNLalV2dExrMnNvSkhiM0hMSGN4TjF4b2k3bXZsdUlqVlJlSTBuLVY0Z1J2RGx2bDM1X29sSmpQaWYyUkdQOHNLRFdGTk42aTgwNGhielU?oc=5\" target=\"_blank\" rel=\"noopener\">Brigitte Macron vis\u00e9e par une plainte apr\u00e8s ses propos sur les \u00ab sales connes \u00bb<\/a>&nbsp;&nbsp;Le HuffPost<\/li>\n<li><a href=\"https:\/\/news.google.com\/rss\/articles\/CBMi5AFBVV95cUxQSlRTMGMzR2FPZmVzMjc3NFA3VE1oeWFLaXRjR0MwQ1kwcXlXc2ZrQ3pmcEZZMkpNTjFGU2RONUlCQng1OWY5eVZ4RzdDdjRFRHBZVU1JT25YWVNJRmlCenFtWWZDVWZfeEN2aEZLSVhGZnlqVXVnVktyaldPQlMwS3Bhd3Y3Ymt3R3hvaVVkNlVfRXJkZ01hMU9jYjlydng0UFFKejNYTG0tYjRPQnVYemJwT1lWcFl5anZGb2pUZlNTU1NmeTZpX3B5YmZLY3NHdDh6RV9SQ3dnRTRhYVV4a0ljMUU?oc=5\" target=\"_blank\" rel=\"noopener\">Brigitte Macron et Ary Abittan : soyons toutes des \u00absales connes\u00bb<\/a>&nbsp;&nbsp;Lib\u00e9ration<\/li>\n<li><a href=\"https:\/\/news.google.com\/rss\/articles\/CBMihwJBVV95cUxNeEFoSENmUUx0clVkSGQ5bm1fczJKUU44RFRzdi1JZGF6cUdKNVRXU2pOTFVKNHEtcjhmdDdrNGhZczUyMnpEanhOSWI2QkR6MlR0MnNpVGNacHYzQW9DOW1Ua3FpNHFpc09Eam5WTmh3YXpqdXpnV3JFLVV1ZThpRi1jWGZSY0FQblB5b0NfWVdxS09XNU1PejRzTnVPT1BLbVdFdEhUMnFJa3V2UlJUQVNBanhEVjNLN0x5dWZlTGtxX1FRNXQyV1NCMjhSXzhqYXpJcl8xV2RwaWxCLTRJN0NjS1dpeXhQMUpyZzdTdDU5MFRQYy03cE1UQkh1eS1jZzJlX2c1TQ?oc=5\" target=\"_blank\" rel=\"noopener\">Le \u00ab sales connes \u00bb de Brigitte Macron : les coulisses d\u2019une vid\u00e9o pol\u00e9mique d\u00e9voil\u00e9e par \u00ab erreur \u00bb<\/a>&nbsp;&nbsp;Le Parisien<\/li>\n<\/ol>\n","protected":false},"excerpt":{"rendered":"Brigitte Macron et les \u00ab sales connes \u00bb : l\u2019antif\u00e9minisme \u00e0 l\u2019\u00c9lys\u00e9e&nbsp;&nbsp;Mediapart \u00ab\u00a0Sales connes\u00a0\u00bb : apr\u00e8s les propos&hellip;\n","protected":false},"author":2,"featured_media":589183,"comment_status":"","ping_status":"","sticky":false,"template":"","format":"standard","meta":{"footnotes":""},"categories":[4],"tags":[11,19796,986,12193,1011,27,12,25,304],"class_list":{"0":"post-589182","1":"post","2":"type-post","3":"status-publish","4":"format-standard","5":"has-post-thumbnail","7":"category-france","8":"tag-actualites","9":"tag-ary-abittan","10":"tag-brigitte-macron","11":"tag-feministes","12":"tag-fr","13":"tag-france","14":"tag-news","15":"tag-republique-francaise","16":"tag-violences-sexistes-et-sexuelles"},"share_on_mastodon":{"url":"https:\/\/pubeurope.com\/@fr\/115691516418275631","error":""},"_links":{"self":[{"href":"https:\/\/www.europesays.com\/fr\/wp-json\/wp\/v2\/posts\/589182","targetHints":{"allow":["GET"]}}],"collection":[{"href":"https:\/\/www.europesays.com\/fr\/wp-json\/wp\/v2\/posts"}],"about":[{"href":"https:\/\/www.europesays.com\/fr\/wp-json\/wp\/v2\/types\/post"}],"author":[{"embeddable":true,"href":"https:\/\/www.europesays.com\/fr\/wp-json\/wp\/v2\/users\/2"}],"replies":[{"embeddable":true,"href":"https:\/\/www.europesays.com\/fr\/wp-json\/wp\/v2\/comments?post=589182"}],"version-history":[{"count":0,"href":"https:\/\/www.europesays.com\/fr\/wp-json\/wp\/v2\/posts\/589182\/revisions"}],"wp:featuredmedia":[{"embeddable":true,"href":"https:\/\/www.europesays.com\/fr\/wp-json\/wp\/v2\/media\/589183"}],"wp:attachment":[{"href":"https:\/\/www.europesays.com\/fr\/wp-json\/wp\/v2\/media?parent=589182"}],"wp:term":[{"taxonomy":"category","embeddable":true,"href":"https:\/\/www.europesays.com\/fr\/wp-json\/wp\/v2\/categories?post=589182"},{"taxonomy":"post_tag","embeddable":true,"href":"https:\/\/www.europesays.com\/fr\/wp-json\/wp\/v2\/tags?post=589182"}],"curies":[{"name":"wp","href":"https:\/\/api.w.org\/{rel}","templated":true}]}}