{"id":589184,"date":"2025-12-09T20:33:28","date_gmt":"2025-12-09T20:33:28","guid":{"rendered":"https:\/\/www.europesays.com\/fr\/589184\/"},"modified":"2025-12-09T20:33:28","modified_gmt":"2025-12-09T20:33:28","slug":"en-direct-adoption-du-budget-de-la-secu-sebastien-lecornu-salue-une-majorite-de-responsabilite-liberation","status":"publish","type":"post","link":"https:\/\/www.europesays.com\/fr\/589184\/","title":{"rendered":"EN DIRECT &#8211; Adoption du budget de la S\u00e9cu : S\u00e9bastien Lecornu salue une \u00abmajorit\u00e9 de responsabilit\u00e9 &#8211; Lib\u00e9ration"},"content":{"rendered":"<ol>\n<li><a href=\"https:\/\/news.google.com\/rss\/articles\/CBMijAJBVV95cUxPb3FKTXhEcWZ4VkI1UGJWYVo3RVI3c3Z4SGRSR1RMX2tIMWtTY2FRdGpqaVJzRjlaQ3RldktlVXhsM2F1bUc3MTZlNU5rYnM2UU9Wc29vSWpUQl9PRXZBRVpJZzhUdGU2M0szUm9rMXM4VGhUZkF6UUJaOFBzSkxtcEZmQ3p6eHZFQ0FKVEdsem1mTE45dGYyS2g0STd1ZHV6U1ozalVWbWYzWE5aTllsdm01R3JFYUVjV2tfbnNSNWNTM0ltaXlWcWdEUDdtQWtWWU9Za2hYQk5wdkpNdEg4RnJmSENjcEtFaFRRRGFYZXBrN01rbE8tV29VcGpCZVVtd0RFeDRkbkhHQm1X?oc=5\" target=\"_blank\" rel=\"noopener\">EN DIRECT &#8211; Adoption du budget de la S\u00e9cu : S\u00e9bastien Lecornu salue une \u00abmajorit\u00e9 de responsabilit\u00e9<\/a>&nbsp;&nbsp;Lib\u00e9ration<\/li>\n<li><a href=\"https:\/\/news.google.com\/rss\/articles\/CBMitAJBVV95cUxOVE9iZnFMSEFDS0dBMGNzbms5eHJiZmFJXzFNUUsyOG0tb3dhZ3hfbElsQjlJTHc0X2RTY0tFMDU3NUJsTnJOdURUaGh6WFdvQy03YnBzaXR3Tm5HdlQ0WjQya1BUb3NvU0ItNEZySHM1aUdxbmhUX28xM25tS3JWandZX2QyUDQ1bmZhdEktSV9SWkF3MUdNdnI1X1o4QkdqYmduZDFOYlNZWmxxdFFVWldITW5WZXdBalhINmlHRGhTOFRZZDBNOHQtZm1DR1ZzcUJkRUx2ejhGYlROMGxNWHNjN29KdWM3N2dkTHhtcksxdTNiYWpzTnp6eDBqdTg1Vm5vcTVxeXEzYjNPanp6T0VMcjJiaC1LSzEyeWtNR1FObGh1a3Q1VWs4d1RIendqY1R2RQ?oc=5\" target=\"_blank\" rel=\"noopener\">EN DIRECT, budget de la \u00ab S\u00e9cu \u00bb : l\u2019Assembl\u00e9e vote de justesse en faveur du texte<\/a>&nbsp;&nbsp;Le Monde.fr<\/li>\n<li><a href=\"https:\/\/news.google.com\/rss\/articles\/CBMi_wFBVV95cUxQMk5sWW0zV0VqWTh5NDZLZlZXRGt6X0IzWGYzd09GNU0wSmxBWjlNWmEzaklWSUdNSVRxbkpRaXNQcUlXa1hQZ0FjdEZtNm5WQldsclQ4RXlUYTBaN3o4UWNmNE9VYVcxRXN4RlFsMTlEMnN6UU5Ka08xWTAxMUgtakRJYnpCNHk2MTVtbmZvY0RuYzJ4aFljeTA5LW8wUjI0YXBveDdkei1aWkN4X3g4LVpVMGVmNUhNU0xBR0lFckN6WG5nMEpsZGg5UW9EVkxVLTRmRzZwVnRuckdQTmZPQVlmdGNvMFJtVDJfZ3d5YjhwTUdTd1VhODJiUlRDenM?oc=5\" target=\"_blank\" rel=\"noopener\">Philippe Brun, d\u00e9put\u00e9 PS : \u00abL\u2019adoption du PLFSS montre que d\u2019autres m\u0153urs d\u00e9mocratiques sont possibles<\/a>&nbsp;&nbsp;Lib\u00e9ration<\/li>\n<li><a href=\"https:\/\/news.google.com\/rss\/articles\/CBMizgFBVV95cUxQVmdKRXZ0RzhBUlAzVzVzZFJFZEJsYmtHQXlteUFzbzM2MTl4NXJhSGdCbWRVRlBvN2Zjd1lidm9IRFBoVEZsV1hobjQ2dklHQkNRMERSVjJOaFEzeGVMbVlxRHhlWXd1LVZCU0V3R1VvYjBoTndVS2taWHBxUGRYV2pGczM4TTBtUmh5d3o4aVVvM2lzMlR1bHJzRUNoZEtiRG85R0J0ejVWdE4wYzZ4aVJia2NfelQyWm1nRzhGbzZ2WE9VZ2VXX3ZKT2pWQQ?oc=5\" target=\"_blank\" rel=\"noopener\">EN DIRECT Budget de la S\u00e9cu : L&rsquo;Assembl\u00e9e adopte le texte d&rsquo;une poign\u00e9e de \u2026<\/a>&nbsp;&nbsp;20 Minutes<\/li>\n<li><a href=\"https:\/\/news.google.com\/rss\/articles\/CBMijgJBVV95cUxNaTBhNkJPaVF4ZTkyQ2tfc1VTU1ZIYk5mR0hkOXBNem9GZzdWWFVOWm02MXdWb2p5QW1BbkJ3SHF5OUUwSEF3MHVqa0YyNjMwS2U4bTg2ZElGeW1LMWxEY2Jyb2thWVhaZm5uM3c1dzNVUUFhRnp1U1FxdlFqMXdyTXJCdEZ0d05IWGRxNzJFVlBURVRLSUJ2RjRGVmVNQi1SVlc4Q0FtWmJkd0tiSzhwOHVsZlNlZU5fck5aaWVVV1NYT1A5QWJtWXpNWDVDT2xvZ3hmWG4xc3Y3YkxtQWRTUnA0LVMwbDdKRXpoeVlDRzJxcXpOOFBVWUpUbk0ybnlTa0d4cE16MnRCbHFfdEE?oc=5\" target=\"_blank\" rel=\"noopener\">Budget de la S\u00e9curit\u00e9 sociale : r\u00e9forme des retraites suspendue, cong\u00e9 de naissance, hausse des restes \u00e0 charge\u2026 ce que contient le texte<\/a>&nbsp;&nbsp;ladepeche.fr<\/li>\n<\/ol>\n","protected":false},"excerpt":{"rendered":"EN DIRECT &#8211; Adoption du budget de la S\u00e9cu : S\u00e9bastien Lecornu salue une \u00abmajorit\u00e9 de responsabilit\u00e9&nbsp;&nbsp;Lib\u00e9ration EN&hellip;\n","protected":false},"author":2,"featured_media":589185,"comment_status":"","ping_status":"","sticky":false,"template":"","format":"standard","meta":{"footnotes":""},"categories":[2],"tags":[11,416,25548,1011,27,12,11067,731],"class_list":{"0":"post-589184","1":"post","2":"type-post","3":"status-publish","4":"format-standard","5":"has-post-thumbnail","7":"category-actualites","8":"tag-actualites","9":"tag-assemblee-nationale","10":"tag-budget-public","11":"tag-fr","12":"tag-france","13":"tag-news","14":"tag-sebastien-lecornu","15":"tag-securite-sociale"},"share_on_mastodon":{"url":"https:\/\/pubeurope.com\/@fr\/115691520259419842","error":""},"_links":{"self":[{"href":"https:\/\/www.europesays.com\/fr\/wp-json\/wp\/v2\/posts\/589184","targetHints":{"allow":["GET"]}}],"collection":[{"href":"https:\/\/www.europesays.com\/fr\/wp-json\/wp\/v2\/posts"}],"about":[{"href":"https:\/\/www.europesays.com\/fr\/wp-json\/wp\/v2\/types\/post"}],"author":[{"embeddable":true,"href":"https:\/\/www.europesays.com\/fr\/wp-json\/wp\/v2\/users\/2"}],"replies":[{"embeddable":true,"href":"https:\/\/www.europesays.com\/fr\/wp-json\/wp\/v2\/comments?post=589184"}],"version-history":[{"count":0,"href":"https:\/\/www.europesays.com\/fr\/wp-json\/wp\/v2\/posts\/589184\/revisions"}],"wp:featuredmedia":[{"embeddable":true,"href":"https:\/\/www.europesays.com\/fr\/wp-json\/wp\/v2\/media\/589185"}],"wp:attachment":[{"href":"https:\/\/www.europesays.com\/fr\/wp-json\/wp\/v2\/media?parent=589184"}],"wp:term":[{"taxonomy":"category","embeddable":true,"href":"https:\/\/www.europesays.com\/fr\/wp-json\/wp\/v2\/categories?post=589184"},{"taxonomy":"post_tag","embeddable":true,"href":"https:\/\/www.europesays.com\/fr\/wp-json\/wp\/v2\/tags?post=589184"}],"curies":[{"name":"wp","href":"https:\/\/api.w.org\/{rel}","templated":true}]}}