{"id":589188,"date":"2025-12-09T20:35:26","date_gmt":"2025-12-09T20:35:26","guid":{"rendered":"https:\/\/www.europesays.com\/fr\/589188\/"},"modified":"2025-12-09T20:35:26","modified_gmt":"2025-12-09T20:35:26","slug":"jean-pierre-berger-est-finalement-le-candidat-de-la-majorite-municipale","status":"publish","type":"post","link":"https:\/\/www.europesays.com\/fr\/589188\/","title":{"rendered":"Jean-Pierre Berger est finalement le candidat de la majorit\u00e9 municipale"},"content":{"rendered":"<p class=\"article__intro\">C\u2019est finalement le premier adjoint, Jean-Pierre Berger, qui sera candidat \u00e0 la succession de Ga\u00ebl Perdriau \u00e0 la mairie de Saint-\u00c9tienne pour les trois prochains mois. L\u2019adjoint \u00e0 la culture devrait, lui, prendre le poste de premier adjoint.<\/p>\n<p>\n      L\u2019actu des r\u00e9gions\n    <\/p>\n<p>\n      Chaque jour, un tour d\u2019horizon des principales infos de toutes les r\u00e9gions.\n    <\/p>\n<p>    France T\u00e9l\u00e9visions utilise votre adresse e-mail afin de vous envoyer la newsletter \u00ab\u00a0L\u2019actu des r\u00e9gions\u00a0\u00bb. Vous pouvez vous d\u00e9sinscrire \u00e0 tout moment via le lien en bas de cette newsletter. <a target=\"_blank\" href=\"https:\/\/www.francetelevisions.fr\/groupe\/confidentialite\/politique-de-confidentialite\/politique-de-confidentialite-de-france-televisions-6503\" rel=\"noopener\">Notre politique de confidentialit\u00e9<\/a><\/p>\n<p>Jean-Pierre Berger n&rsquo;\u00e9tait pas le candidat de la majorit\u00e9 municipale pour assurer la succession de Ga\u00ebl Perdriau jusqu&rsquo;aux prochaines \u00e9lections municipales, en mars 2026. Lundi dernier, un vote des \u00e9lus de la majorit\u00e9 municipale de Saint-\u00c9tienne avait pourtant d\u00e9sign\u00e9<strong> Marc Chassaub\u00e9n\u00e9,<\/strong> adjoint charg\u00e9 de la culture, pour \u00eatre le candidat de la majorit\u00e9. Un r\u00e9sultat serr\u00e9 : Marc Chassaub\u00e9n\u00e9 ayant re\u00e7u 17 voix et Jean-Pierre Berger, 15 voix.  La majorit\u00e9 en a finalement d\u00e9cid\u00e9 autrement<\/p>\n<p>Dans un communiqu\u00e9, la Ville de Saint-\u00c9tienne a indiqu\u00e9 que Jean-Pierre Berger, premier adjoint charg\u00e9 de l&rsquo;int\u00e9rim, et Marc Chassaub\u00e9n\u00e9, adjoint \u00e0 la culture, avaient r\u00e9uni ce lundi 8 d\u00e9cembre, en fin d\u2019apr\u00e8s-midi, les \u00e9lus de la majorit\u00e9 municipale pour \u00ab\u00a0confirmer qu\u2019une solution constructive et raisonnable avait \u00e9t\u00e9 trouv\u00e9e\u00a0\u00bb. <strong>C&rsquo;est finalement Jean-Pierre Berger qui prend la rel\u00e8ve sur proposition de Marc Chassaub\u00e9n\u00e9.<\/strong><\/p>\n<p>\u00ab\u00a0Malgr\u00e9 ce vote, pour r\u00e9pondre \u00e0 un\u00a0souci d\u2019apaisement, d\u2019unit\u00e9, de dialogue, de coh\u00e9sion, et dans l\u2019int\u00e9r\u00eat de la ville de Saint-\u00c9tienne et de la vie municipale, Marc Chassaub\u00e9n\u00e9 a propos\u00e9 \u00e0 Jean-Pierre Berger qu\u2019il soit le candidat de la majorit\u00e9 municipale \u00e0 la fonction de maire, jeudi prochain au conseil municipal de Saint-\u00c9tienne\u00a0\u00bb, indique le communiqu\u00e9 de la ville.<\/p>\n<p>\u00ab\u00a0Il est venu me voir en me disant : on arr\u00eate tout \u00e7a, \u00e7a risque de mal se terminer. On ne pourra plus travailler sereinement. Il faut apaiser tout cela. Si tu veux, tu prends le flambeau. Je lui ai dit\u00a0: Je prends le flambeau et je te propose le poste de premier adjoint\u00a0\u00bb, a confirm\u00e9 Jean-Pierre Berger. <\/p>\n<p>    dur\u00e9e de la vid\u00e9o : 00h01mn30s<\/p>\n<p>        <img decoding=\"async\" width=\"640\" height=\"426\" class=\"article-image not-lazy\" src=\"https:\/\/www.europesays.com\/fr\/wp-content\/uploads\/2025\/12\/7d6c5f6c-5bb4-4d78-86a2-28a0780fb2f4.jpg\" alt=\"\" fetchpriority=\"high\"\/><\/p>\n<p>              Voir la video\u00a0(1 minutes 30 secondes).\u00a0<br \/>\n                  1 min 30 s<\/p>\n<p>\n          Apr\u00e8s avoir d\u00e9sign\u00e9 Marc Chassaub\u00e9n\u00e9, c\u2019est finalement le premier adjoint, Jean-Pierre Berger, qui sera candidat \u00e0 la succession de Ga\u00ebl Perdriau.<\/p>\n<p>        \u2022<\/p>\n<p>              \u00a9France tv\n      <\/p>\n<p>Ce poste, Jean-Pierre Berger ne l&rsquo;assurera que pour trois mois. Il ne sera pas candidat en mars 2026. De son c\u00f4t\u00e9, Marc Chassaub\u00e9n\u00e9 ne souhaite pas se prononcer. \u00ab\u00a0Je ne souhaite pas me prononcer aujourd&rsquo;hui comme candidat ou comme candidat de la majorit\u00e9. Parce que c&rsquo;est un double message qui n&rsquo;est pas sain. Nous avons fait le choix avec Jean-Pierre Berger nous positionner pour ce conseil municipal comme une majorit\u00e9 unie\u00a0\u00bb, explique-t-il. <\/p>\n<p><strong>La date d&rsquo;\u00e9lection du nouveau maire de Saint-\u00c9tienne aura lieu ce jeudi 11 d\u00e9cembre, \u00e0 14h30. Jean-Pierre Berger pr\u00e9sentera une liste\u00a0d\u2019adjoints. Le conseil municipal qui suivra aura lieu le 19 d\u00e9cembre.<\/strong><\/p>\n","protected":false},"excerpt":{"rendered":"C\u2019est finalement le premier adjoint, Jean-Pierre Berger, qui sera candidat \u00e0 la succession de Ga\u00ebl Perdriau \u00e0 la&hellip;\n","protected":false},"author":2,"featured_media":589189,"comment_status":"","ping_status":"","sticky":false,"template":"","format":"standard","meta":{"footnotes":""},"categories":[9653],"tags":[1111,11,2430,1777,674,1011,27,12,25,4001],"class_list":{"0":"post-589188","1":"post","2":"type-post","3":"status-publish","4":"format-standard","5":"has-post-thumbnail","7":"category-saint-etienne","8":"tag-actu","9":"tag-actualites","10":"tag-auvergne-rhone-alpes","11":"tag-eu","12":"tag-europe","13":"tag-fr","14":"tag-france","15":"tag-news","16":"tag-republique-francaise","17":"tag-saint-etienne"},"share_on_mastodon":{"url":"https:\/\/pubeurope.com\/@fr\/115691528955903626","error":""},"_links":{"self":[{"href":"https:\/\/www.europesays.com\/fr\/wp-json\/wp\/v2\/posts\/589188","targetHints":{"allow":["GET"]}}],"collection":[{"href":"https:\/\/www.europesays.com\/fr\/wp-json\/wp\/v2\/posts"}],"about":[{"href":"https:\/\/www.europesays.com\/fr\/wp-json\/wp\/v2\/types\/post"}],"author":[{"embeddable":true,"href":"https:\/\/www.europesays.com\/fr\/wp-json\/wp\/v2\/users\/2"}],"replies":[{"embeddable":true,"href":"https:\/\/www.europesays.com\/fr\/wp-json\/wp\/v2\/comments?post=589188"}],"version-history":[{"count":0,"href":"https:\/\/www.europesays.com\/fr\/wp-json\/wp\/v2\/posts\/589188\/revisions"}],"wp:featuredmedia":[{"embeddable":true,"href":"https:\/\/www.europesays.com\/fr\/wp-json\/wp\/v2\/media\/589189"}],"wp:attachment":[{"href":"https:\/\/www.europesays.com\/fr\/wp-json\/wp\/v2\/media?parent=589188"}],"wp:term":[{"taxonomy":"category","embeddable":true,"href":"https:\/\/www.europesays.com\/fr\/wp-json\/wp\/v2\/categories?post=589188"},{"taxonomy":"post_tag","embeddable":true,"href":"https:\/\/www.europesays.com\/fr\/wp-json\/wp\/v2\/tags?post=589188"}],"curies":[{"name":"wp","href":"https:\/\/api.w.org\/{rel}","templated":true}]}}