{"id":589192,"date":"2025-12-09T20:38:22","date_gmt":"2025-12-09T20:38:22","guid":{"rendered":"https:\/\/www.europesays.com\/fr\/589192\/"},"modified":"2025-12-09T20:38:22","modified_gmt":"2025-12-09T20:38:22","slug":"volley-vandoeuvre-nancy-face-a-une-equipe-de-cannes-revancharde","status":"publish","type":"post","link":"https:\/\/www.europesays.com\/fr\/589192\/","title":{"rendered":"Volley. Vandoeuvre Nancy face \u00e0 une \u00e9quipe de Cannes revancharde"},"content":{"rendered":"<p>VNVB -Cannes<\/p>\n<p>Ce mercredi \u00e0 20 h<\/p>\n<p>Depuis la d\u00e9faite \u00e0 Terville-Florange (3-2), le VNVB surfe \u00e0 nouveau sur une dynamique positive. En l\u2019espace d\u2019une dizaine de jours, les co\u00e9quipi\u00e8res d\u2019Ajla Paradzik ont domin\u00e9 \u00c9vreux (3-1), se sont qualifi\u00e9es pour les 8es de finale de la CEV Cup sur le terrain de Lisbonne (2-3), puis ont gagn\u00e9 \u00e0 Bordeaux (3-1). Toujours priv\u00e9e de Pimpichaya kokram (retenue en s\u00e9lection tha\u00eflandaise), l\u2019\u00e9quipe de Nicola Vettori encha\u00eene avec la r\u00e9ception de Cannes, ce mercredi (20h), au parc des sports.<\/p>\n<p>L\u2019occasion de croiser l\u2019Am\u00e9ricaine Breana Runnels, qui a fait les beaux jours du VNVB la saison derni\u00e8re et qui constitue un duo de choc sur le plan offensif avec sa compatriote Lauren Matthews (2e marqueuse du championnat). Une formation cannoise sans doute revancharde, apr\u00e8s sa d\u00e9faite dans le derby, au\u00a0Cannet (3-0).<\/p>\n<p class=\"note\"><strong>Les \u00e9quipes<br \/><\/strong><strong>VNVB\u00a0:<\/strong> 1. Paradzik, 3. Ratahiry, 4. Le Galloudec, 5. Karakasi, 7. Wolowicz, 8. Philo, 9. Topete, 10. De Zwart, 11. Robinson, 14. Agnese, 17. Lehto, 19. Honor\u00e9, 44. Bennour. Ent.\u00a0: N.\u00a0Vettori. <br \/><strong>Cannes\u00a0:<\/strong> 2. Ngolongolo, 3. Morrissette, 4. Populini, 5. Matthews, 6. Runnels, 7. Rovira, 8. Ratahiry, 10. Vicet-Campos, 11. Massuel, 14. Rolando, 15. Randrianantenaina, 19. Mdivani, 20. Baker, 66. Ghibaudo. Ent.\u00a0: R.\u00a0Marchesi.<\/p>\n","protected":false},"excerpt":{"rendered":"VNVB -Cannes Ce mercredi \u00e0 20 h Depuis la d\u00e9faite \u00e0 Terville-Florange (3-2), le VNVB surfe \u00e0 nouveau&hellip;\n","protected":false},"author":2,"featured_media":589193,"comment_status":"","ping_status":"","sticky":false,"template":"","format":"standard","meta":{"footnotes":""},"categories":[9635],"tags":[1111,11,1704,1777,674,1011,27,775,6364,1702,12,25,517,1700,5711,1750,1632],"class_list":{"0":"post-589192","1":"post","2":"type-post","3":"status-publish","4":"format-standard","5":"has-post-thumbnail","7":"category-nancy","8":"tag-actu","9":"tag-actualites","10":"tag-edition-nancy-et-agglomeration","11":"tag-eu","12":"tag-europe","13":"tag-fr","14":"tag-france","15":"tag-grand-est","16":"tag-metropole-du-grand-nancy-54b1","17":"tag-nancy","18":"tag-news","19":"tag-republique-francaise","20":"tag-sport","21":"tag-sport-lorrain","22":"tag-vandoeuvre-les-nancy","23":"tag-vnvb","24":"tag-volley-ball"},"share_on_mastodon":{"url":"https:\/\/pubeurope.com\/@fr\/115691539939905358","error":""},"_links":{"self":[{"href":"https:\/\/www.europesays.com\/fr\/wp-json\/wp\/v2\/posts\/589192","targetHints":{"allow":["GET"]}}],"collection":[{"href":"https:\/\/www.europesays.com\/fr\/wp-json\/wp\/v2\/posts"}],"about":[{"href":"https:\/\/www.europesays.com\/fr\/wp-json\/wp\/v2\/types\/post"}],"author":[{"embeddable":true,"href":"https:\/\/www.europesays.com\/fr\/wp-json\/wp\/v2\/users\/2"}],"replies":[{"embeddable":true,"href":"https:\/\/www.europesays.com\/fr\/wp-json\/wp\/v2\/comments?post=589192"}],"version-history":[{"count":0,"href":"https:\/\/www.europesays.com\/fr\/wp-json\/wp\/v2\/posts\/589192\/revisions"}],"wp:featuredmedia":[{"embeddable":true,"href":"https:\/\/www.europesays.com\/fr\/wp-json\/wp\/v2\/media\/589193"}],"wp:attachment":[{"href":"https:\/\/www.europesays.com\/fr\/wp-json\/wp\/v2\/media?parent=589192"}],"wp:term":[{"taxonomy":"category","embeddable":true,"href":"https:\/\/www.europesays.com\/fr\/wp-json\/wp\/v2\/categories?post=589192"},{"taxonomy":"post_tag","embeddable":true,"href":"https:\/\/www.europesays.com\/fr\/wp-json\/wp\/v2\/tags?post=589192"}],"curies":[{"name":"wp","href":"https:\/\/api.w.org\/{rel}","templated":true}]}}