{"id":589197,"date":"2025-12-09T20:41:25","date_gmt":"2025-12-09T20:41:25","guid":{"rendered":"https:\/\/www.europesays.com\/fr\/589197\/"},"modified":"2025-12-09T20:41:25","modified_gmt":"2025-12-09T20:41:25","slug":"votre-mauvaise-foi-est-ahurissante-comme-un-parfum-de-municipales-pour-le-dernier-conseil-de-metropole-avant-2026","status":"publish","type":"post","link":"https:\/\/www.europesays.com\/fr\/589197\/","title":{"rendered":"\u00ab\u00a0Votre mauvaise foi est ahurissante\u00a0\u00bb\u00a0: comme un parfum de municipales pour le dernier conseil de M\u00e9tropole avant 2026"},"content":{"rendered":"<p>\n                                                                Le dernier conseil de M\u00e9tropole avant 2026 s\u2019est tenu ce mardi 9\u00a0d\u00e9cembre dans une ambiance tr\u00e8s politique, marqu\u00e9e par de vifs \u00e9changes entre majorit\u00e9 et opposition de Montpellier, au regret de certains maires, dont certains assistaient \u00e0 leur derni\u00e8re s\u00e9ance.\n                            <\/p>\n<p>Comme on pouvait s\u2019y attendre, l\u2019ultime conseil de M\u00e9tropole avant les \u00e9lections municipales de mars\u00a02026, r\u00e9uni ce mardi 9\u00a0d\u00e9cembre, avait d\u00e9j\u00e0 des allures de pr\u00e9-campagne. Une situation que l\u2019\u00e9lu de Lattes Bernard Modot a d\u2019ailleurs regrett\u00e9e avec une pointe d\u2019ironie\u00a0: \u00ab\u00a0Je veux bien qu\u2019on ait la campagne de Montpellier depuis le d\u00e9but de ce conseil, c\u2019est bon, on a pris acte\u2026\u00a0\u00bb, a-t-il lanc\u00e9 en s\u00e9ance.<\/p>\n<p>Pendant pr\u00e8s de trois heures, les \u00e9lus d\u2019opposition au maire de Montpellier et pr\u00e9sident de la M\u00e9tropole Micha\u00ebl Delafosse ont profit\u00e9 de nombreuses d\u00e9lib\u00e9rations pour dresser un r\u00e9quisitoire en r\u00e8gle contre son action. Une succession d\u2019attaques qui a parfois agac\u00e9 le pr\u00e9sident de la M\u00e9tropole, visiblement lass\u00e9, se prenant la t\u00eate entre les mains \u00e0 plusieurs reprises durant les interventions de ses d\u00e9tracteurs.<\/p>\n<p>Une opposition tr\u00e8s offensive<\/p>\n<p>Dans un h\u00e9micycle aux rangs clairsem\u00e9s, les \u00e9cologistes qui ont quitt\u00e9 la majorit\u00e9 en cours de mandat\u00a0et le groupe des Citoyens, repr\u00e9sent\u00e9 notamment par Alenka Doulain, ont multipli\u00e9 les prises de parole. Chacun est venu dresser son bilan critique de la politique m\u00e9tropolitaine.<\/p>\n<p>Qualit\u00e9 de l\u2019air, traitement des d\u00e9chets, transports publics, \u00ab\u00a0d\u00e9gradation\u00a0\u00bb\u00a0des mobilit\u00e9s, insuffisance du dispositif du permis de louer\u2026 Les griefs se sont accumul\u00e9s. C\u00e9lia Serrano a m\u00eame d\u00e9nonc\u00e9 \u00ab\u00a0l\u2019abandon pur et simple du Domaine d\u2019O et du Printemps des Com\u00e9diens\u00a0\u00bb.<\/p>\n<p>Sur certains dossiers sensibles, les vice-pr\u00e9sidents sont \u00e9galement mont\u00e9s au cr\u00e9neau, \u00e0 l\u2019image du maire de Grabels, Ren\u00e9 Revol, lors du d\u00e9bat sur la convention d\u2019utilisation de l\u2019usine d\u2019incin\u00e9ration de S\u00e8te\u00a0: \u00ab\u00a0Je veux rester sur les faits, car je ne veux pas m\u2019immiscer dans les municipales de Montpellier\u00a0\u00bb, a-t-il pris soin de pr\u00e9ciser.<\/p>\n<p>La Paillade au c\u0153ur des \u00e9changes<\/p>\n<p>Sur le projet de cr\u00e9ation de la nouvelle m\u00e9diath\u00e8que Jean-Jacques-Rousseau \u00e0 La Paillade, c\u2019est directement Micha\u00ebl Delafosse qui a d\u00e9fendu son bilan. Un dossier qui a donn\u00e9 lieu \u00e0 un \u00e9change particuli\u00e8rement tendu avec Alenka Doulain. L\u2019\u00e9lue d\u2019opposition a d\u00e9nonc\u00e9 la situation d\u2019un quartier \u00ab\u00a0soi-disant prioritaire\u00a0\u00bb, pass\u00e9 selon elle l\u2019\u00e9t\u00e9 \u00ab\u00a0sans m\u00e9diath\u00e8que, sans piscine, sans lac\u2026 accompagn\u00e9 du silence de votre majorit\u00e9\u00a0\u00bb. Elle \u00e9voque un secteur qui concentrerait \u00ab\u00a0tous vos \u00e9checs, qu\u2019il s\u2019agisse du projet de stade ou du transfert avort\u00e9 de la clinique\u00a0\u00bb.<\/p>\n<p>Piqu\u00e9 au vif, le pr\u00e9sident de la M\u00e9tropole a r\u00e9pliqu\u00e9\u00a0: \u00ab\u00a0Je trouve beaucoup de m\u00e9pris dans vos propos, notamment pour les agents qui ont assur\u00e9 une continuit\u00e9 du service public avec la m\u00e9diath\u00e8que hors les murs.\u00a0\u00bb<\/p>\n<p>\u00ab\u00a0Montpellier a de la chance de vous avoir\u00a0\u00bb<\/p>\n<p>Attaqu\u00e9 sur plusieurs fronts, Micha\u00ebl Delafosse a \u00e9galement r\u00e9pondu \u00e0 des reproches qui n\u2019avaient pas \u00e9t\u00e9 formul\u00e9s directement en s\u00e9ance, notamment sur l\u2019organisation de la Journ\u00e9e de la la\u00efcit\u00e9. \u00ab\u00a0En particulier d\u2019avoir invit\u00e9 Henri Pe\u00f1a-Ruiz, l\u2019historien Patrick Weil et l\u2019avocat de Charlie Hebdo, Me Richard Malka. Je trouve que vos propos et vos sous-entendus \u00e0 leur endroit \u00e9taient absolument inadmissibles\u00a0\u00bb, a-t-il tacl\u00e9. Une sortie qui a cette fois agac\u00e9 les \u00e9lus concern\u00e9s\u2026<\/p>\n<p>M\u00eame tonalit\u00e9 sur la question des transports. \u00c0 Alenka Doulain, qui \u00e9voquait \u00ab\u00a0l\u2019\u00e9chec de votre politique de l\u2019alternative \u00e0 la voiture\u00a0\u00bb\u00a0et \u00ab\u00a0le m\u00e9pris du rail\u00a0\u00bb, le maire de Montpellier a r\u00e9pondu en rappelant l\u2019inauguration pr\u00e9vue le 20\u00a0d\u00e9cembre prochain\u00a0: \u00ab\u00a0La mise en service du rail de la ligne 5 du tramway.\u00a0\u00bb Et de noter \u00ab\u00a0une mauvaise foi ahurissante\u00a0\u00bb. Des \u00e9changes qui ont alert\u00e9 le maire de Beaulieu, Arnaud Moynier, qui a dit toute son admiration au maire de Montpellier \u00ab\u00a0face \u00e0 tous les noms d\u2019oiseau dont on vous affuble\u00a0\u00bb dans \u00ab\u00a0une assembl\u00e9e aussi apais\u00e9e\u00a0\u00bb. Et loue \u00ab\u00a0l\u2019honn\u00eatet\u00e9 intellectuelle\u00a0\u00bb de Micha\u00ebl Delafosse avant de conclure\u00a0: \u00ab\u00a0Vous n\u2019allez pas faire de moi un socialiste, mais Montpellier a de la chance de vous avoir\u00a0\u00bb.<\/p>\n<p>Il n\u2019emp\u00eache qu\u2019\u00e0 trois mois des \u00e9lections municipales, le ton est donn\u00e9\u00a0: la campagne est bel et bien lanc\u00e9e.<\/p>\n<p>    Clap de fin pour six maires<\/p>\n<p>Le dernier conseil de M\u00e9tropole est synonyme d\u2019au revoir pour certains maires qui ont fait le choix de ne pas se repr\u00e9senter. C\u2019\u00e9tait le cas pour six d\u2019entre eux\u00a0: Isabelle Touzard (Murviel-l\u00e8s-Montpellier), Arnaud Moynier (Beaulieu), Claudine Vassas-Mejri (Castries), Eliane Lloret (Sussargues), R\u00e9gine Illlaire (Cournonsec) et\u00a0Brigitte Devoisselle (Montferrier-sur-Lez). En fin d\u2019assembl\u00e9e, Micha\u00ebl Delafosse a tenu \u00e0 leur rendre hommage\u00a0: \u00ab\u00a0Chaque fois que j\u2019ai eu le privil\u00e8ge de venir dans vos communes et d\u2019\u00e9changer \u00e0 vos c\u00f4t\u00e9s, on a senti une chose\u00a0: la passion de vos administr\u00e9s et de faire que vos communes puissent aller de l\u2019avant.\u00a0\u00bb<\/p>\n","protected":false},"excerpt":{"rendered":"Le dernier conseil de M\u00e9tropole avant 2026 s\u2019est tenu ce mardi 9\u00a0d\u00e9cembre dans une ambiance tr\u00e8s politique, marqu\u00e9e&hellip;\n","protected":false},"author":2,"featured_media":589198,"comment_status":"","ping_status":"","sticky":false,"template":"","format":"standard","meta":{"footnotes":""},"categories":[9599],"tags":[1111,11,5949,1777,674,1011,27,7089,2208,3434,12,2680,316,25],"class_list":{"0":"post-589197","1":"post","2":"type-post","3":"status-publish","4":"format-standard","5":"has-post-thumbnail","7":"category-montpellier","8":"tag-actu","9":"tag-actualites","10":"tag-elections","11":"tag-eu","12":"tag-europe","13":"tag-fr","14":"tag-france","15":"tag-herault","16":"tag-montpellier","17":"tag-municipales-2026","18":"tag-news","19":"tag-occitanie","20":"tag-politique","21":"tag-republique-francaise"},"share_on_mastodon":{"url":"https:\/\/pubeurope.com\/@fr\/115691551774895303","error":""},"_links":{"self":[{"href":"https:\/\/www.europesays.com\/fr\/wp-json\/wp\/v2\/posts\/589197","targetHints":{"allow":["GET"]}}],"collection":[{"href":"https:\/\/www.europesays.com\/fr\/wp-json\/wp\/v2\/posts"}],"about":[{"href":"https:\/\/www.europesays.com\/fr\/wp-json\/wp\/v2\/types\/post"}],"author":[{"embeddable":true,"href":"https:\/\/www.europesays.com\/fr\/wp-json\/wp\/v2\/users\/2"}],"replies":[{"embeddable":true,"href":"https:\/\/www.europesays.com\/fr\/wp-json\/wp\/v2\/comments?post=589197"}],"version-history":[{"count":0,"href":"https:\/\/www.europesays.com\/fr\/wp-json\/wp\/v2\/posts\/589197\/revisions"}],"wp:featuredmedia":[{"embeddable":true,"href":"https:\/\/www.europesays.com\/fr\/wp-json\/wp\/v2\/media\/589198"}],"wp:attachment":[{"href":"https:\/\/www.europesays.com\/fr\/wp-json\/wp\/v2\/media?parent=589197"}],"wp:term":[{"taxonomy":"category","embeddable":true,"href":"https:\/\/www.europesays.com\/fr\/wp-json\/wp\/v2\/categories?post=589197"},{"taxonomy":"post_tag","embeddable":true,"href":"https:\/\/www.europesays.com\/fr\/wp-json\/wp\/v2\/tags?post=589197"}],"curies":[{"name":"wp","href":"https:\/\/api.w.org\/{rel}","templated":true}]}}