{"id":589207,"date":"2025-12-09T20:46:23","date_gmt":"2025-12-09T20:46:23","guid":{"rendered":"https:\/\/www.europesays.com\/fr\/589207\/"},"modified":"2025-12-09T20:46:23","modified_gmt":"2025-12-09T20:46:23","slug":"la-ville-de-grenoble-lance-la-procedure-devacuation-de-la-bobine","status":"publish","type":"post","link":"https:\/\/www.europesays.com\/fr\/589207\/","title":{"rendered":"La Ville de Grenoble lance la proc\u00e9dure d\u2019\u00e9vacuation de La Bobine"},"content":{"rendered":"<p>La <a href=\"https:\/\/www.grenoble.fr\/\" target=\"_blank\" rel=\"noopener\">Ville de Grenoble<\/a> a d\u00e9cid\u00e9 de dur\u00adcir le ton concer\u00adnant l\u2019ex-espace cultu\u00adrel de La Bobine <a href=\"https:\/\/www.placegrenet.fr\/2025\/06\/11\/grenoble-clap-de-fin-pour-lespace-culturel-la-bobine-apres-25-ans-dexistence-et-des-mois-de-difficultes-financieres\/653741\" target=\"_blank\" rel=\"noopener\">qui a ferm\u00e9 ses portes<\/a> en juin et est occup\u00e9 par des acti\u00advistes et des mili\u00adtants depuis le 18\u00a0sep\u00adtembre 2025. Apr\u00e8s avoir \u00ab\u00a0ins\u00adtam\u00adment\u00a0\u00bb pri\u00e9 les occu\u00adpants <a href=\"https:\/\/www.placegrenet.fr\/2025\/11\/13\/squatt-de-la-bobine-la-ville-de-grenoble-demande-instamment-aux-occupants-de-quitter-les-lieux\/664277\" target=\"_blank\" rel=\"noopener\">de quit\u00adter les lieux<\/a> cou\u00adrant octobre, la muni\u00adci\u00adpa\u00adlit\u00e9 a ainsi offi\u00adciel\u00adle\u00adment lanc\u00e9, lundi 8 d\u00e9cembre, la pro\u00adc\u00e9\u00addure d\u2019\u00e9vacuation de La Bobine, ce sous 48 heures.<\/p>\n<p>C\u2019est ce qu\u2019elle a annonc\u00e9, le len\u00adde\u00admain, dans un point de situa\u00adtion, apr\u00e8s des mois de dia\u00adlogue infruc\u00adtueux avec les occu\u00adpants de ce b\u00e2ti\u00adment lui appar\u00adte\u00adnant, situ\u00e9 au c\u0153ur du parc Paul-Mistral. La Ville rap\u00adpelle par ailleurs que plu\u00adsieurs <a href=\"https:\/\/www.placegrenet.fr\/2025\/10\/17\/la-ville-de-grenoble-propose-aux-occupants-de-la-bobine-de-demenager-dans-la-salle-rouge\/662536\" target=\"_blank\" rel=\"noopener\">pro\u00adpo\u00adsi\u00adtions alter\u00adna\u00adtives<\/a> avaient \u00e9t\u00e9 faites d\u00e8s sep\u00adtembre pour per\u00admettre aux occu\u00adpants de pour\u00adsuivre leurs acti\u00advi\u00adt\u00e9s dans un autre b\u00e2ti\u00adment muni\u00adci\u00adpal, ce \u00ab\u00a0sans qu\u2019au\u00adcune ne soient jamais accep\u00adt\u00e9e par les occu\u00adpant-es\u00a0\u00bb, d\u00e9plore-t-elle.<\/p>\n<p><a href=\"https:\/\/www.europesays.com\/fr\/wp-content\/uploads\/2025\/12\/la-bobine-grenoble-autogeree03-credit-muriel-beaudoing-placegrenet.png\"><img fetchpriority=\"high\" decoding=\"async\" aria-describedby=\"caption-attachment-664012\" class=\"wp-image-664012 size-full\" src=\"data:image\/svg+xml,%3Csvg%20xmlns=\" http:=\"\" alt=\"Soir\u00e9e &quot;Cabaret des luttes&quot; devant La Bobine \u00e0 Grenoble, occup\u00e9e par des militants, le 2 octobre 2025. \u00a9 Muriel Beaudoing - Placegrenet.fr\" width=\"1066\" height=\"721\" data-lazy- data-lazy- data-lazy-src=\"https:\/\/www.europesays.com\/fr\/wp-content\/uploads\/2025\/12\/la-bobine-grenoble-autogeree03-credit-muriel-beaudoing-placegrenet.png\"\/><\/a><\/p>\n<p id=\"caption-attachment-664012\" class=\"wp-caption-text\">Soir\u00e9e \u00ab\u00a0Cabaret des luttes\u00a0\u00bb devant La Bobine \u00e0 Grenoble, occu\u00adp\u00e9e par des mili\u00adtants, le 2 octobre 2025. \u00a9 Muriel Beaudoing \u2013 Placegrenet\u200b.fr<\/p>\n<p>Cette d\u00e9ci\u00adsion muni\u00adci\u00adpale inter\u00advient dans un contexte d\u00e9j\u00e0 tendu, mar\u00adqu\u00e9 par l\u2019abandon, en novembre, <a href=\"https:\/\/www.placegrenet.fr\/2025\/11\/07\/a-grenoble-les-repreneurs-designes-de-la-bobine-jettent-leponge-sur-fond-doccupation-illegale-du-site\/663938\" target=\"_blank\" rel=\"noopener\">du pro\u00adjet de reprise<\/a> ini\u00adtia\u00adle\u00adment port\u00e9 par un col\u00adlec\u00adtif cultu\u00adrel qui avait pr\u00e9\u00adf\u00e9r\u00e9 jeter l\u2019\u00e9ponge.<\/p>\n<p>Pour jus\u00adti\u00adfier sa posi\u00adtion, la muni\u00adci\u00adpa\u00adlit\u00e9 estime que d\u00e9sor\u00admais les condi\u00adtions d\u2019occupation des lieux, qu\u2019elle juge for\u00adte\u00adment d\u00e9gra\u00add\u00e9s, \u00ab\u00a0ne per\u00admettent plus de garan\u00adtir la s\u00e9cu\u00adrit\u00e9 des per\u00adsonnes et des biens\u00a0\u00bb. Elle va m\u00eame plus loin. Pour elle, \u00ab\u00a0tous les \u00e9l\u00e9\u00adments sont r\u00e9unis pour qu\u2019un drame se pro\u00adduise\u00a0\u00bb, du fait de l\u2019oc\u00adcu\u00adpa\u00adtion ill\u00e9\u00adgale actuelle.<\/p>\n","protected":false},"excerpt":{"rendered":"La Ville de Grenoble a d\u00e9cid\u00e9 de dur\u00adcir le ton concer\u00adnant l\u2019ex-espace cultu\u00adrel de La Bobine qui a&hellip;\n","protected":false},"author":2,"featured_media":589208,"comment_status":"","ping_status":"","sticky":false,"template":"","format":"standard","meta":{"footnotes":""},"categories":[9566],"tags":[1111,11,2430,1777,674,1011,27,2731,12,25],"class_list":{"0":"post-589207","1":"post","2":"type-post","3":"status-publish","4":"format-standard","5":"has-post-thumbnail","7":"category-grenoble","8":"tag-actu","9":"tag-actualites","10":"tag-auvergne-rhone-alpes","11":"tag-eu","12":"tag-europe","13":"tag-fr","14":"tag-france","15":"tag-grenoble","16":"tag-news","17":"tag-republique-francaise"},"share_on_mastodon":{"url":"https:\/\/pubeurope.com\/@fr\/115691571547327090","error":""},"_links":{"self":[{"href":"https:\/\/www.europesays.com\/fr\/wp-json\/wp\/v2\/posts\/589207","targetHints":{"allow":["GET"]}}],"collection":[{"href":"https:\/\/www.europesays.com\/fr\/wp-json\/wp\/v2\/posts"}],"about":[{"href":"https:\/\/www.europesays.com\/fr\/wp-json\/wp\/v2\/types\/post"}],"author":[{"embeddable":true,"href":"https:\/\/www.europesays.com\/fr\/wp-json\/wp\/v2\/users\/2"}],"replies":[{"embeddable":true,"href":"https:\/\/www.europesays.com\/fr\/wp-json\/wp\/v2\/comments?post=589207"}],"version-history":[{"count":0,"href":"https:\/\/www.europesays.com\/fr\/wp-json\/wp\/v2\/posts\/589207\/revisions"}],"wp:featuredmedia":[{"embeddable":true,"href":"https:\/\/www.europesays.com\/fr\/wp-json\/wp\/v2\/media\/589208"}],"wp:attachment":[{"href":"https:\/\/www.europesays.com\/fr\/wp-json\/wp\/v2\/media?parent=589207"}],"wp:term":[{"taxonomy":"category","embeddable":true,"href":"https:\/\/www.europesays.com\/fr\/wp-json\/wp\/v2\/categories?post=589207"},{"taxonomy":"post_tag","embeddable":true,"href":"https:\/\/www.europesays.com\/fr\/wp-json\/wp\/v2\/tags?post=589207"}],"curies":[{"name":"wp","href":"https:\/\/api.w.org\/{rel}","templated":true}]}}