{"id":589209,"date":"2025-12-09T20:47:22","date_gmt":"2025-12-09T20:47:22","guid":{"rendered":"https:\/\/www.europesays.com\/fr\/589209\/"},"modified":"2025-12-09T20:47:22","modified_gmt":"2025-12-09T20:47:22","slug":"ils-ont-le-sentiment-davoir-ete-pris-pour-cibles-lavocat-des-parents-accuses-davoir-menace-un-enseignant-de-rennes-monte-au-creneau","status":"publish","type":"post","link":"https:\/\/www.europesays.com\/fr\/589209\/","title":{"rendered":"\u00ab\u00a0Ils ont le sentiment d\u2019avoir \u00e9t\u00e9 pris pour cibles\u00a0\u00bb\u00a0: l\u2019avocat des parents accus\u00e9s d\u2019avoir menac\u00e9 un enseignant de Rennes monte au cr\u00e9neau"},"content":{"rendered":"<p>La pol\u00e9mique a pris une ampleur nationale, jusqu\u2019\u00e0 faire r\u00e9agir le ministre de l\u2019\u00c9ducation. Mais il avait fait le choix de ne pas s\u2019exprimer jusqu\u2019ici. L\u2019avocat Thierry Fillion, t\u00e9nor du barreau, prend la parole pour d\u00e9fendre des parents d\u2019\u00e9l\u00e8ves de l\u2019\u00e9cole maternelle des Cl\u00f4teaux, \u00e0 Rennes. Lesquels se sont retrouv\u00e9s au c\u0153ur d\u2019une temp\u00eate m\u00e9diatique apr\u00e8s une altercation avec l\u2019instituteur de leur fille, \u00e9galement directeur de l\u2019\u00e9tablissement.<\/p>\n<p>Le 14 octobre, l\u2019enseignant a d\u00e9pos\u00e9 plainte pour menace de mort et outrage sexiste. Quelques jours avant, il aurait \u00e9t\u00e9 vis\u00e9 par des propos violents de la part du p\u00e8re. De sources syndicales, confirm\u00e9es par le rectorat, <a href=\"https:\/\/www.letelegramme.fr\/ille-et-vilaine\/rennes-35000\/les-parents-ne-veulent-pas-dun-homme-pour-enseigner-a-leur-fille-apres-des-menaces-contre-le-directeur-cette-ecole-de-rennes-se-met-en-greve-6931731.php\" target=\"_blank\" rel=\"noopener\">ce dernier aurait r\u00e9clam\u00e9 que l\u2019enfant change de classe afin qu\u2019elle ne soit plus encadr\u00e9e par un homme<\/a>. Depuis, le professeur est en arr\u00eat maladie et a re\u00e7u le soutien de ses coll\u00e8gues, qui demandent un transfert de la petite dans une autre \u00e9cole. Apr\u00e8s une premi\u00e8re journ\u00e9e de gr\u00e8ve le 21 novembre, un nouveau pr\u00e9avis a \u00e9t\u00e9 d\u00e9pos\u00e9 pour ce jeudi 11 d\u00e9cembre.<\/p>\n<p>\u00ab Des propos d\u00e9sagr\u00e9ables \u00bb mais pas \u00ab de menace de mort \u00bb, selon l\u2019avocat<\/p>\n<p>Une pr\u00e9sentation des faits contest\u00e9e par Me Thierry Fillon, qui a accompagn\u00e9 les parents lors de leur audition par la police. Ils ont \u00e9t\u00e9 entendus s\u00e9par\u00e9ment, les 27 novembre et 1er d\u00e9cembre. \u00ab Monsieur reconna\u00eet avoir \u00e9lev\u00e9 le ton et tenu des propos d\u00e9sagr\u00e9ables \u00e0 entendre. Les parents expliquent que le ton est mont\u00e9 de l\u2019autre c\u00f4t\u00e9 aussi. Des propos ont peut-\u00eatre d\u00e9pass\u00e9 leur pens\u00e9e mais ils r\u00e9futent toute menace de mort. \u00c0 la fin, la conversation s\u2019est calm\u00e9e et ils se sont serr\u00e9 la main \u00bb.<\/p>\n<p>L\u2019avocat bat aussi en br\u00e8che les raisons pr\u00eat\u00e9es au p\u00e8re. Plusieurs prises de parole syndicales ont en effet plac\u00e9 les faits sous le signe de l\u2019atteinte \u00e0 la la\u00efcit\u00e9. Mais l\u2019hypoth\u00e8se d\u2019un motif religieux a \u00e9t\u00e9 \u00e9cart\u00e9e, d\u2019apr\u00e8s les d\u00e9clarations du ministre de l\u2019\u00c9ducation. Ce que tient \u00e0 confirmer Thierry Fillion. \u00ab Les parents n\u2019entrent pas dans les pr\u00e9suppos\u00e9s que certains peuvent avoir sur les familles musulmanes. Ils ne sont pas pratiquants et sont n\u00e9s en France tous les deux. Aucun \u00e9l\u00e9ment ne laisse penser qu\u2019ils ne respectent pas la la\u00efcit\u00e9. \u00bb<\/p>\n<p>Plainte contre X pour incitation \u00e0 la haine raciale<\/p>\n<p>Thierry Fillion n\u2019entre pas dans le d\u00e9tail des causes de l\u2019altercation, aujourd\u2019hui au c\u0153ur de la proc\u00e9dure judiciaire. \u00ab En aucun cas, les parents ne refusent qu\u2019un homme enseigne \u00e0 leur fille, souligne-t-il. C\u2019est le cas avec l\u2019enseignant qui remplace le directeur, c\u2019\u00e9tait le cas l\u2019ann\u00e9e derni\u00e8re. Et cela n\u2019a pas pos\u00e9 de probl\u00e8me. \u00bb D\u2019apr\u00e8s les sources interrog\u00e9es par le T\u00e9l\u00e9gramme, les parents ont contest\u00e9 le fait que l\u2019enseignant accompagne la petite fille aux toilettes. \u00ab Une crainte injustifi\u00e9e \u00bb de l\u2019agression, avait indiqu\u00e9 le rectorat.<\/p>\n<p>Reste que ceux-ci \u00ab ont le sentiment d\u2019avoir \u00e9t\u00e9 pris pour cibles \u00bb, notamment sur les r\u00e9seaux sociaux o\u00f9 \u00ab des gens ont r\u00e9clam\u00e9 leur nom \u00bb, souligne Thierry Fillion. Ce lundi 8 d\u00e9cembre, la famille, via son avocat, a donc d\u00e9pos\u00e9 plainte contre X pour \u00ab incitation \u00e0 la haine raciale \u00bb. Le couple a par ailleurs re\u00e7u une lettre recommand\u00e9e <a href=\"https:\/\/www.letelegramme.fr\/ille-et-vilaine\/rennes-35000\/lengagement-a-ete-pris-a-rennes-apres-les-menaces-de-mort-contre-le-directeur-decole-les-parents-bientot-interdits-dacces-6941678.php\" target=\"_blank\" rel=\"noopener\">lui indiquant qu\u2019il n\u2019\u00e9tait plus autoris\u00e9 \u00e0 se rendre dans l\u2019\u00e9tablissement.<\/a> Trois enfants de la famille, au total, y sont scolaris\u00e9s. Une m\u00e9diation est en cours avec les services de l\u2019acad\u00e9mie pour trouver une sortie de crise. \u00ab C\u2019est tr\u00e8s violent, conclut l\u2019avocat. Ils sont aujourd\u2019hui d\u00e9sempar\u00e9s \u00bb.<\/p>\n","protected":false},"excerpt":{"rendered":"La pol\u00e9mique a pris une ampleur nationale, jusqu\u2019\u00e0 faire r\u00e9agir le ministre de l\u2019\u00c9ducation. Mais il avait fait&hellip;\n","protected":false},"author":2,"featured_media":589210,"comment_status":"","ping_status":"","sticky":false,"template":"","format":"standard","meta":{"footnotes":""},"categories":[2821],"tags":[1111,11,829,1057,765,1777,674,1011,27,848,12,584,25],"class_list":{"0":"post-589209","1":"post","2":"type-post","3":"status-publish","4":"format-standard","5":"has-post-thumbnail","7":"category-rennes","8":"tag-actu","9":"tag-actualites","10":"tag-bretagne","11":"tag-education","12":"tag-en-continu","13":"tag-eu","14":"tag-europe","15":"tag-fr","16":"tag-france","17":"tag-ille-et-vilaine","18":"tag-news","19":"tag-rennes","20":"tag-republique-francaise"},"share_on_mastodon":{"url":"https:\/\/pubeurope.com\/@fr\/115691575431425789","error":""},"_links":{"self":[{"href":"https:\/\/www.europesays.com\/fr\/wp-json\/wp\/v2\/posts\/589209","targetHints":{"allow":["GET"]}}],"collection":[{"href":"https:\/\/www.europesays.com\/fr\/wp-json\/wp\/v2\/posts"}],"about":[{"href":"https:\/\/www.europesays.com\/fr\/wp-json\/wp\/v2\/types\/post"}],"author":[{"embeddable":true,"href":"https:\/\/www.europesays.com\/fr\/wp-json\/wp\/v2\/users\/2"}],"replies":[{"embeddable":true,"href":"https:\/\/www.europesays.com\/fr\/wp-json\/wp\/v2\/comments?post=589209"}],"version-history":[{"count":0,"href":"https:\/\/www.europesays.com\/fr\/wp-json\/wp\/v2\/posts\/589209\/revisions"}],"wp:featuredmedia":[{"embeddable":true,"href":"https:\/\/www.europesays.com\/fr\/wp-json\/wp\/v2\/media\/589210"}],"wp:attachment":[{"href":"https:\/\/www.europesays.com\/fr\/wp-json\/wp\/v2\/media?parent=589209"}],"wp:term":[{"taxonomy":"category","embeddable":true,"href":"https:\/\/www.europesays.com\/fr\/wp-json\/wp\/v2\/categories?post=589209"},{"taxonomy":"post_tag","embeddable":true,"href":"https:\/\/www.europesays.com\/fr\/wp-json\/wp\/v2\/tags?post=589209"}],"curies":[{"name":"wp","href":"https:\/\/api.w.org\/{rel}","templated":true}]}}