{"id":589213,"date":"2025-12-09T20:49:17","date_gmt":"2025-12-09T20:49:17","guid":{"rendered":"https:\/\/www.europesays.com\/fr\/589213\/"},"modified":"2025-12-09T20:49:17","modified_gmt":"2025-12-09T20:49:17","slug":"manifestation-contre-les-desinscriptions-forcees","status":"publish","type":"post","link":"https:\/\/www.europesays.com\/fr\/589213\/","title":{"rendered":"manifestation contre les \u00ab\u00a0d\u00e9sinscriptions forc\u00e9es\u00a0\u00bb"},"content":{"rendered":"<p>C\u2019est une pomme de discorde tenace \u00e0 l\u2019Universit\u00e9 de Strasbourg\u00a0: les droits d\u2019inscriptions diff\u00e9renci\u00e9s auxquels sont soumis les non-Europ\u00e9ens. Un cadre r\u00e9glementaire national initi\u00e9 par la loi \u00ab\u00a0Bienvenue en France\u00a0\u00bb qui, pour ces derniers, fixe les frais d\u2019inscription \u00e0 2\u00a0770\u00a0euros en licence et 3\u00a0770\u00a0euros en master, contre respectivement 178\u00a0euros et 254\u00a0euros pour des \u00e9tudiants europ\u00e9ens.<\/p>\n<p>L\u2019Universit\u00e9 de Strasbourg proc\u00e8de \u00e0 certaines modalit\u00e9s d\u2019exon\u00e9ration, mais le seuil l\u00e9gal des 10\u00a0% ayant \u00e9t\u00e9 d\u00e9pass\u00e9, plusieurs \u00e9tudiants y restent assujettis. Selon l\u2019Universit\u00e9, sur quelque 8\u00a0000 \u00e9tudiants extracommunautaires, 388 sont concern\u00e9s par ces frais jug\u00e9s exorbitants par une vingtaine de syndicats, collectifs et organisations politiques qui appellent \u00e0 une manifestation devant le b\u00e2timent de pr\u00e9sidence de l\u2019Universit\u00e9 ce mercredi 10\u00a0d\u00e9cembre \u00e0 13\u00a0h.<\/p>\n<p>Mot d\u2019ordre\u00a0: \u00ab\u00a0s\u2019opposer aux\u00a0d\u00e9sinscriptions forc\u00e9es\u00a0\u00bb d\u2019\u00e9tudiants n\u2019ayant pu s\u2019acquitter de ces frais. \u00ab\u00a0Ces \u00e9tudiants voient leurs acc\u00e8s num\u00e9riques universitaires coup\u00e9s du jour au lendemain, sont emp\u00each\u00e9s de suivre leurs cours, ou encore de passer leurs examens. L\u2019Universit\u00e9 condamne \u00e9galement celles et ceux voulant renouveler leur titre de s\u00e9jour \u00e0 \u00eatre en incapacit\u00e9 de justifier leur situation d\u2019\u00e9tudiant aupr\u00e8s de la pr\u00e9fecture, les pla\u00e7ant irr\u00e9m\u00e9diablement sous situation d\u2019OQTF\u00a0\u00bb, d\u00e9noncent les organisations appelant \u00e0 la manifestation.<\/p>\n<p>  Plus de 150 d\u00e9sinscriptions selon les syndicats \u00e9tudiants, 37 selon l\u2019Universit\u00e9<\/p>\n<p>\u00ab\u00a0Plus de 150\u00a0\u00bb \u00e9tudiants seraient concern\u00e9s selon les syndicats \u00e9tudiants. Chiffre que l\u2019Universit\u00e9 d\u00e9ment. \u00ab\u00a0Au 8\u00a0d\u00e9cembre, 37 \u00e9tudiants ont vu leur inscription administrative annul\u00e9e. Il s\u2019agit d\u2019\u00e9tudiants n\u2019ayant jamais r\u00e9pondu aux courriers de relance et n\u2019ayant ni pay\u00e9 leurs droits d\u2019inscription, ni mis en place un \u00e9ch\u00e9ancier\u00a0\u00bb, souligne l\u2019Universit\u00e9 qui dit \u00ab\u00a0appliquer la loi\u00a0\u00bb. Le 24\u00a0novembre dernier, 104 courriers ont \u00e9t\u00e9 adress\u00e9s \u00e0 des \u00e9tudiants qui ne s\u2019\u00e9taient pas acquitt\u00e9s de leurs droits. La soixantaine d\u2019\u00e9tudiants inscrits dans un \u00e9ch\u00e9ancier avec incidents de paiement \u00ab\u00a0ne font pas l\u2019objet, pour l\u2019instant, d\u2019une proc\u00e9dure d\u2019annulation d\u2019inscription administrative\u00a0\u00bb, fait savoir l\u2019Universit\u00e9 sans pr\u00e9ciser les suites qui seront donn\u00e9es.<\/p>\n<p>\u00ab\u00a0Nous demandons \u00e0 la pr\u00e9sidence de revenir sur sa position et de trouver une solution pour les \u00e9tudiants concern\u00e9s\u00a0\u00bb \u00e9crivent les signataires d\u2019un communiqu\u00e9 r\u00e9clamant l\u2019abolition des frais diff\u00e9renci\u00e9s.<\/p>\n","protected":false},"excerpt":{"rendered":"C\u2019est une pomme de discorde tenace \u00e0 l\u2019Universit\u00e9 de Strasbourg\u00a0: les droits d\u2019inscriptions diff\u00e9renci\u00e9s auxquels sont soumis les&hellip;\n","protected":false},"author":2,"featured_media":589214,"comment_status":"","ping_status":"","sticky":false,"template":"","format":"standard","meta":{"footnotes":""},"categories":[2820],"tags":[1111,11,2389,2649,2880,1057,4854,1777,674,107,1011,27,775,12,25,640,2879],"class_list":{"0":"post-589213","1":"post","2":"type-post","3":"status-publish","4":"format-standard","5":"has-post-thumbnail","7":"category-strasbourg","8":"tag-actu","9":"tag-actualites","10":"tag-alsace","11":"tag-bas-rhin","12":"tag-edition-strasbourg","13":"tag-education","14":"tag-enseignement-superieur","15":"tag-eu","16":"tag-europe","17":"tag-fil-info","18":"tag-fr","19":"tag-france","20":"tag-grand-est","21":"tag-news","22":"tag-republique-francaise","23":"tag-strasbourg","24":"tag-strasbourg-ville"},"share_on_mastodon":{"url":"https:\/\/pubeurope.com\/@fr\/115691583206240289","error":""},"_links":{"self":[{"href":"https:\/\/www.europesays.com\/fr\/wp-json\/wp\/v2\/posts\/589213","targetHints":{"allow":["GET"]}}],"collection":[{"href":"https:\/\/www.europesays.com\/fr\/wp-json\/wp\/v2\/posts"}],"about":[{"href":"https:\/\/www.europesays.com\/fr\/wp-json\/wp\/v2\/types\/post"}],"author":[{"embeddable":true,"href":"https:\/\/www.europesays.com\/fr\/wp-json\/wp\/v2\/users\/2"}],"replies":[{"embeddable":true,"href":"https:\/\/www.europesays.com\/fr\/wp-json\/wp\/v2\/comments?post=589213"}],"version-history":[{"count":0,"href":"https:\/\/www.europesays.com\/fr\/wp-json\/wp\/v2\/posts\/589213\/revisions"}],"wp:featuredmedia":[{"embeddable":true,"href":"https:\/\/www.europesays.com\/fr\/wp-json\/wp\/v2\/media\/589214"}],"wp:attachment":[{"href":"https:\/\/www.europesays.com\/fr\/wp-json\/wp\/v2\/media?parent=589213"}],"wp:term":[{"taxonomy":"category","embeddable":true,"href":"https:\/\/www.europesays.com\/fr\/wp-json\/wp\/v2\/categories?post=589213"},{"taxonomy":"post_tag","embeddable":true,"href":"https:\/\/www.europesays.com\/fr\/wp-json\/wp\/v2\/tags?post=589213"}],"curies":[{"name":"wp","href":"https:\/\/api.w.org\/{rel}","templated":true}]}}