{"id":589223,"date":"2025-12-09T20:54:22","date_gmt":"2025-12-09T20:54:22","guid":{"rendered":"https:\/\/www.europesays.com\/fr\/589223\/"},"modified":"2025-12-09T20:54:22","modified_gmt":"2025-12-09T20:54:22","slug":"fc-nantes-apres-machado-une-recrue-a-8-me","status":"publish","type":"post","link":"https:\/\/www.europesays.com\/fr\/589223\/","title":{"rendered":"FC Nantes : apr\u00e8s Machado, une recrue \u00e0 8 M\u20ac ?"},"content":{"rendered":"<p>D\u00e9j\u00e0 suivi par plusieurs clubs de Ligue 1, le Roumain Louis Munteanu pla\u00eet aussi aux Canaris.<\/p>\n<p>En pleine crise sportive, avec seulement deux points pris sur les six derniers matchs et une inqui\u00e9tante 17e place en Ligue 1, le FC Nantes s\u2019appr\u00eate \u00e0 vivre un mercato d\u2019hiver d\u00e9cisif. Waldemar Kita a choisi de maintenir Luis Castro jusqu\u2019\u00e0 la tr\u00eave, mais le pr\u00e9sident nantais sait que son effectif doit \u00eatre renforc\u00e9 pour esp\u00e9rer se sortir de la zone rouge. L\u2019arriv\u00e9e de Deiver Machado, en provenance du RC Lens, devrait d\u00e9j\u00e0 apporter de l\u2019exp\u00e9rience et de la stabilit\u00e9. En parall\u00e8le, d\u2019autres pistes restent actives, notamment celle menant \u00e0 Enzo Bardeli (Dunkerque), bien connu du coach. Mais les Canaris explorent \u00e9galement des options offensives capables d\u2019apporter un vrai plus d\u00e8s janvier.<\/p>\n<p>Parmi elles, un nom revient avec insistance : Louis Munteanu. L\u2019attaquant roumain de 23 ans, propos\u00e9 \u00e0 l\u2019Olympique Lyonnais l\u2019\u00e9t\u00e9 dernier, r\u00e9alise une saison convaincante avec le CFR Cluj (2 buts, 5 passes d\u00e9cisives) et pr\u00e9sente un profil polyvalent recherch\u00e9 par Nantes. Valoris\u00e9 \u00e0 environ 8 millions d\u2019euros, il pourrait \u00eatre l\u2019une des bonnes affaires du prochain mercato, d\u2019autant que son club traverse une situation financi\u00e8re d\u00e9licate. Reste \u00e0 savoir si Kita acceptera de sortir le ch\u00e9quier alors que Mostafa Mohamed et Ignatius Ganago pourraient quitter le club en cas d\u2019offres satisfaisantes. Dans la lutte pour le maintien, le FC Nantes n\u2019a plus vraiment le choix : il devra frapper juste\u2026 et vite.<\/p>\n<blockquote class=\"twitter-tweet\">\n<p lang=\"en\" dir=\"ltr\">According to <a href=\"https:\/\/twitter.com\/Transfermarkt?ref_src=twsrc%5Etfw\" target=\"_blank\" rel=\"noopener\">@Transfermarkt<\/a>, there is a 15% that <a href=\"https:\/\/twitter.com\/dcunited?ref_src=twsrc%5Etfw\" target=\"_blank\" rel=\"noopener\">@dcunited<\/a> will sign 23yo centre-forward \ud83c\uddf7\ud83c\uddf4 Louis Munteanu from CFR Cluj 1907.<\/p>\n<p>\ud83d\udcc8 CFR Cluj is asking for at least \u20ac10 mill. <a href=\"https:\/\/twitter.com\/OL?ref_src=twsrc%5Etfw\" target=\"_blank\" rel=\"noopener\">@Ol<\/a> also interested<\/p>\n<p>Coach Rene Weiler attended the match between CFR Cluj and Rapid to watch Munteanu. <a href=\"https:\/\/t.co\/RWi3d2if8L\">pic.twitter.com\/RWi3d2if8L<\/a><\/p>\n<p>\u2014 Denis Gomez Blandin (@dgomezb10) <a href=\"https:\/\/twitter.com\/dgomezb10\/status\/1996818374006132800?ref_src=twsrc%5Etfw\" target=\"_blank\" rel=\"noopener\">December 5, 2025<\/a><\/p><\/blockquote>\n<p><script async src=\"https:\/\/platform.twitter.com\/widgets.js\" charset=\"utf-8\"><\/script><\/p>\n","protected":false},"excerpt":{"rendered":"D\u00e9j\u00e0 suivi par plusieurs clubs de Ligue 1, le Roumain Louis Munteanu pla\u00eet aussi aux Canaris. En pleine&hellip;\n","protected":false},"author":2,"featured_media":589224,"comment_status":"","ping_status":"","sticky":false,"template":"","format":"standard","meta":{"footnotes":""},"categories":[2818],"tags":[1111,11,1777,674,1011,27,766,12,2636,25],"class_list":{"0":"post-589223","1":"post","2":"type-post","3":"status-publish","4":"format-standard","5":"has-post-thumbnail","7":"category-nantes","8":"tag-actu","9":"tag-actualites","10":"tag-eu","11":"tag-europe","12":"tag-fr","13":"tag-france","14":"tag-nantes","15":"tag-news","16":"tag-pays-de-la-loire","17":"tag-republique-francaise"},"share_on_mastodon":{"url":"https:\/\/pubeurope.com\/@fr\/115691602884187214","error":""},"_links":{"self":[{"href":"https:\/\/www.europesays.com\/fr\/wp-json\/wp\/v2\/posts\/589223","targetHints":{"allow":["GET"]}}],"collection":[{"href":"https:\/\/www.europesays.com\/fr\/wp-json\/wp\/v2\/posts"}],"about":[{"href":"https:\/\/www.europesays.com\/fr\/wp-json\/wp\/v2\/types\/post"}],"author":[{"embeddable":true,"href":"https:\/\/www.europesays.com\/fr\/wp-json\/wp\/v2\/users\/2"}],"replies":[{"embeddable":true,"href":"https:\/\/www.europesays.com\/fr\/wp-json\/wp\/v2\/comments?post=589223"}],"version-history":[{"count":0,"href":"https:\/\/www.europesays.com\/fr\/wp-json\/wp\/v2\/posts\/589223\/revisions"}],"wp:featuredmedia":[{"embeddable":true,"href":"https:\/\/www.europesays.com\/fr\/wp-json\/wp\/v2\/media\/589224"}],"wp:attachment":[{"href":"https:\/\/www.europesays.com\/fr\/wp-json\/wp\/v2\/media?parent=589223"}],"wp:term":[{"taxonomy":"category","embeddable":true,"href":"https:\/\/www.europesays.com\/fr\/wp-json\/wp\/v2\/categories?post=589223"},{"taxonomy":"post_tag","embeddable":true,"href":"https:\/\/www.europesays.com\/fr\/wp-json\/wp\/v2\/tags?post=589223"}],"curies":[{"name":"wp","href":"https:\/\/api.w.org\/{rel}","templated":true}]}}