{"id":589229,"date":"2025-12-09T20:57:19","date_gmt":"2025-12-09T20:57:19","guid":{"rendered":"https:\/\/www.europesays.com\/fr\/589229\/"},"modified":"2025-12-09T20:57:19","modified_gmt":"2025-12-09T20:57:19","slug":"rallumons-letoile-veut-mettre-les-mobilites-au-centre-du-debat","status":"publish","type":"post","link":"https:\/\/www.europesays.com\/fr\/589229\/","title":{"rendered":"Rallumons l\u2019\u00c9toile veut mettre les mobilit\u00e9s au centre du d\u00e9bat"},"content":{"rendered":"<p><strong>L\u2019association Rallumons l\u2019\u00c9toile veut faire des \u00e9lections municipales de 2026 un moment cl\u00e9 pour les mobilit\u00e9s dans l\u2019agglom\u00e9ration de Toulouse. L\u2019association appelle les candidats \u00e0 s\u2019engager sur des mesures concr\u00e8tes, comme le cadencement des transports et le futur RER m\u00e9tropolitain.<\/strong><\/p>\n<p><img fetchpriority=\"high\" decoding=\"async\" width=\"1200\" height=\"675\" src=\"https:\/\/www.europesays.com\/fr\/wp-content\/uploads\/2025\/12\/train-en-gare.jpg\" alt=\"Rallumons l\u2019\u00c9toile veut placer les mobilit\u00e9s au c\u0153ur des municipales 2026 dans l'agglom\u00e9ration de Toulouse.\"  \/><\/p>\n<p>L\u2019association demande aux candidats des engagements concrets pour un RER toulousain. \u00a9 Bryan Faham \/ Le JT<\/p>\n<p>\u00c0 l\u2019approche des \u00e9lections municipales de mars 2026, Rallumons l\u2019\u00c9toile veut faire des mobilit\u00e9s<strong> un enjeu majeur dans l\u2019agglom\u00e9ration toulousaine<\/strong>. L\u2019association appelle<strong> les candidats des 500 communes du bassin de mobilit\u00e9<\/strong> \u00e0 s\u2019engager sur des mesures concr\u00e8tes, dont le cadencement des transports et <a href=\"https:\/\/www.lejournaltoulousain.fr\/occitanie\/rer-toulousain-535-000-euros-debloques-projet-306339\/\" data-type=\"post\" data-id=\"306339\" target=\"_blank\" rel=\"noopener\">l\u2019avanc\u00e9e du projet de RER m\u00e9tropolitain<\/a>.<\/p>\n<p>Une campagne pour obtenir des engagements<\/p>\n<p>En 2020, <strong>115 listes issues de 75 communes avaient sign\u00e9<\/strong> son \u201cManifeste pour un RER toulousain\u201d. En 2026, Rallumons l\u2019\u00c9toile veut rassembler encore plus largement, \u00ab\u00a0par-del\u00e0 les limites partisanes et administratives\u00a0\u00bb. Dans un communiqu\u00e9 diffus\u00e9 le 25 novembre, l\u2019association affirme qu\u2019<strong>elle \u00ab\u00a0repart en campagne\u00a0\u00bb<\/strong> pour obtenir \u00ab\u00a0des engagements en faveur d\u2019<strong>am\u00e9liorations pragmatiques des mobilit\u00e9s lors du prochain mandat<\/strong>\u00a0\u00bb.<\/p>\n<p>\u00ab Les habitants et les entreprises n\u2019attendent<strong> pas de promesses irr\u00e9alistes<\/strong> compte tenu des fortes contraintes et des incertitudes financi\u00e8res actuelles, mais<strong> des propositions d\u2019am\u00e9liorations concr\u00e8tes et cr\u00e9dibles<\/strong>\u00a0\u00bb, selon Beno\u00eet Lanusse, copr\u00e9sident de l\u2019association.<\/p>\n<p>Mobilit\u00e9s dans la r\u00e9gion de Toulouse : peu de listes engag\u00e9es<\/p>\n<p>Deux semaines apr\u00e8s le lancement de la campagne, <a href=\"https:\/\/jevotemobilites.fr\/map#\/carte\/@43.60,1.89,9z?cat=all\" data-type=\"link\" data-id=\"https:\/\/jevotemobilites.fr\/map#\/carte\/@43.60,1.89,9z?cat=all\" target=\"_blank\" rel=\"noopener\">peu de candidats se sont positionn\u00e9s<\/a>. Dans la Ville rose, <strong>la liste \u201cDemain Toulouse\u201d<\/strong>, men\u00e9e par Fran\u00e7ois Piquemal (LFI), a sign\u00e9 le manifeste. La liste \u201cProt\u00e9geons l\u2019avenir\u201d, port\u00e9e par le maire Jean-Luc Moudenc, ne s\u2019est pas encore prononc\u00e9e.<\/p>\n<p>Du c\u00f4t\u00e9 de Cugnaux, <strong>les listes \u201cCugnaux Osons Ensemble\u201d, avec Fr\u00e9d\u00e9ric Goudal, et \u201cAvec vous pour Cugnaux\u201d, emmen\u00e9e par Albert Sanchez<\/strong>, sont favorables. \u00c0 Ramonville, \u201cRamonville \u00c9cologie\u201d \u00e9tudie la signature. \u00c0 Grenade, \u201cGrenade 2026\u201d, avec Roger Flores, est \u00e9galement en r\u00e9flexion.<\/p>\n","protected":false},"excerpt":{"rendered":"L\u2019association Rallumons l\u2019\u00c9toile veut faire des \u00e9lections municipales de 2026 un moment cl\u00e9 pour les mobilit\u00e9s dans l\u2019agglom\u00e9ration&hellip;\n","protected":false},"author":2,"featured_media":589230,"comment_status":"","ping_status":"","sticky":false,"template":"","format":"standard","meta":{"footnotes":""},"categories":[2816],"tags":[1111,11,1777,674,1011,27,70242,12,2680,25,2312],"class_list":{"0":"post-589229","1":"post","2":"type-post","3":"status-publish","4":"format-standard","5":"has-post-thumbnail","7":"category-toulouse","8":"tag-actu","9":"tag-actualites","10":"tag-eu","11":"tag-europe","12":"tag-fr","13":"tag-france","14":"tag-municipales-2026-rallumons-lu2019u00c9toile-veut-mettre-les-mobilitu00e9s-au-centre-du-du00e9bat","15":"tag-news","16":"tag-occitanie","17":"tag-republique-francaise","18":"tag-toulouse"},"share_on_mastodon":{"url":"https:\/\/pubeurope.com\/@fr\/115691615854173905","error":""},"_links":{"self":[{"href":"https:\/\/www.europesays.com\/fr\/wp-json\/wp\/v2\/posts\/589229","targetHints":{"allow":["GET"]}}],"collection":[{"href":"https:\/\/www.europesays.com\/fr\/wp-json\/wp\/v2\/posts"}],"about":[{"href":"https:\/\/www.europesays.com\/fr\/wp-json\/wp\/v2\/types\/post"}],"author":[{"embeddable":true,"href":"https:\/\/www.europesays.com\/fr\/wp-json\/wp\/v2\/users\/2"}],"replies":[{"embeddable":true,"href":"https:\/\/www.europesays.com\/fr\/wp-json\/wp\/v2\/comments?post=589229"}],"version-history":[{"count":0,"href":"https:\/\/www.europesays.com\/fr\/wp-json\/wp\/v2\/posts\/589229\/revisions"}],"wp:featuredmedia":[{"embeddable":true,"href":"https:\/\/www.europesays.com\/fr\/wp-json\/wp\/v2\/media\/589230"}],"wp:attachment":[{"href":"https:\/\/www.europesays.com\/fr\/wp-json\/wp\/v2\/media?parent=589229"}],"wp:term":[{"taxonomy":"category","embeddable":true,"href":"https:\/\/www.europesays.com\/fr\/wp-json\/wp\/v2\/categories?post=589229"},{"taxonomy":"post_tag","embeddable":true,"href":"https:\/\/www.europesays.com\/fr\/wp-json\/wp\/v2\/tags?post=589229"}],"curies":[{"name":"wp","href":"https:\/\/api.w.org\/{rel}","templated":true}]}}