{"id":589231,"date":"2025-12-09T20:58:19","date_gmt":"2025-12-09T20:58:19","guid":{"rendered":"https:\/\/www.europesays.com\/fr\/589231\/"},"modified":"2025-12-09T20:58:19","modified_gmt":"2025-12-09T20:58:19","slug":"deja-bien-implantee-a-laeroport-de-toulouse-blagnac-cette-compagnie-developpe-sa-base-et-recrute","status":"publish","type":"post","link":"https:\/\/www.europesays.com\/fr\/589231\/","title":{"rendered":"D\u00e9j\u00e0 bien implant\u00e9e \u00e0 l&rsquo;a\u00e9roport de Toulouse-Blagnac, cette compagnie d\u00e9veloppe sa base et recrute"},"content":{"rendered":"<p>                    Par<br \/>\n        <strong><br \/>\n            <a href=\"https:\/\/actu.fr\/auteur\/lucie-2\" title=\"Consulter tous les articles de Lucie Fraisse\" target=\"_blank\" rel=\"noopener\">Lucie Fraisse<\/a><br \/>\n                    <\/strong><\/p>\n<p>        Publi\u00e9 le<\/p>\n<p>            9 d\u00e9c. 2025 \u00e0 20h25        <\/p>\n<p>La compagnie Volotea intensifie son d\u00e9veloppement sur <strong>l\u2019a\u00e9roport de Toulouse-Blagnac<\/strong>. Pr\u00e9sente depuis bient\u00f4t dix ans \u2013 la compagnie espagnole s\u2019est install\u00e9e dans la Ville rose en mars\u00a02016 \u2013 <a href=\"https:\/\/actu.fr\/tag\/volotea\" target=\"_blank\" rel=\"noopener\">Volotea<\/a> pr\u00e9voit en effet de nombreux d\u00e9veloppements pour l\u2019ann\u00e9e 2026.<\/p>\n<p>Bient\u00f4t un nouvel avion bas\u00e9 \u00e0 Toulouse<\/p>\n<p class=\" wall-content\">Avec tout d\u2019abord l\u2019arriv\u00e9e d\u2019un nouvel avion sur la base de l\u2019a\u00e9roport de la Ville rose. La compagnie a dix bases en France, dont une \u00e0 Toulouse, qui compte \u00e0 ce jour un seul avion et emploie une quarantaine de personnes.<\/p>\n<p class=\" wall-content\">Un <strong>second avion est annonc\u00e9 pour mai\u00a02026<\/strong> sur la base toulousaine.<\/p>\n<p class=\" wall-content\">\u00ab\u2009Ce nouvel avion va permettre une croissance de 33\u2009% de notre capacit\u00e9 au d\u00e9part de Toulouse pour atteindre 710\u2009000 si\u00e8ges sur l\u2019ann\u00e9e, explique Gilles Gosselin, directeur France de Volotea. C\u2019est un engagement fort de notre part. Et il y aura des cr\u00e9ations d\u2019emplois\u2009: on pr\u00e9voit<strong> une trentaine de recrutements<\/strong>.\u2009\u00bb<\/p>\n<p>La ligne Toulouse-Lille renforc\u00e9e<\/p>\n<p class=\" wall-content\">Avec ce nouvel avion, Volotea esp\u00e8re notamment renforcer sa ligne Toulouse-Lille, l\u2019un de ses best-sellers. <strong>Deux vols seront d\u00e9sormais propos\u00e9s chaque jour<\/strong>, soit un doublement des capacit\u00e9s de la ligne et jusqu\u2019\u00e0 onze vols par semaine.<\/p>\n<p class=\" wall-content\">D\u2019autres lignes seront aussi renforc\u00e9es, comme <strong>Toulouse-Caen ou Toulouse-Strasbourg<\/strong>. Des destinations vers l\u2019\u00e9tranger b\u00e9n\u00e9ficieront aussi de davantage de si\u00e8ges \u00e0 l\u2019ann\u00e9e. Ce sera le cas pour Madrid, Olbia, Palerme, Majorque ou Split.<\/p>\n<p>Votre r\u00e9gion, votre actu !<\/p>\n<p>Recevez chaque jour les infos qui comptent pour vous.<\/p>\n<p>\t<a href=\"https:\/\/actu.fr\/newsletter\" class=\"ac-btn ac-btn--corner ac-btn--medium ac-btn--blue800\" target=\"_blank\" rel=\"noopener\">S&rsquo;incrire<\/a><br \/>\nDes recrutements \u00e0 venir<\/p>\n<p class=\" wall-content\">Les recrutements de pilotes, h\u00f4tesses et stewards qui doivent d\u00e9buter dans les semaines \u00e0 venir. Certains postes seront pourvus gr\u00e2ce \u00e0 des mobilit\u00e9s internes au groupe Volotea.<\/p>\n<p class=\" wall-content\">En parall\u00e8le, Volotea <a href=\"https:\/\/actu.fr\/occitanie\/toulouse_31555\/volotea-annonce-trois-nouvelles-lignes-depuis-toulouse-voici-les-pays-ensoleilles-desservis_63550826.html\" target=\"_blank\" rel=\"noopener\">va proposer trois nouvelles destinations au d\u00e9part de Toulouse<\/a>, d\u00e8s novembre\u00a02026\u2009: Pise\u2009; Fuerteventura et Grande Canarie.<\/p>\n<p class=\" wall-content\">Volotea op\u00e9rera alors 23 destinations au d\u00e9part de Toulouse-Blagnac. La compagnie est la quatri\u00e8me en nombre de passagers transport\u00e9s sur l\u2019a\u00e9roport toulousain.<\/p>\n<p class=\" wall-content\">Personnalisez votre actualit\u00e9 en ajoutant vos villes et m\u00e9dias en favori avec <a href=\"https:\/\/moncompte.actu.fr\" title=\"D\u00e9couvez Mon Actu\" rel=\"nofollow noopener\" data-trk=\"{&quot;cta&quot;:{&quot;action&quot;:&quot;https:\\\/\\\/moncompte.actu.fr&quot;,&quot;category&quot;:&quot;mon compte&quot;,&quot;from&quot;:&quot;article footer&quot;,&quot;name&quot;:&quot;Mon actu&quot;,&quot;type&quot;:&quot;cta&quot;}}\" target=\"_blank\">Mon Actu<\/a>.<\/p>\n","protected":false},"excerpt":{"rendered":"Par Lucie Fraisse Publi\u00e9 le 9 d\u00e9c. 2025 \u00e0 20h25 La compagnie Volotea intensifie son d\u00e9veloppement sur l\u2019a\u00e9roport&hellip;\n","protected":false},"author":2,"featured_media":589232,"comment_status":"","ping_status":"","sticky":false,"template":"","format":"standard","meta":{"footnotes":""},"categories":[2816],"tags":[1111,11,296,103,1777,674,1011,27,12,2680,25,104,2312,11756],"class_list":{"0":"post-589231","1":"post","2":"type-post","3":"status-publish","4":"format-standard","5":"has-post-thumbnail","7":"category-toulouse","8":"tag-actu","9":"tag-actualites","10":"tag-aeronautique","11":"tag-aeroport-toulouse-blagnac","12":"tag-eu","13":"tag-europe","14":"tag-fr","15":"tag-france","16":"tag-news","17":"tag-occitanie","18":"tag-republique-francaise","19":"tag-societe","20":"tag-toulouse","21":"tag-volotea"},"share_on_mastodon":{"url":"https:\/\/pubeurope.com\/@fr\/115691618680828792","error":""},"_links":{"self":[{"href":"https:\/\/www.europesays.com\/fr\/wp-json\/wp\/v2\/posts\/589231","targetHints":{"allow":["GET"]}}],"collection":[{"href":"https:\/\/www.europesays.com\/fr\/wp-json\/wp\/v2\/posts"}],"about":[{"href":"https:\/\/www.europesays.com\/fr\/wp-json\/wp\/v2\/types\/post"}],"author":[{"embeddable":true,"href":"https:\/\/www.europesays.com\/fr\/wp-json\/wp\/v2\/users\/2"}],"replies":[{"embeddable":true,"href":"https:\/\/www.europesays.com\/fr\/wp-json\/wp\/v2\/comments?post=589231"}],"version-history":[{"count":0,"href":"https:\/\/www.europesays.com\/fr\/wp-json\/wp\/v2\/posts\/589231\/revisions"}],"wp:featuredmedia":[{"embeddable":true,"href":"https:\/\/www.europesays.com\/fr\/wp-json\/wp\/v2\/media\/589232"}],"wp:attachment":[{"href":"https:\/\/www.europesays.com\/fr\/wp-json\/wp\/v2\/media?parent=589231"}],"wp:term":[{"taxonomy":"category","embeddable":true,"href":"https:\/\/www.europesays.com\/fr\/wp-json\/wp\/v2\/categories?post=589231"},{"taxonomy":"post_tag","embeddable":true,"href":"https:\/\/www.europesays.com\/fr\/wp-json\/wp\/v2\/tags?post=589231"}],"curies":[{"name":"wp","href":"https:\/\/api.w.org\/{rel}","templated":true}]}}