{"id":589235,"date":"2025-12-09T21:01:28","date_gmt":"2025-12-09T21:01:28","guid":{"rendered":"https:\/\/www.europesays.com\/fr\/589235\/"},"modified":"2025-12-09T21:01:28","modified_gmt":"2025-12-09T21:01:28","slug":"chancel-mbemba-negocie-avec-le-sourire-a-lille","status":"publish","type":"post","link":"https:\/\/www.europesays.com\/fr\/589235\/","title":{"rendered":"Chancel Mbemba n\u00e9gocie avec le sourire \u00e0 Lille"},"content":{"rendered":"<p><b>Reparti de z\u00e9ro avec Lille en d\u00e9but de saison, Chancel Mbemba se montre imp\u00e9rial avec les Dogues. Mais son contrat arrive d\u00e9j\u00e0 \u00e0 sa fin en juin. De quoi remettre les n\u00e9gociations sur la table, mais en douceur cette fois-ci.\u00a0<\/b><\/p>\n<p>Apr\u00e8s un an sans jouer, Chancel Mbemba a plut\u00f4t bien rebondi puisqu\u2019il fait le bonheur du LOSC. Arriv\u00e9 libre \u00e0 l\u2019issue de son contrat \u00e0 <a href=\"https:\/\/www.foot01.com\/marseille\" target=\"_self\" rel=\"noopener\">l\u2019OM<\/a>, le d\u00e9fenseur de la RD Congo ne donnait pas beaucoup de garanties apr\u00e8s une telle p\u00e9riode loin des terrains. Mais Olivier Letang lui a tout de m\u00eame fait confiance. Une confiance relative puisque l\u2019ancien marseillais n\u2019a sign\u00e9 que pour un an avec les Dogues.\u00a0<\/p>\n<p>A l\u2019approche de la mi-saison, le pari semble d\u00e9j\u00e0 payant. A 31 ans, Mbemba a tout de m\u00eame effectu\u00e9 un premier appel du pied au sujet de son avenir. Il faut dire que le mois prochain, il sera en th\u00e9orie libre de rejoindre le club de son choix sans pr\u00e9venir le LOSC. Mais l\u2019entente est bonne entre le d\u00e9fenseur central et son club, qui a su le relancer quand il en avait besoin. R\u00e9sultat, la discussion aura certainement lieu au printemps en bonne intelligence. Mais Mbemba a tout de m\u00eame gliss\u00e9 un mot \u00e0 ses dirigeants, au cas o\u00f9\u2026<\/p>\n<p>\u00ab\u00a0Une prolongation ? Pourquoi pas. On l\u2019attend, on l\u2019attend\u00a0\u00bb, a confi\u00e9 au m\u00e9dia Carr\u00e9 un Chancel Mbemba que la situation amuse beaucoup. En effet, pour lui il est bien plus facile de n\u00e9gocier et de discuter en ayant du temps de jeu et de la confiance retrouv\u00e9e, plut\u00f4t qu\u2019avec l\u2019OM o\u00f9 cela avait tourn\u00e9 au pugilat avec le club proven\u00e7al et ses dirigeants.\u00a0<\/p>\n","protected":false},"excerpt":{"rendered":"Reparti de z\u00e9ro avec Lille en d\u00e9but de saison, Chancel Mbemba se montre imp\u00e9rial avec les Dogues. Mais&hellip;\n","protected":false},"author":2,"featured_media":589236,"comment_status":"","ping_status":"","sticky":false,"template":"","format":"standard","meta":{"footnotes":""},"categories":[2815],"tags":[1111,11,1777,674,1011,27,811,1307,2267,12,25],"class_list":{"0":"post-589235","1":"post","2":"type-post","3":"status-publish","4":"format-standard","5":"has-post-thumbnail","7":"category-lille","8":"tag-actu","9":"tag-actualites","10":"tag-eu","11":"tag-europe","12":"tag-fr","13":"tag-france","14":"tag-hauts-de-france","15":"tag-lille","16":"tag-losc","17":"tag-news","18":"tag-republique-francaise"},"share_on_mastodon":{"url":"https:\/\/pubeurope.com\/@fr\/115691630331289169","error":""},"_links":{"self":[{"href":"https:\/\/www.europesays.com\/fr\/wp-json\/wp\/v2\/posts\/589235","targetHints":{"allow":["GET"]}}],"collection":[{"href":"https:\/\/www.europesays.com\/fr\/wp-json\/wp\/v2\/posts"}],"about":[{"href":"https:\/\/www.europesays.com\/fr\/wp-json\/wp\/v2\/types\/post"}],"author":[{"embeddable":true,"href":"https:\/\/www.europesays.com\/fr\/wp-json\/wp\/v2\/users\/2"}],"replies":[{"embeddable":true,"href":"https:\/\/www.europesays.com\/fr\/wp-json\/wp\/v2\/comments?post=589235"}],"version-history":[{"count":0,"href":"https:\/\/www.europesays.com\/fr\/wp-json\/wp\/v2\/posts\/589235\/revisions"}],"wp:featuredmedia":[{"embeddable":true,"href":"https:\/\/www.europesays.com\/fr\/wp-json\/wp\/v2\/media\/589236"}],"wp:attachment":[{"href":"https:\/\/www.europesays.com\/fr\/wp-json\/wp\/v2\/media?parent=589235"}],"wp:term":[{"taxonomy":"category","embeddable":true,"href":"https:\/\/www.europesays.com\/fr\/wp-json\/wp\/v2\/categories?post=589235"},{"taxonomy":"post_tag","embeddable":true,"href":"https:\/\/www.europesays.com\/fr\/wp-json\/wp\/v2\/tags?post=589235"}],"curies":[{"name":"wp","href":"https:\/\/api.w.org\/{rel}","templated":true}]}}