{"id":589237,"date":"2025-12-09T21:03:28","date_gmt":"2025-12-09T21:03:28","guid":{"rendered":"https:\/\/www.europesays.com\/fr\/589237\/"},"modified":"2025-12-09T21:03:28","modified_gmt":"2025-12-09T21:03:28","slug":"a-marseille-lunite-de-la-derniere-chance","status":"publish","type":"post","link":"https:\/\/www.europesays.com\/fr\/589237\/","title":{"rendered":"\u00e0 Marseille, l&rsquo;unit\u00e9 de la \u00ab\u00a0derni\u00e8re chance\u00a0\u00bb"},"content":{"rendered":"<p>Ici, L\u00e9on* ne peut ni se blesser ni heurter les autres. Depuis le mois de septembre, cet enfant de 10 ans est soign\u00e9 \u00e0 l&rsquo;unit\u00e9 Ariane, au sein de l\u2019h\u00f4pital pour adolescents le Relais, ouverte il y a trois mois pour les enfants de 6 \u00e0 12 ans atteints de <a href=\"https:\/\/www.laprovence.com\/article\/france-monde\/1533619343774315\/les-droits-des-enfants-hospitalises-en-psychiatrie-gravement-bafoues-alerte-la-controleure-des-lieux-de-privation-de-liberte\" target=\"_blank\" rel=\"noopener\">troubles et maladies psychiatriques graves et invalidantes<\/a>, avec des traumas tr\u00e8s s\u00e9v\u00e8res.<\/p>\n<p>Ses m\u00e9decins accompagnent les enfants qui ont un trouble tr\u00e8s r\u00e9sistant du d\u00e9ficit de l\u2019attention avec hyperactivit\u00e9 ou d\u2019importants tics moteur, le syndrome Gilles de la Tourette, ou qui sont concern\u00e9s par tout le spectre des troubles de l\u2019humeur de l\u2019enfant, de l\u2019attachement, des troubles anxieux ou psychotiques, voire par de la dysharmonie psychotique.<\/p>\n<p>Les enfants, \u00ab\u00a0grands oubli\u00e9s du soin psychiatrique\u00a0\u00bb<\/p>\n<p>Tout, dans ces lieux du 9e arrondissement, a \u00e9t\u00e9 pens\u00e9 pour \u00eatre un cocon pour des enfants en grande souffrance\u00a0: des couleurs douces, des peluches \u00e0 proximit\u00e9 et peu de bruit. Dans l\u2019un de ces espaces, L\u00e9on a dessin\u00e9 un monstre, qui repr\u00e9sente l\u2019une de ses pathologies. Avec l\u2019aide des infirmiers et \u00e9ducateurs, il va scotcher cette feuille sur le \u00ab\u00a0Pao\u00a0\u00bb\u00a0: un gros coussin renforc\u00e9, comme ceux utilis\u00e9s dans les sports de combat.<\/p>\n","protected":false},"excerpt":{"rendered":"Ici, L\u00e9on* ne peut ni se blesser ni heurter les autres. Depuis le mois de septembre, cet enfant&hellip;\n","protected":false},"author":2,"featured_media":589238,"comment_status":"","ping_status":"","sticky":false,"template":"","format":"standard","meta":{"footnotes":""},"categories":[2814],"tags":[17,1111,11,33915,1719,1777,674,1011,27,100,4432,884,12,471,882,5338,25,71,30838],"class_list":{"0":"post-589237","1":"post","2":"type-post","3":"status-publish","4":"format-standard","5":"has-post-thumbnail","7":"category-marseille","8":"tag-17","9":"tag-actu","10":"tag-actualites","11":"tag-atteints","12":"tag-enfants","13":"tag-eu","14":"tag-europe","15":"tag-fr","16":"tag-france","17":"tag-hopital","18":"tag-jour","19":"tag-marseille","20":"tag-news","21":"tag-pour","22":"tag-provence-alpes-cote-dazur","23":"tag-psys","24":"tag-republique-francaise","25":"tag-sante","26":"tag-troubles"},"share_on_mastodon":{"url":"https:\/\/pubeurope.com\/@fr\/115691638355848129","error":""},"_links":{"self":[{"href":"https:\/\/www.europesays.com\/fr\/wp-json\/wp\/v2\/posts\/589237","targetHints":{"allow":["GET"]}}],"collection":[{"href":"https:\/\/www.europesays.com\/fr\/wp-json\/wp\/v2\/posts"}],"about":[{"href":"https:\/\/www.europesays.com\/fr\/wp-json\/wp\/v2\/types\/post"}],"author":[{"embeddable":true,"href":"https:\/\/www.europesays.com\/fr\/wp-json\/wp\/v2\/users\/2"}],"replies":[{"embeddable":true,"href":"https:\/\/www.europesays.com\/fr\/wp-json\/wp\/v2\/comments?post=589237"}],"version-history":[{"count":0,"href":"https:\/\/www.europesays.com\/fr\/wp-json\/wp\/v2\/posts\/589237\/revisions"}],"wp:featuredmedia":[{"embeddable":true,"href":"https:\/\/www.europesays.com\/fr\/wp-json\/wp\/v2\/media\/589238"}],"wp:attachment":[{"href":"https:\/\/www.europesays.com\/fr\/wp-json\/wp\/v2\/media?parent=589237"}],"wp:term":[{"taxonomy":"category","embeddable":true,"href":"https:\/\/www.europesays.com\/fr\/wp-json\/wp\/v2\/categories?post=589237"},{"taxonomy":"post_tag","embeddable":true,"href":"https:\/\/www.europesays.com\/fr\/wp-json\/wp\/v2\/tags?post=589237"}],"curies":[{"name":"wp","href":"https:\/\/api.w.org\/{rel}","templated":true}]}}