{"id":589241,"date":"2025-12-09T21:05:23","date_gmt":"2025-12-09T21:05:23","guid":{"rendered":"https:\/\/www.europesays.com\/fr\/589241\/"},"modified":"2025-12-09T21:05:23","modified_gmt":"2025-12-09T21:05:23","slug":"lyon-messages-anti-police-projetes-sauvagement-pendant-la-fete-des-lumieres-une-enquete-ouverte","status":"publish","type":"post","link":"https:\/\/www.europesays.com\/fr\/589241\/","title":{"rendered":"Lyon. Messages anti-police projet\u00e9s sauvagement pendant la F\u00eate des Lumi\u00e8res\u00a0: une enqu\u00eate ouverte"},"content":{"rendered":"<p>Ils \u00e9taient venus voir \u00ab\u00a0Le lundi, c\u2019est raviolis\u00a0\u00bb. Samedi 6\u00a0d\u00e9cembre, un peu avant 20 heures, le public mass\u00e9 place de l\u2019H\u00f4tel de Ville (Lyon 1er) a eu droit \u00e0 une autre \u00ab\u00a0illumination\u00a0\u00bb, impr\u00e9vue et sauvage, projet\u00e9 sur la fa\u00e7ade du mus\u00e9e des Beaux-Arts. Des slogans tels que \u00ab\u00a0La police blesse et tue\u00a0\u00bb, \u00ab\u00a0La violence polici\u00e8re est partout\u00a0\u00bb ou encore \u00ab\u00a0Sainte-Soline ni oubli ni pardon\u00a0\u00bb, en r\u00e9f\u00e9rence aux manifestations de mars\u00a02023, sont apparus bri\u00e8vement sur les murs, entre deux repr\u00e9sentations de l\u2019\u0153uvre rendant hommage \u00e0 la gastronomie lyonnaise.<\/p>\n<p>  Un collectif \u00e9cologiste d\u2019ultragauche dans le collimateur<\/p>\n<p>C\u2019est peu dire que ces slogans ont agit\u00e9 la sph\u00e8re politique. De l\u2019\u00e9chelon local, avec les condamnations respectives de la Pr\u00e9f\u00e8te du Rh\u00f4ne Fabienne Buccio, du maire de Lyon <a href=\"https:\/\/www.leprogres.fr\/p\/gregory-doucet\" target=\"_blank\" rel=\"noopener\">Gr\u00e9gory Doucet<\/a> et de son opposant aux prochaines municipales <a href=\"https:\/\/www.leprogres.fr\/p\/jean-michel-aulas\" target=\"_blank\" rel=\"noopener\">Jean-Michel Aulas<\/a>, au niveau national puisque le ministre de l\u2019Int\u00e9rieur <a href=\"https:\/\/www.leprogres.fr\/p\/laurent-nunez\" target=\"_blank\" rel=\"noopener\">Laurent Nu\u00f1ez<\/a> a lui aussi d\u00e9nonc\u00e9 ces \u00ab\u00a0messages haineux contre nos forces de l\u2019ordre\u00a0\u00bb sur les r\u00e9seaux sociaux.<\/p>\n<p>D\u00e8s dimanche matin, la Pr\u00e9f\u00e8te du Rh\u00f4ne a effectu\u00e9 un signalement au procureur de la R\u00e9publique au titre de l&rsquo;article 40 du code de proc\u00e9dure p\u00e9nale.<\/p>\n<p>Apr\u00e8s la parole, les actes\u00a0: ce mardi, le parquet de Lyon indique\u00a0au Progr\u00e8s avoir ouvert une enqu\u00eate des chefs d\u2019 \u00ab\u00a0injures publiques\u00a0\u00bb, \u00ab\u00a0abus de confiance\u00a0\u00bb et \u00ab\u00a0atteinte \u00e0 un syst\u00e8me de traitement automatis\u00e9 de donn\u00e9es\u00a0\u00bb, confirmant <a href=\"https:\/\/actu.fr\/auvergne-rhone-alpes\/lyon_69123\/lyon-des-slogans-anti-police-projetes-a-la-fete-des-lumieres-une-enquete-ouverte_63545728.html\" target=\"_blank\" rel=\"noopener\">une information d\u2019<\/a><a href=\"https:\/\/actu.fr\/auvergne-rhone-alpes\/lyon_69123\/lyon-des-slogans-anti-police-projetes-a-la-fete-des-lumieres-une-enquete-ouverte_63545728.html\" target=\"_blank\" rel=\"noopener\">Actu Lyon<\/a>.<\/p>\n<p>Dans le viseur, les militants du collectif \u00e9cologiste d\u2019ultragauche <a href=\"https:\/\/www.leprogres.fr\/politique\/2023\/06\/21\/dissolution-des-soulevements-de-la-terre-que-reproche-l-executif-et-a-quoi-s-attendre\" target=\"_blank\" rel=\"noopener\">Les Soul\u00e8vements de la terre<\/a>, qui a revendiqu\u00e9 l\u2019action d\u00e8s samedi soir sur son compte Instagram local. Les investigations ont \u00e9t\u00e9 confi\u00e9es \u00e0 la Direction interd\u00e9partementale de la police nationale du Rh\u00f4ne (DIPN).<\/p>\n","protected":false},"excerpt":{"rendered":"Ils \u00e9taient venus voir \u00ab\u00a0Le lundi, c\u2019est raviolis\u00a0\u00bb. Samedi 6\u00a0d\u00e9cembre, un peu avant 20 heures, le public mass\u00e9&hellip;\n","protected":false},"author":2,"featured_media":589242,"comment_status":"","ping_status":"","sticky":false,"template":"","format":"standard","meta":{"footnotes":""},"categories":[1889],"tags":[1111,11,2430,271,272,2757,1777,674,274,107,1011,27,2428,7789,2801,12,316,25,2429,104],"class_list":{"0":"post-589241","1":"post","2":"type-post","3":"status-publish","4":"format-standard","5":"has-post-thumbnail","7":"category-lyon","8":"tag-actu","9":"tag-actualites","10":"tag-auvergne-rhone-alpes","11":"tag-crime","12":"tag-delit-et-contravention","13":"tag-edition-lyon-villeurbanne","14":"tag-eu","15":"tag-europe","16":"tag-faits-divers-justice","17":"tag-fil-info","18":"tag-fr","19":"tag-france","20":"tag-lyon","21":"tag-lyon-1er","22":"tag-lyon-1er-arrondissement","23":"tag-news","24":"tag-politique","25":"tag-republique-francaise","26":"tag-rhone","27":"tag-societe"},"share_on_mastodon":{"url":"https:\/\/pubeurope.com\/@fr\/115691646163495785","error":""},"_links":{"self":[{"href":"https:\/\/www.europesays.com\/fr\/wp-json\/wp\/v2\/posts\/589241","targetHints":{"allow":["GET"]}}],"collection":[{"href":"https:\/\/www.europesays.com\/fr\/wp-json\/wp\/v2\/posts"}],"about":[{"href":"https:\/\/www.europesays.com\/fr\/wp-json\/wp\/v2\/types\/post"}],"author":[{"embeddable":true,"href":"https:\/\/www.europesays.com\/fr\/wp-json\/wp\/v2\/users\/2"}],"replies":[{"embeddable":true,"href":"https:\/\/www.europesays.com\/fr\/wp-json\/wp\/v2\/comments?post=589241"}],"version-history":[{"count":0,"href":"https:\/\/www.europesays.com\/fr\/wp-json\/wp\/v2\/posts\/589241\/revisions"}],"wp:featuredmedia":[{"embeddable":true,"href":"https:\/\/www.europesays.com\/fr\/wp-json\/wp\/v2\/media\/589242"}],"wp:attachment":[{"href":"https:\/\/www.europesays.com\/fr\/wp-json\/wp\/v2\/media?parent=589241"}],"wp:term":[{"taxonomy":"category","embeddable":true,"href":"https:\/\/www.europesays.com\/fr\/wp-json\/wp\/v2\/categories?post=589241"},{"taxonomy":"post_tag","embeddable":true,"href":"https:\/\/www.europesays.com\/fr\/wp-json\/wp\/v2\/tags?post=589241"}],"curies":[{"name":"wp","href":"https:\/\/api.w.org\/{rel}","templated":true}]}}