{"id":589243,"date":"2025-12-09T21:06:13","date_gmt":"2025-12-09T21:06:13","guid":{"rendered":"https:\/\/www.europesays.com\/fr\/589243\/"},"modified":"2025-12-09T21:06:13","modified_gmt":"2025-12-09T21:06:13","slug":"les-ecologistes-ont-massacre-la-fete-des-lumieres-a-lyon","status":"publish","type":"post","link":"https:\/\/www.europesays.com\/fr\/589243\/","title":{"rendered":"Les \u00e9cologistes ont massacr\u00e9 la F\u00eate des Lumi\u00e8res \u00e0 Lyon"},"content":{"rendered":"<p><strong>LyonMag : Avec la R\u00e9gion des Lumi\u00e8res, la collectivit\u00e9 que vous pr\u00e9sidez prenait part \u00e0 la F\u00eate des Lumi\u00e8res du 5 au 7 d\u00e9cembre, et reviendra du 26 au 31 d\u00e9cembre \u00e0 Fourvi\u00e8re. Vous avez de premiers retours positifs ?<\/strong><\/p>\n<p><strong>Fabrice Pannekoucke<\/strong> : Sur notre programmation du 5 au 7 d\u00e9cembre, on a quasiment doubl\u00e9 la fr\u00e9quentation par rapport \u00e0 2024. Donc, c\u2019est un \u00e9norme succ\u00e8s. On est l\u00e0 \u00e0 180 000 spectateurs. \u00c7a veut dire qu\u2019on a consolid\u00e9 un public. Il n\u2019y a pas un message \u00e0 proprement parler, il y a plus un partage autour des \u00e9motions, de la culture, du patrimoine. Et \u00e7a, c\u2019est ce qui fait qu\u2019on en est quand m\u00eame particuli\u00e8rement satisfait.<\/p>\n<p>Le fait de le faire \u00e0 Lyon et sur ces dates, c\u2019est \u00e9videmment une part de l\u2019\u00e2me de la ville qui s\u2019exprime en r\u00e9alit\u00e9. Parce que du 5 au 7, on est juste avant le 8, l&rsquo;Immacul\u00e9e Conception. Et apr\u00e8s le 25, donc No\u00ebl, on est aussi sur un bornage dans le calendrier qui dit \u00e9norm\u00e9ment de choses. Alors vous auriez raison de me dire que d\u00e9clarer \u00e7a le jour des 120 ans de la loi de 1905&#8230; D\u2019abord je l\u2019assume. Mais en plus c\u2019est patrimonial. On parle de l\u2019histoire de Lyon, on parle de racines aussi qui sont culturelles. On est sur quelque chose d\u2019historique et qui renvoie quelque part en racines qui fait qu\u2019on se retrouve tous autour d\u2019un m\u00eame esprit. On est \u00e9videmment fiers de ce r\u00e9sultat, et puis qu\u2019\u00e0 notre mani\u00e8re, on contribue \u00e0 entretenir cette lumi\u00e8re qui fait rayonner Lyon avec toutes les valeurs qui y sont directement associ\u00e9es.<\/p>\n<p><strong>La F\u00eate des Lumi\u00e8res 2025 a pourtant \u00e9t\u00e9 plut\u00f4t d\u00e9cri\u00e9e par les \u00e9lus, les Lyonnais ou les touristes. Qu&rsquo;en avez-vous pens\u00e9 ?<\/strong><\/p>\n<p>Je sors de ma r\u00e9serve, mais je l\u2019assume l\u00e0 aussi compl\u00e8tement. Les \u00e9cologistes ont massacr\u00e9 ce qui est en r\u00e9alit\u00e9 une page de culture et ce que la F\u00eate des Lumi\u00e8res doit incarner. Quand on voit que la mairie a baiss\u00e9 son budget de 800 000 euros, que la M\u00e9tropole a arr\u00eat\u00e9 son soutien de 80 000 euros&#8230; Mais au-del\u00e0 de l\u2019argent, c\u2019est la mani\u00e8re avec laquelle \u00e7a s\u2019est transform\u00e9 sur le terrain : rien \u00e0 Bellecour cette ann\u00e9e. Rien \u00e0 Croix-Rousse ou \u00e0 Gerland, c\u2019est une perte \u00e9videmment. Parce que \u00e7a veut dire que ces territoires, ces secteurs qui sont importants, on ne les retrouve pas. Et \u00e7a, sur le principe, pour moi, c\u2019est une v\u00e9ritable perte. C\u2019est une v\u00e9ritable d\u00e9gradation, un massacre.<\/p>\n<p><strong>Les messages anti-police projet\u00e9s samedi par les Soul\u00e8vements de la Terre place des Terreaux vous ont r\u00e9volt\u00e9s&#8230;<\/strong><\/p>\n<p>C\u2019est mon deuxi\u00e8me flop qui est absolument terrible. Ce qui s\u2019est pass\u00e9 est proprement inacceptable. Cette attaque, parce qu\u2019il n\u2019y a pas d\u2019autre mot, \u00e0 l\u2019endroit des forces de l\u2019ordre, elle n\u2019est pas acceptable. D\u2019abord parce que sans forces de l\u2019ordre, il n\u2019y a pas de F\u00eate des Lumi\u00e8res. Et je vais vous reprendre un autre \u00e9v\u00e9nement qui m\u2019a \u00e9norm\u00e9ment marqu\u00e9 et o\u00f9 j\u2019ai l\u2019impression de voir des similitudes. Lors des manifestations de cet automne, \u00e0 Aurillac, les \u00e9cologistes ont distribu\u00e9 des pav\u00e9s en mousse aux gamins pour qu\u2019ils les jettent sur une banque. Eh bien, j\u2019ai l\u2019impression de voir la m\u00eame chose. Alors vous allez me dire &lsquo;Bah oui, d\u2019accord, mais quand on jette des pav\u00e9s en mousse, quand on diffuse des images sur une fa\u00e7ade, \u00e7a ne tue personne&rsquo;. C\u2019est vrai. Ils n&rsquo;ont tu\u00e9 personne. Mais en r\u00e9alit\u00e9, toutes les valeurs, toute la force des messages diffus\u00e9s, c\u2019est une \u00e9norme d\u00e9gradation. Et malheureusement, elle est durable.<\/p>\n<p>Et \u00e9videmment, on va consid\u00e9rer qu\u2019il y a eu des prises de parole pour s\u2019exon\u00e9rer (Gr\u00e9gory Doucet a condamn\u00e9 les messages, Bruno Bernard a retweet\u00e9 le message de condamnation de la pr\u00e9f\u00e8te ndlr). Non, la parole n\u2019a pas \u00e9t\u00e9 \u00e0 la hauteur de ce qui a \u00e9t\u00e9 projet\u00e9. Ce n&rsquo;est pas acceptable. Dans le m\u00eame temps o\u00f9 nous d\u00e9voilons une statue pour se souvenir du sacrifice du colonel Beltrame \u00e0 Meyzieu, on laisse diffuser dans cette ville des messages contre les forces de l\u2019ordre&#8230;<\/p>\n<p><strong>Cette ann\u00e9e, les Lumignons du Coeur et l&rsquo;oeuvre place des Jacobins \u00e9taient revers\u00e9s \u00e0 l&rsquo;association Singa qui lutte pour l&rsquo;int\u00e9gration des migrants. Qu&rsquo;avez-vous pens\u00e9 de ce choix ?<\/strong><\/p>\n<p>On arrive dans une exploitation. On est dans un copinage politique, et en plus, au service de valeurs sur lesquelles on pourrait avoir une discussion en profondeur, mais que bien s\u00fbr je ne partage \u00e9videmment pas. Je n&rsquo;ai pas besoin de vous raconter qui est derri\u00e8re tout \u00e7a. Et on se demande o\u00f9 est le message. On est pass\u00e9 de ce qui fait une qualit\u00e9, en r\u00e9alit\u00e9, \u00e0 une exploitation. Et de la m\u00eame mani\u00e8re que la projection place des Terreaux. Franchement, c\u2019est une \u00e9norme tristesse de voir une telle d\u00e9gradation. On est dans la ville de la gastronomie. Moi, je passe mes journ\u00e9es \u00e0 faire cette promotion-l\u00e0 de notre r\u00e9gion, de ce que Lyon incarne avec sa gastronomie. Le lundi, c\u2019est Ravioli, avec un d\u00e9fil\u00e9 de bo\u00eetes de conserve sur les fa\u00e7ades ? Franchement, si on veut casser ce qui fait justement la valeur et les messages de ce que cette ville doit faire rayonner, on est compl\u00e8tement \u00e0 c\u00f4t\u00e9. Ce sont des contre-messages, en r\u00e9alit\u00e9, qui ont \u00e9t\u00e9 diffus\u00e9s !<\/p>\n<p><strong>Cette F\u00eate des Lumi\u00e8res 2025 porte la marque des \u00e9cologistes selon vous ?<\/strong><\/p>\n<p>Des milliers de touristes sont \u00e0 Lyon. Et on leur envoie des images d\u00e9gueulasses, pardon, j\u2019aurais pu dire moches, de cette F\u00eate des Lumi\u00e8res. Du coup, on ne fait pas rayonner la ville. On se laisse cannibaliser par des messages qui d\u00e9gradent les forces de l\u2019ordre. On envoie des messages qui sont \u00e0 l\u2019antith\u00e8se de la gastronomie. Gr\u00e9gory Doucet a dit d\u00e9couvrir des oeuvres le jour de la conf\u00e9rence de presse, ce n&rsquo;est pas s\u00e9rieux !<\/p>\n<p>Il m\u2019arrivait encore parfois de me demander jusqu\u2019o\u00f9 irait ce qui peut nous s\u00e9parer entre les \u00e9cologistes et nous. Bon, je crois que cette fois, on est vraiment arriv\u00e9s au maximum de ce qui \u00e9tait acceptable. Un mandat de plus, ce n&rsquo;est pas possible ! Tout le monde en a marre. Ce n&rsquo;est plus acceptable au quotidien. Mais \u00e7a l\u2019est encore moins quand on vient d\u00e9grader ce qui normalement doit faire rayonner la ville de la lumi\u00e8re et de la gastronomie. Je pense qu\u2019on est au bout.<\/p>\n","protected":false},"excerpt":{"rendered":"LyonMag : Avec la R\u00e9gion des Lumi\u00e8res, la collectivit\u00e9 que vous pr\u00e9sidez prenait part \u00e0 la F\u00eate des&hellip;\n","protected":false},"author":2,"featured_media":589244,"comment_status":"","ping_status":"","sticky":false,"template":"","format":"standard","meta":{"footnotes":""},"categories":[1889],"tags":[1111,11,2813,2190,2430,1109,251,1112,2811,1777,674,118,1011,27,1922,1110,1114,2428,2810,12,241,316,25,2812,517,800],"class_list":{"0":"post-589243","1":"post","2":"type-post","3":"status-publish","4":"format-standard","5":"has-post-thumbnail","7":"category-lyon","8":"tag-actu","9":"tag-actualites","10":"tag-article","11":"tag-asvel","12":"tag-auvergne-rhone-alpes","13":"tag-breves","14":"tag-culture","15":"tag-depeches","16":"tag-economique","17":"tag-eu","18":"tag-europe","19":"tag-faits-divers","20":"tag-fr","21":"tag-france","22":"tag-info","23":"tag-informations","24":"tag-infos","25":"tag-lyon","26":"tag-lyonmag","27":"tag-news","28":"tag-ol","29":"tag-politique","30":"tag-republique-francaise","31":"tag-sociale","32":"tag-sport","33":"tag-transports"},"share_on_mastodon":{"url":"https:\/\/pubeurope.com\/@fr\/115691649951405652","error":""},"_links":{"self":[{"href":"https:\/\/www.europesays.com\/fr\/wp-json\/wp\/v2\/posts\/589243","targetHints":{"allow":["GET"]}}],"collection":[{"href":"https:\/\/www.europesays.com\/fr\/wp-json\/wp\/v2\/posts"}],"about":[{"href":"https:\/\/www.europesays.com\/fr\/wp-json\/wp\/v2\/types\/post"}],"author":[{"embeddable":true,"href":"https:\/\/www.europesays.com\/fr\/wp-json\/wp\/v2\/users\/2"}],"replies":[{"embeddable":true,"href":"https:\/\/www.europesays.com\/fr\/wp-json\/wp\/v2\/comments?post=589243"}],"version-history":[{"count":0,"href":"https:\/\/www.europesays.com\/fr\/wp-json\/wp\/v2\/posts\/589243\/revisions"}],"wp:featuredmedia":[{"embeddable":true,"href":"https:\/\/www.europesays.com\/fr\/wp-json\/wp\/v2\/media\/589244"}],"wp:attachment":[{"href":"https:\/\/www.europesays.com\/fr\/wp-json\/wp\/v2\/media?parent=589243"}],"wp:term":[{"taxonomy":"category","embeddable":true,"href":"https:\/\/www.europesays.com\/fr\/wp-json\/wp\/v2\/categories?post=589243"},{"taxonomy":"post_tag","embeddable":true,"href":"https:\/\/www.europesays.com\/fr\/wp-json\/wp\/v2\/tags?post=589243"}],"curies":[{"name":"wp","href":"https:\/\/api.w.org\/{rel}","templated":true}]}}