{"id":589245,"date":"2025-12-09T21:08:24","date_gmt":"2025-12-09T21:08:24","guid":{"rendered":"https:\/\/www.europesays.com\/fr\/589245\/"},"modified":"2025-12-09T21:08:24","modified_gmt":"2025-12-09T21:08:24","slug":"ile-de-france-mauvaise-nouvelle-la-ligne-15-sud-du-grand-paris-prend-beaucoup-de-retard","status":"publish","type":"post","link":"https:\/\/www.europesays.com\/fr\/589245\/","title":{"rendered":"\u00cele-de-France : mauvaise nouvelle, la ligne 15 Sud du Grand Paris prend beaucoup de retard"},"content":{"rendered":"<p>Ceux qui attendaient avec impatience le lancement des <a href=\"https:\/\/www.capital.fr\/economie-politique\/metro-parisien-24h-24-le-projet-refait-surface-mais-qui-va-payer-1520162\" target=\"_blank\" rel=\"noopener\">nouvelles lignes de m\u00e9tro<\/a> vont \u00eatre d\u00e9\u00e7us. La Soci\u00e9t\u00e9 des Grands Projets (SGP) a annonc\u00e9 que du retard avait \u00e9t\u00e9 pris pour le lancement des lignes de <a href=\"https:\/\/www.capital.fr\/votre-argent\/bon-de-transport-personnes-concernees-et-demarches-pour-lobtenir-1439974\" target=\"_blank\" rel=\"noopener\">m\u00e9tro<\/a> 15 Sud, 16 et 17 du <a href=\"https:\/\/www.capital.fr\/entreprises-marches\/plongee-dans-lusine-qui-fabrique-les-tuneliers-geants-du-grand-paris-express-1458639\" target=\"_blank\" rel=\"noopener\">Grand Paris Express<\/a>. La premi\u00e8re, qui devait \u00eatre mise en route en ce mois de d\u00e9cembre 2025, avait d\u00e9j\u00e0 du retard. Elle avait finalement \u00e9t\u00e9 annonc\u00e9e pour fin 2026, et maintenant pour <strong>avril 2027 <\/strong>: \u00abUn travail intense de plusieurs mois avec l\u2019ensemble de partenaires et entreprises sur le planning de r\u00e9alisation de la ligne nous permet de stabiliser un objectif de mise en service d\u00e9but 2027 (avec avril 2027 comme date butoir).\u00bb<\/p>\n<p>La date pr\u00e9cise de l\u2019ouverture de la ligne<strong> n\u2019est pas encore connue<\/strong>. Pour le moment, on sait que<strong> <\/strong>\u00abla phase d\u2019essais du mat\u00e9riel roulant et des \u00e9quipements en gare se poursuit, s\u2019intensifie et va s\u2019\u00e9tendre progressivement \u00e0 l\u2019ensemble de la ligne 15 Sud dans le courant de l\u2019ann\u00e9e 2026\u00bb. Mais ce retard n\u2019impactera pas uniquement la ligne 15 Sud, qui reliera Noisy-Champs \u00e0 Pont-de-S\u00e8vres.<\/p>\n<p>Les lignes 16 et 17 impact\u00e9es<\/p>\n<p>\u00abLa mise en service des premiers tron\u00e7ons des lignes 16 et 17, qui relieront Saint-Denis Pleyel respectivement \u00e0 Noisy-Champs et au Mesnil-Amelot (Seine-et-Marne), est d\u00e9sormais pr\u00e9vue \u00e0 fin 2027 en raison de l\u2019interd\u00e9pendance entre ces lignes qui partagent le m\u00eame syst\u00e8me d\u2019automatisme de conduite\u00bb, annonce \u00e9galement la SGP. Elles devaient initialement \u00eatre mises en route au deuxi\u00e8me trimestre 2027. Il va donc falloir faire preuve de patience. <strong>La ligne 18,<\/strong> qui reliera les gares de Massy-Palaiseau et Christ de Saclay (Essonne), devrait \u00eatre lanc\u00e9e avant. Celle-ci est toujours pr\u00e9vue pour <strong>octobre 2026.<\/strong><\/p>\n","protected":false},"excerpt":{"rendered":"Ceux qui attendaient avec impatience le lancement des nouvelles lignes de m\u00e9tro vont \u00eatre d\u00e9\u00e7us. La Soci\u00e9t\u00e9 des&hellip;\n","protected":false},"author":2,"featured_media":589246,"comment_status":"","ping_status":"","sticky":false,"template":"","format":"standard","meta":{"footnotes":""},"categories":[1592],"tags":[1111,11,1777,674,1011,27,6306,662,16077,12,626,25,2803],"class_list":{"0":"post-589245","1":"post","2":"type-post","3":"status-publish","4":"format-standard","5":"has-post-thumbnail","7":"category-ile-de-france","8":"tag-actu","9":"tag-actualites","10":"tag-eu","11":"tag-europe","12":"tag-fr","13":"tag-france","14":"tag-grand-paris","15":"tag-ile-de-france","16":"tag-mu00e9tro","17":"tag-news","18":"tag-paris","19":"tag-republique-francaise","20":"tag-transport"},"share_on_mastodon":{"url":"https:\/\/pubeurope.com\/@fr\/115691657946236873","error":""},"_links":{"self":[{"href":"https:\/\/www.europesays.com\/fr\/wp-json\/wp\/v2\/posts\/589245","targetHints":{"allow":["GET"]}}],"collection":[{"href":"https:\/\/www.europesays.com\/fr\/wp-json\/wp\/v2\/posts"}],"about":[{"href":"https:\/\/www.europesays.com\/fr\/wp-json\/wp\/v2\/types\/post"}],"author":[{"embeddable":true,"href":"https:\/\/www.europesays.com\/fr\/wp-json\/wp\/v2\/users\/2"}],"replies":[{"embeddable":true,"href":"https:\/\/www.europesays.com\/fr\/wp-json\/wp\/v2\/comments?post=589245"}],"version-history":[{"count":0,"href":"https:\/\/www.europesays.com\/fr\/wp-json\/wp\/v2\/posts\/589245\/revisions"}],"wp:featuredmedia":[{"embeddable":true,"href":"https:\/\/www.europesays.com\/fr\/wp-json\/wp\/v2\/media\/589246"}],"wp:attachment":[{"href":"https:\/\/www.europesays.com\/fr\/wp-json\/wp\/v2\/media?parent=589245"}],"wp:term":[{"taxonomy":"category","embeddable":true,"href":"https:\/\/www.europesays.com\/fr\/wp-json\/wp\/v2\/categories?post=589245"},{"taxonomy":"post_tag","embeddable":true,"href":"https:\/\/www.europesays.com\/fr\/wp-json\/wp\/v2\/tags?post=589245"}],"curies":[{"name":"wp","href":"https:\/\/api.w.org\/{rel}","templated":true}]}}