{"id":589249,"date":"2025-12-09T21:10:14","date_gmt":"2025-12-09T21:10:14","guid":{"rendered":"https:\/\/www.europesays.com\/fr\/589249\/"},"modified":"2025-12-09T21:10:14","modified_gmt":"2025-12-09T21:10:14","slug":"le-candidat-ps-a-la-mairie-de-paris-emmanuel-gregoire-favorable-a-une-vente-du-parc-des-princes-au-psg","status":"publish","type":"post","link":"https:\/\/www.europesays.com\/fr\/589249\/","title":{"rendered":"Le candidat PS \u00e0 la mairie de Paris Emmanuel Gr\u00e9goire favorable \u00e0 une vente du Parc des Princes au PSG"},"content":{"rendered":"<p class=\"mb-4 text-lg md:leading-8 break-words\">Emmanuel Gr\u00e9goire, candidat socialiste \u00e0 la mairie de Paris, s&rsquo;est d\u00e9clar\u00e9 favorable \u00e0 la vente du Parc des Princes au Paris Saint-Germain, affirmant vouloir \u00ab\u00a0sortir des postures pour trouver une issue\u00a0\u00bb et maintenir le club dans la capitale d\u00e8s 2026, dans un entretien diffus\u00e9 mardi par L&rsquo;\u00c9quipe.<\/p>\n<p class=\"mb-4 text-lg md:leading-8 break-words\">Alors que les n\u00e9gociations sont actuellement au point mort, l&rsquo;ancien premier adjoint d&rsquo;Anne Hidalgo souhaite soumettre \u00ab\u00a0deux options\u00a0\u00bb au Conseil de Paris pour d\u00e9bloquer la situation: un bail de longue dur\u00e9e ou une cession pure et simple de l&rsquo;enceinte.<\/p>\n<p class=\"mb-4 text-lg md:leading-8 break-words\">\u00ab\u00a0Oui, Maire, la vente est une option que je proposerai au Conseil de Paris\u00a0\u00bb, assure l&rsquo;\u00e9lu, marquant une rupture avec la ligne actuelle de la municipalit\u00e9.<\/p>\n<p class=\"mb-4 text-lg md:leading-8 break-words\">La ville est en froid depuis plusieurs ann\u00e9es avec les dirigeants du\u00a0PSG, qui souhaitaient racheter le stade pour mener \u00e0 bien leurs travaux d&rsquo;am\u00e9nagement et d&rsquo;agrandissement, afin notamment de passer d&rsquo;une jauge de 48.000 \u00e0 60.000 places.<\/p>\n<p class=\"mb-4 text-lg md:leading-8 break-words\">Face au refus persistant de la mairie, le patron qatari du\u00a0PSG Nasser Al-Khela\u00effi avait annonc\u00e9 en f\u00e9vrier 2024 vouloir quitter la capitale. Dix sites franciliens avaient alors manifest\u00e9 leur int\u00e9r\u00eat pour accueillir le club.<\/p>\n<p class=\"mb-4 text-lg md:leading-8 break-words\">Cette \u00e9ventuelle cession serait toutefois encadr\u00e9e par des clauses strictes, interdisant notamment le \u00ab\u00a0naming\u00a0\u00bb pour pr\u00e9server l&rsquo;appellation \u00ab\u00a0Parc des Princes\u00a0\u00bb et obligeant le site \u00e0 rester un stade de football, m\u00eame en cas de faillite du club ou de revente par l&rsquo;actionnaire.<\/p>\n<p class=\"mb-4 text-lg md:leading-8 break-words\">La Ville conserverait par ailleurs un \u00ab\u00a0droit prioritaire de rachat\u00a0\u00bb et exigerait une protection patrimoniale du b\u00e2ti.<\/p>\n<p class=\"mb-4 text-lg md:leading-8 break-words\">Au-del\u00e0 du stade, Emmanuel Gr\u00e9goire dit porter un projet de \u00ab\u00a0Nouveau Parc des Princes\u00a0\u00bb incluant la couverture d&rsquo;une partie du p\u00e9riph\u00e9rique pour cr\u00e9er un jardin et le d\u00e9veloppement d&rsquo;une zone commerciale \u00e0 la Porte de Saint-Cloud pour augmenter les revenus du club.<\/p>\n<p class=\"mb-4 text-lg md:leading-8 break-words\">Ce programme immobilier permettrait au PSG de d\u00e9velopper des activit\u00e9s \u00e9conomiques (mus\u00e9e, loisirs) tout en finan\u00e7ant la r\u00e9novation d&rsquo;\u00e9quipements sportifs de proximit\u00e9, comme des gymnases souterrains.<\/p>\n<p class=\"mb-4 text-lg md:leading-8 break-words\">\u00ab\u00a0Je souhaite dire aux Parisiennes et Parisiens qui souhaitent que le PSG reste au Parc des Princes que c&rsquo;est possible\u00a0\u00bb, conclut le candidat, qui esp\u00e8re concr\u00e9tiser ce projet \u00ab\u00a0d\u00e8s 2026\u00a0\u00bb.<\/p>\n<p class=\"mb-4 text-lg md:leading-8 break-words\">djb\/asl\/mpm<\/p>\n","protected":false},"excerpt":{"rendered":"Emmanuel Gr\u00e9goire, candidat socialiste \u00e0 la mairie de Paris, s&rsquo;est d\u00e9clar\u00e9 favorable \u00e0 la vente du Parc des&hellip;\n","protected":false},"author":2,"featured_media":589250,"comment_status":"","ping_status":"","sticky":false,"template":"","format":"standard","meta":{"footnotes":""},"categories":[1888],"tags":[1111,1928,11,1927,61744,2617,1777,674,1011,27,4909,2381,12,1926,2334,626,1925,93,25],"class_list":{"0":"post-589249","1":"post","2":"type-post","3":"status-publish","4":"format-standard","5":"has-post-thumbnail","7":"category-paris","8":"tag-actu","9":"tag-actu-paris","10":"tag-actualites","11":"tag-actualites-paris","12":"tag-candidat-socialiste","13":"tag-conseil-de-paris","14":"tag-eu","15":"tag-europe","16":"tag-fr","17":"tag-france","18":"tag-la-capitale","19":"tag-mairie-de-paris","20":"tag-news","21":"tag-news-paris","22":"tag-parc-des-princes","23":"tag-paris","24":"tag-paris-news","25":"tag-psg","26":"tag-republique-francaise"},"share_on_mastodon":{"url":"https:\/\/pubeurope.com\/@fr\/115691665816648297","error":""},"_links":{"self":[{"href":"https:\/\/www.europesays.com\/fr\/wp-json\/wp\/v2\/posts\/589249","targetHints":{"allow":["GET"]}}],"collection":[{"href":"https:\/\/www.europesays.com\/fr\/wp-json\/wp\/v2\/posts"}],"about":[{"href":"https:\/\/www.europesays.com\/fr\/wp-json\/wp\/v2\/types\/post"}],"author":[{"embeddable":true,"href":"https:\/\/www.europesays.com\/fr\/wp-json\/wp\/v2\/users\/2"}],"replies":[{"embeddable":true,"href":"https:\/\/www.europesays.com\/fr\/wp-json\/wp\/v2\/comments?post=589249"}],"version-history":[{"count":0,"href":"https:\/\/www.europesays.com\/fr\/wp-json\/wp\/v2\/posts\/589249\/revisions"}],"wp:featuredmedia":[{"embeddable":true,"href":"https:\/\/www.europesays.com\/fr\/wp-json\/wp\/v2\/media\/589250"}],"wp:attachment":[{"href":"https:\/\/www.europesays.com\/fr\/wp-json\/wp\/v2\/media?parent=589249"}],"wp:term":[{"taxonomy":"category","embeddable":true,"href":"https:\/\/www.europesays.com\/fr\/wp-json\/wp\/v2\/categories?post=589249"},{"taxonomy":"post_tag","embeddable":true,"href":"https:\/\/www.europesays.com\/fr\/wp-json\/wp\/v2\/tags?post=589249"}],"curies":[{"name":"wp","href":"https:\/\/api.w.org\/{rel}","templated":true}]}}