{"id":589251,"date":"2025-12-09T21:11:14","date_gmt":"2025-12-09T21:11:14","guid":{"rendered":"https:\/\/www.europesays.com\/fr\/589251\/"},"modified":"2025-12-09T21:11:14","modified_gmt":"2025-12-09T21:11:14","slug":"exposition-philip-guston-a-paris-lironie-de-lhistoire","status":"publish","type":"post","link":"https:\/\/www.europesays.com\/fr\/589251\/","title":{"rendered":"Exposition Philip Guston \u00e0 Paris : L\u2019Ironie de l\u2019histoire"},"content":{"rendered":"<p class=\"pf0\"><strong>Le Mus\u00e9e Picasso-Paris consacre une exposition \u00e0 Philip Guston, l\u2019un des peintres am\u00e9ricains majeurs du XXe si\u00e8cle. L\u2019ironie de l\u2019histoire met en lumi\u00e8re ses dessins inspir\u00e9s par Philip Roth et son humour politique grin\u00e7ant. L\u2019enjeu est aussi de montrer comment sa peinture, \u00e0 la fois expressive et satirique, dialogue avec la caricature et la bande dessin\u00e9e. Une plong\u00e9e fascinante dans un art engag\u00e9 et provocateur.<\/strong><\/p>\n<p>Philip Guston : l\u2019art de la critique<\/p>\n<p class=\"pf0\">Il a toujours utilis\u00e9 l\u2019art comme un outil de critique sociale et politique. Et c\u2019est la raison pour laquelle Philip Guston a gagn\u00e9 une place \u00e0 part dans la peinture am\u00e9ricaine moderne. D\u00e8s ses d\u00e9buts \u00e0 Los Angeles, il choque son \u00e9cole d\u2019art en r\u00e9alisant des images satiriques du corps enseignant. Une lecture artistique qui lui vaut l\u2019exclusion.<\/p>\n<p class=\"pf0\">Plus tard, il s\u2019attaque aux exactions du Ku Klux Klan dans des peintures qui seront vandalis\u00e9es par des membres cagoul\u00e9s lors de leur exposition publique. Guston ne fuit jamais la controverse, m\u00eame dans une Am\u00e9rique fractur\u00e9e. Et l\u2019artiste transforme volontairement la peinture en arme contre les figures d\u2019autorit\u00e9.<\/p>\n<p class=\"pf0\">Dans les ann\u00e9es 1960, apr\u00e8s avoir \u00e9t\u00e9 un acteur cl\u00e9 de l\u2019\u00e9cole de New York et de l\u2019abstraction am\u00e9ricaine, il revient \u00e0 la figuration. Et il choisit de s\u2019inspirer de la bande dessin\u00e9e. Cette union provoque alors un nouveau scandale. Mais c\u2019est bien cette audace formelle et politique qui rend son \u0153uvre si unique et essentielle pour comprendre l\u2019histoire de l\u2019art am\u00e9ricain moderne.<\/p>\n<p>Des dessins \u00e0 la peinture : la satire politique comme moteur cr\u00e9atif<\/p>\n<p class=\"pf0\">L\u2019exposition qui se tient actuellement au mus\u00e9e Picasso de Paris est donc l\u2019occasion de revisiter une \u0153uvre ludique, impertinente sur la forme mais toujours pertinente dans le fond. <\/p>\n<p class=\"pf0\">Le parcours s\u2019articule autour des dessins r\u00e9alis\u00e9s en \u00e9cho au livre satirique de Philip Roth Our Gang. Un ouvrage qui cible le pr\u00e9sident Nixon et son administration. Pour ce projet, Guston cr\u00e9e plus de 80 dessins o\u00f9 se retrouve notamment l\u2019inspiration des Songes et mensonges de Picasso.<\/p>\n<p class=\"pf0\">Ces \u00ab Nixon Drawings \u00bb d\u00e9montrent la capacit\u00e9 de Guston \u00e0 transformer la satire en langage visuel. La peinture aborde le grotesque, le caricatural, mais elle reste toujours profond\u00e9ment expressive. Guston capte l\u2019\u00e9nergie de ses personnages, et il la transpose en couleurs et formes puissantes. Son objectif ? Cultiver un dialogue permanent entre dessin et toile, humour noir et gravit\u00e9, critique sociale et art.<\/p>\n<p class=\"pf0\">Pour le visiteur, m\u00eame novice, l\u2019exposition est une introduction accessible \u00e0 un artiste qui a su, toute sa vie, m\u00ealer engagement politique et audace formelle. Comprendre Guston, c\u2019est comprendre comment la peinture peut \u00eatre un outil de critique et de r\u00e9flexion sur l\u2019histoire, la soci\u00e9t\u00e9 et les absurdit\u00e9s du pouvoir.<\/p>\n<p class=\"pf0\">Philip Guston, L\u2019ironie de l\u2019histoire<\/p>\n<p class=\"pf0\"><a href=\"https:\/\/www.museepicassoparis.fr\/fr\" target=\"_blank\" rel=\"noopener\">Mus\u00e9e Picasso-Paris \u2013 jusqu\u2019au 1e mars 2026<\/a><\/p>\n<p>\u00a0<\/p>\n<p><strong>\u00c0 lire aussi :<\/strong><\/p>\n<p>Similaire<\/p>\n","protected":false},"excerpt":{"rendered":"Le Mus\u00e9e Picasso-Paris consacre une exposition \u00e0 Philip Guston, l\u2019un des peintres am\u00e9ricains majeurs du XXe si\u00e8cle. L\u2019ironie&hellip;\n","protected":false},"author":2,"featured_media":589252,"comment_status":"","ping_status":"","sticky":false,"template":"","format":"standard","meta":{"footnotes":""},"categories":[1888],"tags":[11,1777,674,70243,1011,27,70244,70245,12,626,70246,62693,25],"class_list":{"0":"post-589251","1":"post","2":"type-post","3":"status-publish","4":"format-standard","5":"has-post-thumbnail","7":"category-paris","8":"tag-actualites","9":"tag-eu","10":"tag-europe","11":"tag-exposition-de-peinture","12":"tag-fr","13":"tag-france","14":"tag-histoire-de-la-peinture","15":"tag-musee-picasso-paris","16":"tag-news","17":"tag-paris","18":"tag-peinture-americaine","19":"tag-philip-guston","20":"tag-republique-francaise"},"share_on_mastodon":{"url":"https:\/\/pubeurope.com\/@fr\/115691669772087356","error":""},"_links":{"self":[{"href":"https:\/\/www.europesays.com\/fr\/wp-json\/wp\/v2\/posts\/589251","targetHints":{"allow":["GET"]}}],"collection":[{"href":"https:\/\/www.europesays.com\/fr\/wp-json\/wp\/v2\/posts"}],"about":[{"href":"https:\/\/www.europesays.com\/fr\/wp-json\/wp\/v2\/types\/post"}],"author":[{"embeddable":true,"href":"https:\/\/www.europesays.com\/fr\/wp-json\/wp\/v2\/users\/2"}],"replies":[{"embeddable":true,"href":"https:\/\/www.europesays.com\/fr\/wp-json\/wp\/v2\/comments?post=589251"}],"version-history":[{"count":0,"href":"https:\/\/www.europesays.com\/fr\/wp-json\/wp\/v2\/posts\/589251\/revisions"}],"wp:featuredmedia":[{"embeddable":true,"href":"https:\/\/www.europesays.com\/fr\/wp-json\/wp\/v2\/media\/589252"}],"wp:attachment":[{"href":"https:\/\/www.europesays.com\/fr\/wp-json\/wp\/v2\/media?parent=589251"}],"wp:term":[{"taxonomy":"category","embeddable":true,"href":"https:\/\/www.europesays.com\/fr\/wp-json\/wp\/v2\/categories?post=589251"},{"taxonomy":"post_tag","embeddable":true,"href":"https:\/\/www.europesays.com\/fr\/wp-json\/wp\/v2\/tags?post=589251"}],"curies":[{"name":"wp","href":"https:\/\/api.w.org\/{rel}","templated":true}]}}