{"id":589255,"date":"2025-12-09T21:13:14","date_gmt":"2025-12-09T21:13:14","guid":{"rendered":"https:\/\/www.europesays.com\/fr\/589255\/"},"modified":"2025-12-09T21:13:14","modified_gmt":"2025-12-09T21:13:14","slug":"russie-des-vies-ordinaires-face-a-un-4eme-hiver-de-guerre-grand-reportage","status":"publish","type":"post","link":"https:\/\/www.europesays.com\/fr\/589255\/","title":{"rendered":"Russie\u00a0: des vies ordinaires face \u00e0 un 4\u00e8me\u00a0hiver de guerre &#8211; Grand reportage"},"content":{"rendered":"<p>\n                                                La question de la fin des combats en Ukraine est dans toutes les t\u00eates ou presque. Entre \u00e9changes diplomatiques secrets et fuites dans les m\u00e9dias, d\u00e9clarations fracassantes et rencontres au sommet. Sauf en Russie pour les simples citoyens que nous sommes all\u00e9s rencontrer, De Belgorod, ville frontali\u00e8re de l\u2019Ukraine, \u00e0 Moscou, en passant par Iaroslav.                    <\/p>\n<p><strong>\u00abRussie\u00a0: des vies ordinaires face \u00e0 un 4\u00e8me\u00a0hiver de guerre\u00bb, un Grand reportage d&rsquo;Anissa El Jabri.\u00a0<\/strong><\/p>\n","protected":false},"excerpt":{"rendered":"La question de la fin des combats en Ukraine est dans toutes les t\u00eates ou presque. Entre \u00e9changes&hellip;\n","protected":false},"author":2,"featured_media":589256,"comment_status":"","ping_status":"","sticky":false,"template":"","format":"standard","meta":{"footnotes":""},"categories":[1591],"tags":[11,674,1887,2494,12,1885,1886,132,220],"class_list":{"0":"post-589255","1":"post","2":"type-post","3":"status-publish","4":"format-standard","5":"has-post-thumbnail","7":"category-russie","8":"tag-actualites","9":"tag-europe","10":"tag-federation-de-russie","11":"tag-grand-reportage","12":"tag-news","13":"tag-russia","14":"tag-russian-federation","15":"tag-russie","16":"tag-ukraine"},"share_on_mastodon":{"url":"https:\/\/pubeurope.com\/@fr\/115691677618428405","error":""},"_links":{"self":[{"href":"https:\/\/www.europesays.com\/fr\/wp-json\/wp\/v2\/posts\/589255","targetHints":{"allow":["GET"]}}],"collection":[{"href":"https:\/\/www.europesays.com\/fr\/wp-json\/wp\/v2\/posts"}],"about":[{"href":"https:\/\/www.europesays.com\/fr\/wp-json\/wp\/v2\/types\/post"}],"author":[{"embeddable":true,"href":"https:\/\/www.europesays.com\/fr\/wp-json\/wp\/v2\/users\/2"}],"replies":[{"embeddable":true,"href":"https:\/\/www.europesays.com\/fr\/wp-json\/wp\/v2\/comments?post=589255"}],"version-history":[{"count":0,"href":"https:\/\/www.europesays.com\/fr\/wp-json\/wp\/v2\/posts\/589255\/revisions"}],"wp:featuredmedia":[{"embeddable":true,"href":"https:\/\/www.europesays.com\/fr\/wp-json\/wp\/v2\/media\/589256"}],"wp:attachment":[{"href":"https:\/\/www.europesays.com\/fr\/wp-json\/wp\/v2\/media?parent=589255"}],"wp:term":[{"taxonomy":"category","embeddable":true,"href":"https:\/\/www.europesays.com\/fr\/wp-json\/wp\/v2\/categories?post=589255"},{"taxonomy":"post_tag","embeddable":true,"href":"https:\/\/www.europesays.com\/fr\/wp-json\/wp\/v2\/tags?post=589255"}],"curies":[{"name":"wp","href":"https:\/\/api.w.org\/{rel}","templated":true}]}}