{"id":589257,"date":"2025-12-09T21:14:14","date_gmt":"2025-12-09T21:14:14","guid":{"rendered":"https:\/\/www.europesays.com\/fr\/589257\/"},"modified":"2025-12-09T21:14:14","modified_gmt":"2025-12-09T21:14:14","slug":"sommet-italie-ukraine-volodymyr-zelensky-declare-avoir-confiance-en-giorgia-meloni","status":"publish","type":"post","link":"https:\/\/www.europesays.com\/fr\/589257\/","title":{"rendered":"Sommet Italie &#8211; Ukraine : Volodymyr Zelensky d\u00e9clare avoir \u00ab\u00a0confiance en Giorgia Meloni\u00a0\u00bb"},"content":{"rendered":"<p>\n  Par&amp;nbsp<b>Euronews<\/b>\n<\/p>\n<p>\n         Publi\u00e9 le<br \/>\n            09\/12\/2025 &#8211; 22:05 UTC+1\n            <\/p>\n<p>Une discussion \u00ab\u00a0tr\u00e8s approfondie sur tous les aspects de la situation diplomatique\u00a0\u00bb : c&rsquo;est ainsi que Volodymyr Zelensky a r\u00e9sum\u00e9 sa rencontre avec la Premi\u00e8re ministre italienne Giorgia Meloni, qui a eu lieu ce mardi au Palazzo Chigi de Rome.<\/p>\n<p>Apr\u00e8s les hymnes nationaux, les deux dirigeants se sont entretenus pendant pr\u00e8s d&rsquo;une heure et demie. Giorgia Meloni a notamment salu\u00e9 le travail de l&rsquo;\u00e9quipe de n\u00e9gociation ukrainienne. De son c\u00f4t\u00e9, le pr\u00e9sident ukrainien a d\u00e9clar\u00e9 qu&rsquo;il faisait confiance au gouvernement italien et qu&rsquo;il \u00e9tait \u00ab\u00a0toujours pr\u00eat\u00a0\u00bb pour la tenue de nouvelles \u00e9lections dans son pays, en r\u00e9ponse aux critiques de Donald Trump, qui lui a r\u00e9cemment reproch\u00e9 de ne pas avoir lu son plan de paix et appel\u00e9 Kyiv \u00e0 l&rsquo;organisation d&rsquo;un nouveau scrutin pr\u00e9sidentiel.<\/p>\n<p>Dans la matin\u00e9e, Volodymyr Zelensky a \u00e9t\u00e9 accueilli par le pape L\u00e9on XIV \u00e0 Castel Gandolfo, au sud de Rome. Le souverain pontife a r\u00e9it\u00e9r\u00e9 la \u00ab\u00a0n\u00e9cessit\u00e9 de poursuivre le dialogue\u00a0\u00bb, tandis que le pr\u00e9sident ukrainien l&rsquo;a inform\u00e9 du travail diplomatique avec les \u00c9tats-Unis et des efforts n\u00e9cessaires pour le retour des enfants enlev\u00e9s par la Russie.<\/p>\n<p>L&rsquo;\u00e9tape italienne de cette tourn\u00e9e diplomatique intervient apr\u00e8s de r\u00e9centes visites \u00e0 Londres et Bruxelles, o\u00f9 Volodymyr Zelensky a rencontr\u00e9 plusieurs dirigeants europ\u00e9ens et le secr\u00e9taire g\u00e9n\u00e9ral de l&rsquo;OTAN Mark Rutte.<\/p>\n","protected":false},"excerpt":{"rendered":"Par&amp;nbspEuronews Publi\u00e9 le 09\/12\/2025 &#8211; 22:05 UTC+1 Une discussion \u00ab\u00a0tr\u00e8s approfondie sur tous les aspects de la situation&hellip;\n","protected":false},"author":2,"featured_media":589258,"comment_status":"","ping_status":"","sticky":false,"template":"","format":"standard","meta":{"footnotes":""},"categories":[1590],"tags":[11,1777,674,3044,452,12,220,134],"class_list":{"0":"post-589257","1":"post","2":"type-post","3":"status-publish","4":"format-standard","5":"has-post-thumbnail","7":"category-ukraine","8":"tag-actualites","9":"tag-eu","10":"tag-europe","11":"tag-giorgia-meloni","12":"tag-italie","13":"tag-news","14":"tag-ukraine","15":"tag-volodymyr-zelensky"},"share_on_mastodon":{"url":"https:\/\/pubeurope.com\/@fr\/115691681701645269","error":""},"_links":{"self":[{"href":"https:\/\/www.europesays.com\/fr\/wp-json\/wp\/v2\/posts\/589257","targetHints":{"allow":["GET"]}}],"collection":[{"href":"https:\/\/www.europesays.com\/fr\/wp-json\/wp\/v2\/posts"}],"about":[{"href":"https:\/\/www.europesays.com\/fr\/wp-json\/wp\/v2\/types\/post"}],"author":[{"embeddable":true,"href":"https:\/\/www.europesays.com\/fr\/wp-json\/wp\/v2\/users\/2"}],"replies":[{"embeddable":true,"href":"https:\/\/www.europesays.com\/fr\/wp-json\/wp\/v2\/comments?post=589257"}],"version-history":[{"count":0,"href":"https:\/\/www.europesays.com\/fr\/wp-json\/wp\/v2\/posts\/589257\/revisions"}],"wp:featuredmedia":[{"embeddable":true,"href":"https:\/\/www.europesays.com\/fr\/wp-json\/wp\/v2\/media\/589258"}],"wp:attachment":[{"href":"https:\/\/www.europesays.com\/fr\/wp-json\/wp\/v2\/media?parent=589257"}],"wp:term":[{"taxonomy":"category","embeddable":true,"href":"https:\/\/www.europesays.com\/fr\/wp-json\/wp\/v2\/categories?post=589257"},{"taxonomy":"post_tag","embeddable":true,"href":"https:\/\/www.europesays.com\/fr\/wp-json\/wp\/v2\/tags?post=589257"}],"curies":[{"name":"wp","href":"https:\/\/api.w.org\/{rel}","templated":true}]}}