{"id":589261,"date":"2025-12-09T21:16:26","date_gmt":"2025-12-09T21:16:26","guid":{"rendered":"https:\/\/www.europesays.com\/fr\/589261\/"},"modified":"2025-12-09T21:16:26","modified_gmt":"2025-12-09T21:16:26","slug":"pourquoi-des-milliers-de-bananes-se-sont-echouees-sur-les-plages-anglaises","status":"publish","type":"post","link":"https:\/\/www.europesays.com\/fr\/589261\/","title":{"rendered":"Pourquoi des milliers de bananes se sont \u00e9chou\u00e9es sur les plages anglaises"},"content":{"rendered":"<p>En <a href=\"https:\/\/www.20minutes.fr\/dossier\/angleterre\" target=\"_blank\" class=\"c-link c-link--is-underlined\" rel=\"noopener\">Angleterre<\/a>, des milliers de <a href=\"https:\/\/www.20minutes.fr\/dossier\/banane\" target=\"_blank\" class=\"c-link c-link--is-underlined\" rel=\"noopener\">bananes<\/a> et d\u2019autres fruits ont \u00e9t\u00e9 rejet\u00e9s sur les c\u00f4tes du West Sussex apr\u00e8s le chavirement du porte-conteneurs Baltic Kipper pr\u00e8s de l\u2019\u00eele de Wight. Samedi, le navire a perdu 16 conteneurs, dont plusieurs remplis de bananes, de plantains et d\u2019avocats, ont indiqu\u00e9 les garde-c\u00f4tes britanniques.<\/p>\n<p>Depuis mardi, les autorit\u00e9s locales coordonnent une op\u00e9ration de <a href=\"https:\/\/www.20minutes.fr\/dossier\/nettoyage\" target=\"_blank\" class=\"c-link c-link--is-underlined\" rel=\"noopener\">nettoyage<\/a> avec une entreprise sp\u00e9cialis\u00e9e afin de s\u00e9curiser les conteneurs endommag\u00e9s et d\u2019\u00e9vacuer les d\u00e9chets. Le conseil du West Sussex pr\u00e9cise que les \u00e9quipes ramassent \u00ab\u00a0principalement des fruits et du polystyr\u00e8ne\u00a0\u00bb \u00e9chou\u00e9s sur plusieurs plages.<\/p>\n<\/p>\n<p>Les volontaires sur le terrain<\/p>\n<p>A Selsey, des volontaires ont rejoint les efforts officiels et rempli des sacs entiers de bananes vertes ou d\u00e9j\u00e0 noircies, \u00e9parpill\u00e9es \u00e0 proximit\u00e9 de conteneurs blancs \u00e9ventr\u00e9s. Mais les responsables appellent la population \u00e0 la prudence, en raison de la pr\u00e9sence de \u00ab\u00a0morceaux de m\u00e9tal tranchants\u00a0\u00bb pouvant blesser les personnes mobilis\u00e9es.<\/p>\n<p><a href=\"https:\/\/www.20minutes.fr\/monde\/royaume-uni\/\" target=\"_blank\" class=\"c-link c-btn c-btn--primary\" rel=\"noopener\">Notre dossier sur le Royaume-Uni<\/a><\/p>\n<p>Les autorit\u00e9s rappellent aussi de ne pas consommer les fruits retrouv\u00e9s sur le rivage. \u00ab\u00a0Toute aide est la bienvenue, mais nous vous demandons de faire preuve de prudence. Il est \u00e9galement important que tous les d\u00e9chets collect\u00e9s soient laiss\u00e9s \u00e0 l\u2019endroit pr\u00e9vu pour leur ramassage\u00a0\u00bb, insistent-elles, alors que l\u2019op\u00e9ration doit se poursuivre plusieurs jours.<\/p>\n","protected":false},"excerpt":{"rendered":"En Angleterre, des milliers de bananes et d\u2019autres fruits ont \u00e9t\u00e9 rejet\u00e9s sur les c\u00f4tes du West Sussex&hellip;\n","protected":false},"author":2,"featured_media":589262,"comment_status":"","ping_status":"","sticky":false,"template":"","format":"standard","meta":{"footnotes":""},"categories":[1588],"tags":[47,11,4708,34871,1777,674,74,11678,12,15656,473,1853,1851,1850,1852],"class_list":{"0":"post-589261","1":"post","2":"type-post","3":"status-publish","4":"format-standard","5":"has-post-thumbnail","7":"category-royaume-uni","8":"tag-actualite","9":"tag-actualites","10":"tag-angleterre","11":"tag-banane","12":"tag-eu","13":"tag-europe","14":"tag-monde","15":"tag-navire","16":"tag-news","17":"tag-plage","18":"tag-royaume-uni","19":"tag-royaume-uni-de-grande-bretagne-et-dirlande-du-nord","20":"tag-uk","21":"tag-united-kingdom","22":"tag-united-kingdom-of-great-britain-and-northern-ireland"},"share_on_mastodon":{"url":"https:\/\/pubeurope.com\/@fr\/115691689582381978","error":""},"_links":{"self":[{"href":"https:\/\/www.europesays.com\/fr\/wp-json\/wp\/v2\/posts\/589261","targetHints":{"allow":["GET"]}}],"collection":[{"href":"https:\/\/www.europesays.com\/fr\/wp-json\/wp\/v2\/posts"}],"about":[{"href":"https:\/\/www.europesays.com\/fr\/wp-json\/wp\/v2\/types\/post"}],"author":[{"embeddable":true,"href":"https:\/\/www.europesays.com\/fr\/wp-json\/wp\/v2\/users\/2"}],"replies":[{"embeddable":true,"href":"https:\/\/www.europesays.com\/fr\/wp-json\/wp\/v2\/comments?post=589261"}],"version-history":[{"count":0,"href":"https:\/\/www.europesays.com\/fr\/wp-json\/wp\/v2\/posts\/589261\/revisions"}],"wp:featuredmedia":[{"embeddable":true,"href":"https:\/\/www.europesays.com\/fr\/wp-json\/wp\/v2\/media\/589262"}],"wp:attachment":[{"href":"https:\/\/www.europesays.com\/fr\/wp-json\/wp\/v2\/media?parent=589261"}],"wp:term":[{"taxonomy":"category","embeddable":true,"href":"https:\/\/www.europesays.com\/fr\/wp-json\/wp\/v2\/categories?post=589261"},{"taxonomy":"post_tag","embeddable":true,"href":"https:\/\/www.europesays.com\/fr\/wp-json\/wp\/v2\/tags?post=589261"}],"curies":[{"name":"wp","href":"https:\/\/api.w.org\/{rel}","templated":true}]}}