{"id":589267,"date":"2025-12-09T21:19:16","date_gmt":"2025-12-09T21:19:16","guid":{"rendered":"https:\/\/www.europesays.com\/fr\/589267\/"},"modified":"2025-12-09T21:19:16","modified_gmt":"2025-12-09T21:19:16","slug":"voici-ou-il-y-a-eu-le-plus-de-pluie-ces-72-dernieres-heures-en-bretagne","status":"publish","type":"post","link":"https:\/\/www.europesays.com\/fr\/589267\/","title":{"rendered":"voici o\u00f9 il y a eu le plus de pluie ces 72 derni\u00e8res heures en Bretagne\u00a0?"},"content":{"rendered":"<p>                    Par<br \/>\n        <strong><br \/>\n            <a href=\"https:\/\/actu.fr\/auteur\/redaction-morbihan\" title=\"Consulter tous les articles de R\u00e9daction Morbihan\" target=\"_blank\" rel=\"noopener\">R\u00e9daction Morbihan<\/a><br \/>\n                    <\/strong><\/p>\n<p>        Publi\u00e9 le<\/p>\n<p>            9 d\u00e9c. 2025 \u00e0 21h50        <\/p>\n<p>Plusieurs perturbations ont touch\u00e9 la <a href=\"https:\/\/actu.fr\/bretagne\/\" target=\"_blank\" rel=\"noopener\">Bretagne<\/a>. Les cumuls de pluie ont \u00e9t\u00e9 importants. Le point pour ces 72 derni\u00e8res heures au <b>9\u00a0d\u00e9cembre 2025<\/b>.<\/p>\n<p>Morbihan et Finist\u00e8re tr\u00e8s arros\u00e9s<\/p>\n<p class=\" wall-content\">La Bretagne a \u00e9t\u00e9 en marge de la <a href=\"https:\/\/actu.fr\/bretagne\/vannes_56260\/meteo-en-bretagne-plusieurs-vigilances-en-lien-avec-la-tempete-bram-sur-les-iles-britanniques_63551354.html\" target=\"_blank\" rel=\"noopener\">temp\u00eate Bram<\/a>. Mais cela a g\u00e9n\u00e9r\u00e9 de la <a href=\"https:\/\/actu.fr\/tag\/pluie\" target=\"_blank\" rel=\"noopener\">pluie <\/a>sur la r\u00e9gion armoricaine.<\/p>\n<p class=\" wall-content\">\u00ab\u2009Les cumuls de pluie ont \u00e9t\u00e9 significatifs, notamment dans le Finist\u00e8re et le Morbihan. Ils demeurent toutefois inf\u00e9rieurs aux pr\u00e9visions initiales, la derni\u00e8re perturbation s\u2019\u00e9tant r\u00e9v\u00e9l\u00e9e nettement moins active qu\u2019anticip\u00e9\u2009\u00bb, indique <a href=\"https:\/\/www.facebook.com\/profile.php?id=61558051888132\" target=\"_blank\" rel=\"noopener\">Temps Breton<\/a>.<\/p>\n<blockquote class=\"ac-article-quote wall-content\">\n<p>Cette p\u00e9riode de douceur et de pluie s\u2019explique par la configuration m\u00e9t\u00e9orologique\u2009: la position des d\u00e9pressions sur l\u2019Atlantique, associ\u00e9e \u00e0 un puissant anticyclone sur les Balkans, a favoris\u00e9 la remont\u00e9e d\u2019air tr\u00e8s doux en provenance des Canaries. Dans son sillage, des nuages fortement charg\u00e9s en humidit\u00e9 subtropicale ont entra\u00een\u00e9 des pr\u00e9cipitations soutenues et des cumuls remarquables sur 72\u00a0heures.<\/p>\n<p>Temps Breton<\/p><\/blockquote>\n<p class=\" wall-content\">Le service m\u00e9t\u00e9o Temps Breton communique les pr\u00e9cipitations par d\u00e9partement ces 72 derni\u00e8res heures. Les voici\u2009:<\/p>\n<p class=\" wall-content\"><b>Finist\u00e8re\u2009:<\/b><\/p>\n<ul class=\" wall-content\">\n<li>64\u00a0mm \u00e0 Brennilis<\/li>\n<li>63\u00a0mm \u00e0 Brest<\/li>\n<li>61\u00a0mm \u00e0 Plouguerneau<\/li>\n<li>56\u00a0mm \u00e0 Coray<\/li>\n<li>55\u00a0mm \u00e0 Ploudalm\u00e9zeau<\/li>\n<\/ul>\n<p class=\" wall-content\"><b>Morbihan\u2009:<\/b><\/p>\n<ul class=\" wall-content\">\n<li>53\u00a0mm \u00e0 Meucon<\/li>\n<li>51\u00a0mm \u00e0 Plo\u00ebrdut<\/li>\n<li>49\u00a0mm \u00e0 Camors<\/li>\n<li>46\u00a0mm Auray<\/li>\n<li>41\u00a0mm \u00e0 Kernascl\u00e9den<\/li>\n<\/ul>\n<p>    <a href=\"https:\/\/www.facebook.com\/plugins\/post.php?href=https%3A%2F%2Fwww.facebook.com%2Fpermalink.php%3Fstory_fbid%3Dpfbid02ucuAxe9k6ZTz3EJW6b1mTYsRyanzF98A7DoQspjdmTcVgDt9xpRBLx5DTsji5Wtil%26id%3D61558051888132&amp;show_text=true&amp;width=350\" title=\"Ouvrie le lien\" target=\"_blank\" rel=\"noopener\">Cliquez ici pour visualiser le contenu<\/a><\/p>\n<p>Votre r\u00e9gion, votre actu !<\/p>\n<p>Recevez chaque jour les infos qui comptent pour vous.<\/p>\n<p>\t<a href=\"https:\/\/actu.fr\/newsletter\" class=\"ac-btn ac-btn--corner ac-btn--medium ac-btn--blue800\" target=\"_blank\" rel=\"noopener\">S&rsquo;incrire<\/a><\/p>\n<p class=\" wall-content\"><b>Ille-et-Vilaine\u2009:<\/b><\/p>\n<ul class=\" wall-content\">\n<li>34\u00a0mm \u00e0 la No\u00e9-Blanche<\/li>\n<li>32\u00a0mm \u00e0 Redon<\/li>\n<li>27\u00a0mm \u00e0 Thourie<\/li>\n<li>27\u00a0mm \u00e0 Dompierre-du-Chemin<\/li>\n<li>25\u00a0mm \u00e0 Val-d\u2019Iz\u00e9<\/li>\n<\/ul>\n<p class=\" wall-content\"><b>C\u00f4tes-d\u2019Armor\u2009:<\/b><\/p>\n<ul class=\" wall-content\">\n<li>39\u00a0mm \u00e0 Plusquellec<\/li>\n<li>35\u00a0mm \u00e0 Rostrenen<\/li>\n<li>29\u00a0mm \u00e0 Plouguenast<\/li>\n<li>24\u00a0mm \u00e0 Merdrignac<\/li>\n<li>19\u00a0mm \u00e0 Perros-Guirec<\/li>\n<\/ul>\n<p class=\" wall-content\"><b>Loire-Atlantique\u2009:<\/b><\/p>\n<ul class=\" wall-content\">\n<li>31\u00a0mm \u00e0 Gu\u00e9men\u00e9-Penfao<\/li>\n<li>26\u00a0mm \u00e0 Herbignac<\/li>\n<li>25\u00a0mm \u00e0 Pontch\u00e2teau<\/li>\n<li>20\u00a0mm \u00e0 Saffr\u00e9<\/li>\n<li>19\u00a0mm \u00e0 Nozay<\/li>\n<\/ul>\n<p class=\" wall-content\">\u00ab\u2009Malgr\u00e9 ces fortes pluies, le contexte reste favorable \u00e0 l\u2019absorption de l\u2019eau par les sols\u2009: humides en surface mais encore tr\u00e8s secs en profondeur jusqu\u2019\u00e0 la mi-novembre. Cette succession de perturbations favorise leur rechargement progressif. Le comportement des rivi\u00e8res durant l\u2019\u00e9pisode confirme d\u2019ailleurs que les sols ne sont pas satur\u00e9s, malgr\u00e9 des apports pluviom\u00e9triques cons\u00e9quents\u2009\u00bb, rassure Temps Breton.<\/p>\n<p>Source\u2009: Temps Breton<\/p>\n<p class=\" wall-content\">Personnalisez votre actualit\u00e9 en ajoutant vos villes et m\u00e9dias en favori avec <a href=\"https:\/\/moncompte.actu.fr\" title=\"D\u00e9couvez Mon Actu\" rel=\"nofollow noopener\" data-trk=\"{&quot;cta&quot;:{&quot;action&quot;:&quot;https:\\\/\\\/moncompte.actu.fr&quot;,&quot;category&quot;:&quot;mon compte&quot;,&quot;from&quot;:&quot;article footer&quot;,&quot;name&quot;:&quot;Mon actu&quot;,&quot;type&quot;:&quot;cta&quot;}}\" target=\"_blank\">Mon Actu<\/a>.<\/p>\n","protected":false},"excerpt":{"rendered":"Par R\u00e9daction Morbihan Publi\u00e9 le 9 d\u00e9c. 2025 \u00e0 21h50 Plusieurs perturbations ont touch\u00e9 la Bretagne. Les cumuls&hellip;\n","protected":false},"author":2,"featured_media":589268,"comment_status":"","ping_status":"","sticky":false,"template":"","format":"standard","meta":{"footnotes":""},"categories":[1586],"tags":[11,1777,674,1779,1011,27,3059,2487,2357,12,4459,25,1778,364],"class_list":{"0":"post-589267","1":"post","2":"type-post","3":"status-publish","4":"format-standard","5":"has-post-thumbnail","7":"category-europe","8":"tag-actualites","9":"tag-eu","10":"tag-europe","11":"tag-european-union","12":"tag-fr","13":"tag-france","14":"tag-intemperies","15":"tag-meteo","16":"tag-meteo-france","17":"tag-news","18":"tag-pluie","19":"tag-republique-francaise","20":"tag-ue","21":"tag-union-europeenne"},"share_on_mastodon":{"url":"https:\/\/pubeurope.com\/@fr\/115691701091800203","error":""},"_links":{"self":[{"href":"https:\/\/www.europesays.com\/fr\/wp-json\/wp\/v2\/posts\/589267","targetHints":{"allow":["GET"]}}],"collection":[{"href":"https:\/\/www.europesays.com\/fr\/wp-json\/wp\/v2\/posts"}],"about":[{"href":"https:\/\/www.europesays.com\/fr\/wp-json\/wp\/v2\/types\/post"}],"author":[{"embeddable":true,"href":"https:\/\/www.europesays.com\/fr\/wp-json\/wp\/v2\/users\/2"}],"replies":[{"embeddable":true,"href":"https:\/\/www.europesays.com\/fr\/wp-json\/wp\/v2\/comments?post=589267"}],"version-history":[{"count":0,"href":"https:\/\/www.europesays.com\/fr\/wp-json\/wp\/v2\/posts\/589267\/revisions"}],"wp:featuredmedia":[{"embeddable":true,"href":"https:\/\/www.europesays.com\/fr\/wp-json\/wp\/v2\/media\/589268"}],"wp:attachment":[{"href":"https:\/\/www.europesays.com\/fr\/wp-json\/wp\/v2\/media?parent=589267"}],"wp:term":[{"taxonomy":"category","embeddable":true,"href":"https:\/\/www.europesays.com\/fr\/wp-json\/wp\/v2\/categories?post=589267"},{"taxonomy":"post_tag","embeddable":true,"href":"https:\/\/www.europesays.com\/fr\/wp-json\/wp\/v2\/tags?post=589267"}],"curies":[{"name":"wp","href":"https:\/\/api.w.org\/{rel}","templated":true}]}}