{"id":589273,"date":"2025-12-09T21:24:20","date_gmt":"2025-12-09T21:24:20","guid":{"rendered":"https:\/\/www.europesays.com\/fr\/589273\/"},"modified":"2025-12-09T21:24:20","modified_gmt":"2025-12-09T21:24:20","slug":"lassemblee-nationale-adopte-le-budget-de-la-securite-sociale-pour-2026","status":"publish","type":"post","link":"https:\/\/www.europesays.com\/fr\/589273\/","title":{"rendered":"l&rsquo;Assembl\u00e9e nationale adopte le budget de la S\u00e9curit\u00e9 sociale pour 2026"},"content":{"rendered":"<p>AA \/ Istanbul \/ Ben Amed Azize Zougmore<\/p>\n<p>L&rsquo;Assembl\u00e9e nationale fran\u00e7aise a adopt\u00e9 de justesse mardi le budget de la S\u00e9curit\u00e9 sociale pour 2026, avec 247 voix pour, 234 contres et 93 abstentions.<\/p>\n<p>Apr\u00e8s l\u2019adoption vendredi dernier de la partie \u00ab recettes \u00bb du budget de la S\u00e9curit\u00e9 sociale, les d\u00e9put\u00e9s devaient se prononcer sur l\u2019ensemble du texte.<\/p>\n<p>C\u2019est donc dans un climat de clivage d\u00fb \u00e0 de fortes divergences que le texte, adopt\u00e9 \u00e0 une courte majorit\u00e9 de 13 voix, partira au S\u00e9nat pour y \u00eatre examin\u00e9 en nouvelle lecture, l\u00e0 aussi en commission d\u00e8s mercredi, puis en s\u00e9ance publique d\u00e8s vendredi. La lecture d\u00e9finitive \u00e0 l\u2019Assembl\u00e9e nationale devrait avoir lieu mardi 16 d\u00e9cembre.<\/p>\n<p><strong>R\u00e9actions de la classe politique<\/strong><\/p>\n<p>Le Premier ministre S\u00e9bastien Lecornu s\u2019est f\u00e9licit\u00e9 de ce vote, remerciant dans un message publi\u00e9 sur la plateforme sociale am\u00e9ricaine X, les d\u00e9put\u00e9s qui soutiennent l&rsquo;action du gouvernement, mais \u00e9galement les parlementaires de l&rsquo;opposition, \u00ab qui ont accept\u00e9 le principe d\u2019un compromis mais aussi compris que le pouvoir \u00e9tait d\u00e9sormais partag\u00e9 \u00bb. <\/p>\n<p>\u00ab Et d\u00e8s demain, il faudra travailler \u00e0 l\u2019adoption d\u2019un budget pour l&rsquo;\u00c9tat \u00bb, a-t-il ajout\u00e9.<\/p>\n<p>M\u00eame son de cloche c\u00f4t\u00e9 socialiste : \u00ab Cette victoire, elle est d\u2019abord celle du Parlement lui-m\u00eame \u00bb, s\u2019est r\u00e9joui Olivier Faure, premier secr\u00e9taire du Parti socialiste, dont le vote a \u00e9t\u00e9 d\u00e9terminant pour l\u2019adoption du budget de la S\u00e9curit\u00e9 sociale et, dans un sens plus large, pour la survie du gouvernement.<\/p>\n<p>L\u2019adoption du tr\u00e8s controvers\u00e9 projet de loi de financement de la S\u00e9curit\u00e9 sociale (PLFSS) provoque d\u2019ores et d\u00e9j\u00e0 une vague de r\u00e9actions du c\u00f4t\u00e9 de l\u2019opposition. <br \/>\u00ab Les socialistes rejoignent le camp des soutiens du gouvernement. Les socialistes sauvent Emmanuel Macron \u00bb, s\u2019offusque la patronne des Insoumis, Mathilde Panot.<\/p>\n<p>Le patron des R\u00e9publicains, Bruno Retailleau a d\u00e9nonc\u00e9 pour sa part un \u00ab budget qui n\u2019est pas bon pour la France \u00bb. <\/p>\n<p>Il avait annonc\u00e9 dimanche que les d\u00e9put\u00e9s LR auront le choix entre l&rsquo;abstention ou un vote contre lors du scrutin. Finalement 18 d\u00e9put\u00e9s de son parti auraient vot\u00e9 pour le projet de loi de financement de la S\u00e9curit\u00e9 sociale que lui-m\u00eame qualifiait de \u00ab l&rsquo;un des pires PLFSS depuis des ann\u00e9es \u00bb.<\/p>\n<p>                            &#13;<br \/>\n                                <a href=\"https:\/\/www.aa.com.tr\/fr\/p\/abonnement\/1001\" target=\"_blank\" style=\"font-size:12px; color:#444; text-decoration:none;\" rel=\"noopener\">&#13;<br \/>\n                                    Seulement une partie des d\u00e9p\u00eaches, que l&rsquo;Agence Anadolu diffuse \u00e0 ses abonn\u00e9s via le Syst\u00e8me de Diffusion interne (HAS), est diffus\u00e9e sur le site de l&rsquo;AA, de mani\u00e8re r\u00e9sum\u00e9e. <b style=\"color:#1897F7\">Contactez-nous s&rsquo;il vous pla\u00eet pour vous abonner.<\/b>&#13;<br \/>\n                                <\/a>&#13;<\/p>\n","protected":false},"excerpt":{"rendered":"AA \/ Istanbul \/ Ben Amed Azize Zougmore L&rsquo;Assembl\u00e9e nationale fran\u00e7aise a adopt\u00e9 de justesse mardi le budget&hellip;\n","protected":false},"author":2,"featured_media":589274,"comment_status":"","ping_status":"","sticky":false,"template":"","format":"standard","meta":{"footnotes":""},"categories":[4],"tags":[11,1785,70248,70249,1011,27,12,25],"class_list":{"0":"post-589273","1":"post","2":"type-post","3":"status-publish","4":"format-standard","5":"has-post-thumbnail","7":"category-france","8":"tag-actualites","9":"tag-anadolu-ajansi","10":"tag-assemble-nationale","11":"tag-budget-de-la-scurit-sociale","12":"tag-fr","13":"tag-france","14":"tag-news","15":"tag-republique-francaise"},"share_on_mastodon":{"url":"https:\/\/pubeurope.com\/@fr\/115691720971304690","error":""},"_links":{"self":[{"href":"https:\/\/www.europesays.com\/fr\/wp-json\/wp\/v2\/posts\/589273","targetHints":{"allow":["GET"]}}],"collection":[{"href":"https:\/\/www.europesays.com\/fr\/wp-json\/wp\/v2\/posts"}],"about":[{"href":"https:\/\/www.europesays.com\/fr\/wp-json\/wp\/v2\/types\/post"}],"author":[{"embeddable":true,"href":"https:\/\/www.europesays.com\/fr\/wp-json\/wp\/v2\/users\/2"}],"replies":[{"embeddable":true,"href":"https:\/\/www.europesays.com\/fr\/wp-json\/wp\/v2\/comments?post=589273"}],"version-history":[{"count":0,"href":"https:\/\/www.europesays.com\/fr\/wp-json\/wp\/v2\/posts\/589273\/revisions"}],"wp:featuredmedia":[{"embeddable":true,"href":"https:\/\/www.europesays.com\/fr\/wp-json\/wp\/v2\/media\/589274"}],"wp:attachment":[{"href":"https:\/\/www.europesays.com\/fr\/wp-json\/wp\/v2\/media?parent=589273"}],"wp:term":[{"taxonomy":"category","embeddable":true,"href":"https:\/\/www.europesays.com\/fr\/wp-json\/wp\/v2\/categories?post=589273"},{"taxonomy":"post_tag","embeddable":true,"href":"https:\/\/www.europesays.com\/fr\/wp-json\/wp\/v2\/tags?post=589273"}],"curies":[{"name":"wp","href":"https:\/\/api.w.org\/{rel}","templated":true}]}}