{"id":589276,"date":"2025-12-09T21:27:14","date_gmt":"2025-12-09T21:27:14","guid":{"rendered":"https:\/\/www.europesays.com\/fr\/589276\/"},"modified":"2025-12-09T21:27:14","modified_gmt":"2025-12-09T21:27:14","slug":"le-rc-vannes-en-discussions-avancees-avec-lun-des-meilleures-troisiemes-lignes-centre-de-pro-d2","status":"publish","type":"post","link":"https:\/\/www.europesays.com\/fr\/589276\/","title":{"rendered":"Le RC Vannes en discussions avanc\u00e9es avec l\u2019un des meilleures troisi\u00e8mes lignes centre de Pro D2"},"content":{"rendered":"<p>\u00c7a serait un gros coup sur le march\u00e9 des transferts ! Le <a href=\"https:\/\/www.letelegramme.fr\/sports\/rugby\/rc-vannes\/\" target=\"_blank\" rel=\"nofollow noopener\">RC Vannes<\/a> est proche de recruter Ioane Iashagashvili, selon <a href=\"https:\/\/www.rugbyrama.fr\/2025\/12\/09\/transferts-pro-d2-exclu-midol-le-troisieme-ligne-montois-ioane-iashagashvili-tout-proche-du-rc-vannes-13100472.php\" target=\"_blank\" rel=\"nofollow noopener\">Midi Olympique<\/a>, qui explique que l\u2019international g\u00e9orgien a visit\u00e9 les installations et pass\u00e9 des tests, il y a quelques semaines.<\/p>\n<p>Nous sommes en mesure de confirmer des discussions avanc\u00e9es entre le joueur de 25 ans, en fin de contrat \u00e0 l\u2019issue de la saison \u00e0 Mont-de-Marsan, et le club morbihannais.<\/p>\n<p>Ce serait une tr\u00e8s belle prise pour le RCV qui se renforcerait avec l\u2019un des meilleurs troisi\u00e8mes lignes centre de Pro D2. Au Stade Montois, <a href=\"https:\/\/www.letelegramme.fr\/sports\/rugby\/rc-vannes\/mont-de-marsan-rc-vannes-qui-est-le-joueur-a-suivre-du-stade-montois-prochain-adversaire-du-rcv-6883670.php\" target=\"_blank\" rel=\"nofollow noopener\">Iashagashvili<\/a> surnage dans une \u00e9quipe qui lutte pour le maintien cette saison. Ce joueur puissant, gros gratteur, \u00e9tait bless\u00e9 lors de la victoire des Jaune et Noir contre Vannes, lors de la 3e journ\u00e9e mais il est indispensable depuis son arriv\u00e9e dans les Landes en 2024.<\/p>\n<p>25 ans et Jiff<\/p>\n<p>La saison pr\u00e9c\u00e9dente, celle du titre de Pro D2 pour le RCV, il avait jou\u00e9 un r\u00f4le majeur dans le maintien de Valence Romans, alors promu au deuxi\u00e8me \u00e9chelon national, apr\u00e8s l\u2019avoir d\u00e9j\u00e0 \u00e9t\u00e9 lors du sacre en Nationale des Dr\u00f4mois.<\/p>\n<p>Ioane Iashagashvili poss\u00e8de \u00e9galement l\u2019avantage d\u2019\u00eatre <a href=\"https:\/\/www.letelegramme.fr\/sports\/rugby\/jiff-au-rugby-ca-change-quoi-en-top-14-et-en-pro-d2-6623376.php\" target=\"_blank\" rel=\"nofollow noopener\">Jiff<\/a> (\u00ab Joueur issu des fili\u00e8res de formation \u00bb). Son profil colle parfaitement avec l\u2019objectif affich\u00e9 d\u2019Olivier Cloarec de rajeunir l\u2019effectif et d\u2019augmenter le nombre de joueurs Jiff, comme l\u2019a confi\u00e9 le pr\u00e9sident du RCV dans <a href=\"https:\/\/www.letelegramme.fr\/sports\/rugby\/rc-vannes\/aller-chercher-3-4-joueurs-de-tres-haut-niveau-des-cette-saison-le-president-du-rc-vannes-veut-etre-ambitieux-sans-flamber-sur-le-marche-des-transferts-6931353.php\" target=\"_blank\" rel=\"nofollow noopener\">une interview accord\u00e9e au T\u00e9l\u00e9gramme<\/a>.<\/p>\n<p>L\u2019actuel titulaire au poste de num\u00e9ro 8, le Tongien Sione Kalamafoni, est en fin de contrat \u00e0 l\u2019issue de la saison et aura 38 ans en 2026.<\/p>\n","protected":false},"excerpt":{"rendered":"\u00c7a serait un gros coup sur le march\u00e9 des transferts ! Le RC Vannes est proche de recruter&hellip;\n","protected":false},"author":2,"featured_media":589277,"comment_status":"","ping_status":"","sticky":false,"template":"","format":"standard","meta":{"footnotes":""},"categories":[1416],"tags":[3166,1011,27,2308,3164,3167,479,1468,60,3165],"class_list":{"0":"post-589276","1":"post","2":"type-post","3":"status-publish","4":"format-standard","5":"has-post-thumbnail","7":"category-rugby","8":"tag-en-continu-sports","9":"tag-fr","10":"tag-france","11":"tag-pro-d2","12":"tag-rc-vannes","13":"tag-rcv","14":"tag-rugby","15":"tag-rugby-football","16":"tag-sports","17":"tag-vannes"},"share_on_mastodon":{"url":"https:\/\/pubeurope.com\/@fr\/115691732695561966","error":""},"_links":{"self":[{"href":"https:\/\/www.europesays.com\/fr\/wp-json\/wp\/v2\/posts\/589276","targetHints":{"allow":["GET"]}}],"collection":[{"href":"https:\/\/www.europesays.com\/fr\/wp-json\/wp\/v2\/posts"}],"about":[{"href":"https:\/\/www.europesays.com\/fr\/wp-json\/wp\/v2\/types\/post"}],"author":[{"embeddable":true,"href":"https:\/\/www.europesays.com\/fr\/wp-json\/wp\/v2\/users\/2"}],"replies":[{"embeddable":true,"href":"https:\/\/www.europesays.com\/fr\/wp-json\/wp\/v2\/comments?post=589276"}],"version-history":[{"count":0,"href":"https:\/\/www.europesays.com\/fr\/wp-json\/wp\/v2\/posts\/589276\/revisions"}],"wp:featuredmedia":[{"embeddable":true,"href":"https:\/\/www.europesays.com\/fr\/wp-json\/wp\/v2\/media\/589277"}],"wp:attachment":[{"href":"https:\/\/www.europesays.com\/fr\/wp-json\/wp\/v2\/media?parent=589276"}],"wp:term":[{"taxonomy":"category","embeddable":true,"href":"https:\/\/www.europesays.com\/fr\/wp-json\/wp\/v2\/categories?post=589276"},{"taxonomy":"post_tag","embeddable":true,"href":"https:\/\/www.europesays.com\/fr\/wp-json\/wp\/v2\/tags?post=589276"}],"curies":[{"name":"wp","href":"https:\/\/api.w.org\/{rel}","templated":true}]}}