{"id":589284,"date":"2025-12-09T21:34:13","date_gmt":"2025-12-09T21:34:13","guid":{"rendered":"https:\/\/www.europesays.com\/fr\/589284\/"},"modified":"2025-12-09T21:34:13","modified_gmt":"2025-12-09T21:34:13","slug":"politico-devoile-son-classement-des-personnalites-les-plus-influentes-en-europe-avec-une-premiere-historique","status":"publish","type":"post","link":"https:\/\/www.europesays.com\/fr\/589284\/","title":{"rendered":"Politico d\u00e9voile son classement des personnalit\u00e9s les plus influentes en Europe, avec une premi\u00e8re historique"},"content":{"rendered":"<p class=\"ap-StoryElement ap-StoryElement--mb ap-StoryText\">La premi\u00e8re marche du podium refl\u00e8te donc bien cette vision, le pr\u00e9sident am\u00e9ricain ayant \u00e9t\u00e9 choisi comme la personnalit\u00e9 ayant le plus de pouvoir en Europe. <a href=\"https:\/\/www.politico.eu\/politico-28-class-of-2026\/\" target=\"_self\" rel=\"noopener\">Selon Politico<\/a>, Donald Trump est la personne ayant exerc\u00e9 le plus d&rsquo;influence dans le vieux continent cette ann\u00e9e. C&rsquo;est une premi\u00e8re pour le c\u00e9l\u00e8bre classement. En effet, ce dernier a d\u00fb modifier ses propres r\u00e8gles pour inclure une personnalit\u00e9 non-europ\u00e9enne. Donald Trump, malgr\u00e9 son caract\u00e8re volatile est tr\u00e8s important pour l&rsquo;Europe. En effet, l&rsquo;alliance avec les \u00c9tats-Unis est primordiale pour les dirigeants europ\u00e9ens et donc les diff\u00e9rentes opinions et actions du pr\u00e9sident am\u00e9ricain peuvent influencer l&rsquo;Europe tr\u00e8s rapidement.<\/p>\n<p><a href=\"https:\/\/www.lalibre.be\/international\/europe\/2025\/12\/08\/la-strategie-de-securite-des-etats-unis-pose-un-defi-existentiel-a-leurope-et-a-sa-democratie-UEVPQ2WBNJEOFBFJSJ76LJBPGI\/\" target=\"_self\" class=\"ap-StoryInterstitialLink ap-StoryElement ap-StoryElement--mb\" rel=\"noopener\">La strat\u00e9gie de s\u00e9curit\u00e9 des \u00c9tats-Unis pose \u00ab\u00a0un d\u00e9fi existentiel\u00a0\u00bb \u00e0 l&rsquo;Union europ\u00e9enne et \u00e0 ses d\u00e9mocraties<\/a><\/p>\n<p class=\"ap-StoryElement ap-StoryElement--mb ap-StoryText\">Dans le top cinq, deux autres personnalit\u00e9s peuvent provoquer la controverse. Il s&rsquo;agit de <a href=\"https:\/\/www.lalibre.be\/international\/europe\/2025\/12\/07\/sarkozy-a-assure-a-marine-le-pen-quil-ne-sassocierait-pas-a-un-front-republicain-contre-le-rn-BDZTXTOQPREC5O4SICD2S2NUZI\/\" target=\"_self\" rel=\"noopener\">Marine Le Pen<\/a> assise \u00e0 la quatri\u00e8me place du classement ainsi que Vladimir Poutine, juste derri\u00e8re. Mette Frederiksen et Friedrich Merz compl\u00e8tent le top cinq.<\/p>\n<p class=\"ap-StoryElement ap-StoryElement--mb ap-StoryText\">La premi\u00e8re ministre danoise est \u00e0 la deuxi\u00e8me place, notamment pour son influence sur la politique migratoire de plusieurs autres pays, ainsi que sur la d\u00e9fense de l&rsquo;union europ\u00e9enne. Friedrich Merz, le chancelier allemand compl\u00e8te le podium, surtout pour sa politique \u00e9trang\u00e8re et le r\u00e9armement rapide de l&rsquo;Allemagne.<\/p>\n<p><a href=\"https:\/\/www.lalibre.be\/international\/europe\/2025\/12\/07\/la-recette-danoise-dimmigration-zero-seduit-en-europe-5LWZVXAJWJHCPAHYNERKV5YSTA\/\" target=\"_self\" class=\"ap-StoryInterstitialLink ap-StoryElement ap-StoryElement--mb\" rel=\"noopener\">La recette danoise d'\u00a0\u00bbimmigration z\u00e9ro\u00a0\u00bb s\u00e9duit en Europe<\/a><\/p>\n<p class=\"ap-StoryElement ap-StoryElement--mb ap-StoryText\">Ensuite, on retrouve Marine Le Pen qui malgr\u00e9 les derni\u00e8res d\u00e9faites, ne se laisse pas ignorer et continue d&rsquo;influencer fortement. Et enfin, <a href=\"https:\/\/www.lalibre.be\/international\/europe\/guerre-ukraine-russie\/2025\/12\/04\/giuseppe-cavo-dragone-lamiral-italien-de-lotan-qui-fait-trembler-poutine-la-pression-pourrait-encore-sintensifier-BPTS2Q3BPBB53P2ZHFLJ5IPH24\/\" target=\"_self\" rel=\"noopener\">Vladimir Poutine<\/a>. Le pr\u00e9sident russe ne cesse d&rsquo;avoir une influence sur les politiques europ\u00e9ennes. L&rsquo;Europe ne peut s&#8217;emp\u00eacher de scruter la Russie sur ses moindres faits et gestes.<\/p>\n<p class=\"ap-StoryElement ap-StoryElement--mb ap-StoryText\">D&rsquo;autres personnalit\u00e9s controvers\u00e9es se retrouvent \u00e9galement dans le classement comme Viktor Orb\u00e1n, Giorgia Meloni, Nigel Farage.<\/p>\n<p class=\"ap-StoryElement ap-StoryElement--mb ap-StoryText\">La Libre, elle aussi, effectue un classement et elle a besoin de vous <a href=\"https:\/\/dossiers.lalibre.be\/personnalites-2025\/\" target=\"_self\" rel=\"noopener\">pour \u00e9lire la personnalit\u00e9 belge de l&rsquo;ann\u00e9e<\/a>.<\/p>\n<p><a href=\"https:\/\/www.lalibre.be\/international\/amerique\/2025\/12\/08\/leurope-prend-certaines-mauvaises-directions-affirme-trump-ORPRNCCQ3VCENDQ5ILREHLM7DQ\/\" target=\"_self\" class=\"ap-StoryInterstitialLink ap-StoryElement ap-StoryElement--mb\" rel=\"noopener\">L&rsquo;Europe \u00ab\u00a0prend certaines mauvaises directions\u00a0\u00bb, affirme Donald Trump<\/a><\/p>\n","protected":false},"excerpt":{"rendered":"La premi\u00e8re marche du podium refl\u00e8te donc bien cette vision, le pr\u00e9sident am\u00e9ricain ayant \u00e9t\u00e9 choisi comme la&hellip;\n","protected":false},"author":2,"featured_media":589285,"comment_status":"","ping_status":"","sticky":false,"template":"","format":"standard","meta":{"footnotes":""},"categories":[1359],"tags":[58,75,59,1011,27,973,135],"class_list":{"0":"post-589284","1":"post","2":"type-post","3":"status-publish","4":"format-standard","5":"has-post-thumbnail","7":"category-people","8":"tag-divertissement","9":"tag-donald-trump","10":"tag-entertainment","11":"tag-fr","12":"tag-france","13":"tag-people","14":"tag-vladimir-poutine"},"share_on_mastodon":{"url":"https:\/\/pubeurope.com\/@fr\/115691760219048483","error":""},"_links":{"self":[{"href":"https:\/\/www.europesays.com\/fr\/wp-json\/wp\/v2\/posts\/589284","targetHints":{"allow":["GET"]}}],"collection":[{"href":"https:\/\/www.europesays.com\/fr\/wp-json\/wp\/v2\/posts"}],"about":[{"href":"https:\/\/www.europesays.com\/fr\/wp-json\/wp\/v2\/types\/post"}],"author":[{"embeddable":true,"href":"https:\/\/www.europesays.com\/fr\/wp-json\/wp\/v2\/users\/2"}],"replies":[{"embeddable":true,"href":"https:\/\/www.europesays.com\/fr\/wp-json\/wp\/v2\/comments?post=589284"}],"version-history":[{"count":0,"href":"https:\/\/www.europesays.com\/fr\/wp-json\/wp\/v2\/posts\/589284\/revisions"}],"wp:featuredmedia":[{"embeddable":true,"href":"https:\/\/www.europesays.com\/fr\/wp-json\/wp\/v2\/media\/589285"}],"wp:attachment":[{"href":"https:\/\/www.europesays.com\/fr\/wp-json\/wp\/v2\/media?parent=589284"}],"wp:term":[{"taxonomy":"category","embeddable":true,"href":"https:\/\/www.europesays.com\/fr\/wp-json\/wp\/v2\/categories?post=589284"},{"taxonomy":"post_tag","embeddable":true,"href":"https:\/\/www.europesays.com\/fr\/wp-json\/wp\/v2\/tags?post=589284"}],"curies":[{"name":"wp","href":"https:\/\/api.w.org\/{rel}","templated":true}]}}