{"id":589295,"date":"2025-12-09T21:41:19","date_gmt":"2025-12-09T21:41:19","guid":{"rendered":"https:\/\/www.europesays.com\/fr\/589295\/"},"modified":"2025-12-09T21:41:19","modified_gmt":"2025-12-09T21:41:19","slug":"zinedine-zidane-futur-actionnaire-du-grand-club-tourangeau","status":"publish","type":"post","link":"https:\/\/www.europesays.com\/fr\/589295\/","title":{"rendered":"Zin\u00e9dine Zidane, futur actionnaire du grand club tourangeau"},"content":{"rendered":"<p>C\u2019est une des plus grandes l\u00e9gendes du football tricolore et mondial qui vient s\u2019associer \u00e0 l\u2019Union Foot de Touraine. <a target=\"_self\" href=\"https:\/\/www.lequipe.fr\/Football\/Actualites\/Zinedine-zidane-nouvel-actionnaire-de-l-union-foot-de-touraine-club-de-national-3\/1615775\" rel=\"noopener\">L\u2019\u00c9quipe<\/a><a target=\"_self\" href=\"https:\/\/www.lequipe.fr\/Football\/Actualites\/Zinedine-zidane-nouvel-actionnaire-de-l-union-foot-de-touraine-club-de-national-3\/1615775\" rel=\"noopener\"> a r\u00e9v\u00e9l\u00e9 ce mardi soir<\/a> que Zin\u00e9dine Zidane allait investir financi\u00e8rement dans le nouveau club de la m\u00e9tropole de Tours, n\u00e9 cet \u00e9t\u00e9 sur les cendres du Tours FC. Une information que nous sommes en mesure de confirmer.<\/p>\n<p>\u00c0 hauteur de 10.000\u00a0euros, selon le quotidien sportif, le champion du monde 1998 rejoint un groupe de personnalit\u00e9s qui veulent s\u2019investir dans le projet tourangeau. Dans ce tour de table effectu\u00e9 en vue de cr\u00e9er une soci\u00e9t\u00e9 anonyme sportive professionnelle (SASP) qui prendrait en main les destin\u00e9es de la partie \u00e9lite de l\u2019UFT (pour l\u2019heure, uniquement constitu\u00e9e en association), on retrouve Olivier Pickeu, d\u00e9j\u00e0 manager g\u00e9n\u00e9ral du club, S\u00e9bastien Bazin, le pr\u00e9sident-directeur du groupe h\u00f4telier Accor, Christophe Chenut, ancien pr\u00e9sident du Stade de Reims et Fr\u00e9d\u00e9ric Giscard d\u2019Estaing, dont La Nouvelle R\u00e9publique avait annonc\u00e9 les liens avec le projet d\u00e8s juillet.<\/p>\n<p>Tr\u00e8s proche de la famille Riboud<\/p>\n<p>Comment Zidane, 53\u00a0ans, se retrouve-t-il li\u00e9 \u00e0 l\u2019Union Foot de Touraine\u00a0? Il est, en fait, proche de Franck Riboud, ex-PDG de Danone et p\u00e8re de Basile Riboud, l\u2019homme \u00e0 l\u2019origine du projet et aujourd\u2019hui vice-pr\u00e9sident du club. L\u2019ancien num\u00e9ro\u00a010 tricolore avait d\u2019ailleurs d\u00e9j\u00e0 \u00e9t\u00e9 actionnaire, \u00e0 \u00c9vian-Thonon-Gaillard de 2009 \u00e0 2015, d\u00e9j\u00e0 au c\u00f4t\u00e9 de la famille Riboud. Zin\u00e9dine Zidane avait \u00e9galement \u00e9t\u00e9 investisseur \u00e0 Rodez en 2012\u00a0: son \u00e9pouse originaire de l\u2019Aveyron, l\u2019ancien meneur de jeu de l\u2019\u00e9quipe de France avait particip\u00e9 au redressement du club ruth\u00e9nois.<\/p>\n<p>L\u2019UFT, qui a v\u00e9cu d\u00e8s sa premi\u00e8re saison une belle affiche en Coupe de France \u00e0 la Vall\u00e9e du Cher (<a target=\"_self\" href=\"https:\/\/www.lanouvellerepublique.fr\/indre-et-loire\/commune\/ballan-mire\/coupe-de-france-l-union-foot-de-touraine-a-presque-ete-a-la-hauteur-contre-troyes-1764533307\" rel=\"noopener\">perdue 2-0 contre Troyes<\/a>) et figure actuellement au 2e\u00a0rang de sa poule de National 3 derri\u00e8re Challans, s\u2019offre ainsi un joli coup de com&rsquo;. Avoir un tel soutien confirme les ambitions \u00e9lev\u00e9es du projet UFT, qui veut \u00e0 moyen terme remettre le football tourangeau \u00e0 un niveau professionnel.<\/p>\n","protected":false},"excerpt":{"rendered":"C\u2019est une des plus grandes l\u00e9gendes du football tricolore et mondial qui vient s\u2019associer \u00e0 l\u2019Union Foot de&hellip;\n","protected":false},"author":2,"featured_media":589296,"comment_status":"","ping_status":"","sticky":false,"template":"","format":"standard","meta":{"footnotes":""},"categories":[9],"tags":[328,1392,52313,63,1011,27,1387,3222,22485,40787,60,1390],"class_list":{"0":"post-589295","1":"post","2":"type-post","3":"status-publish","4":"format-standard","5":"has-post-thumbnail","7":"category-sports","8":"tag-a-la-une","9":"tag-a-la-une-local","10":"tag-ballan-mire","11":"tag-football","12":"tag-fr","13":"tag-france","14":"tag-indre-et-loire","15":"tag-joue-les-tours","16":"tag-nationaux-football","17":"tag-savonnieres","18":"tag-sports","19":"tag-tours"},"share_on_mastodon":{"url":"https:\/\/pubeurope.com\/@fr\/115691787556550715","error":""},"_links":{"self":[{"href":"https:\/\/www.europesays.com\/fr\/wp-json\/wp\/v2\/posts\/589295","targetHints":{"allow":["GET"]}}],"collection":[{"href":"https:\/\/www.europesays.com\/fr\/wp-json\/wp\/v2\/posts"}],"about":[{"href":"https:\/\/www.europesays.com\/fr\/wp-json\/wp\/v2\/types\/post"}],"author":[{"embeddable":true,"href":"https:\/\/www.europesays.com\/fr\/wp-json\/wp\/v2\/users\/2"}],"replies":[{"embeddable":true,"href":"https:\/\/www.europesays.com\/fr\/wp-json\/wp\/v2\/comments?post=589295"}],"version-history":[{"count":0,"href":"https:\/\/www.europesays.com\/fr\/wp-json\/wp\/v2\/posts\/589295\/revisions"}],"wp:featuredmedia":[{"embeddable":true,"href":"https:\/\/www.europesays.com\/fr\/wp-json\/wp\/v2\/media\/589296"}],"wp:attachment":[{"href":"https:\/\/www.europesays.com\/fr\/wp-json\/wp\/v2\/media?parent=589295"}],"wp:term":[{"taxonomy":"category","embeddable":true,"href":"https:\/\/www.europesays.com\/fr\/wp-json\/wp\/v2\/categories?post=589295"},{"taxonomy":"post_tag","embeddable":true,"href":"https:\/\/www.europesays.com\/fr\/wp-json\/wp\/v2\/tags?post=589295"}],"curies":[{"name":"wp","href":"https:\/\/api.w.org\/{rel}","templated":true}]}}