{"id":589297,"date":"2025-12-09T21:43:17","date_gmt":"2025-12-09T21:43:17","guid":{"rendered":"https:\/\/www.europesays.com\/fr\/589297\/"},"modified":"2025-12-09T21:43:17","modified_gmt":"2025-12-09T21:43:17","slug":"agression-sexuelle-six-mois-de-prison-avec-sursis-requis-contre-lanimateur-vincent-cerutti-actualites","status":"publish","type":"post","link":"https:\/\/www.europesays.com\/fr\/589297\/","title":{"rendered":"Agression sexuelle: six mois de prison avec sursis requis contre l&rsquo;animateur Vincent Cerutti : Actualit\u00e9s"},"content":{"rendered":"<p class=\"lead \">Six mois de prison avec sursis ont \u00e9t\u00e9 requis mardi contre Vincent Cerutti, ancien animateur de la matinale de la radio Ch\u00e9rie FM, jug\u00e9 \u00e0 Paris pour avoir mordu, \u00e0 deux reprises, il y a dix ans, les fesses d&rsquo;une coll\u00e8gue, \u00e0 l&rsquo;\u00e9poque standardiste.<\/p>\n<p class=\"lead \">\u00ab\u00a0Ces deux morsures ont une connotation sexuelle \u00e9vidente\u00a0\u00bb, a d\u00e9clar\u00e9 la procureure dans son r\u00e9quisitoire, rappelant qu&rsquo;elles visaient \u00ab\u00a0exclusivement\u00a0\u00bb \u00ab\u00a0une partie intime\u00a0\u00bb, les fesses de la plaignante, Caroline Barel. <\/p>\n<p class=\"lead \">Le minist\u00e8re public a, en outre, demand\u00e9 10.000 euros d&rsquo;amende \u00e0 l&rsquo;encontre de l&rsquo;ancien pr\u00e9sentateur de l&rsquo;\u00e9mission \u00ab\u00a0Danse avec les stars\u00a0\u00bb sur TF1.<\/p>\n<p class=\"lead \">Les faits remontent \u00e0 2015-2016, dans la matinale de Ch\u00e9rie FM, anim\u00e9e par Vincent Cerutti, o\u00f9 l&rsquo;ambiance est \u00ab\u00a0tr\u00e8s misogyne\u00a0\u00bb selon Mme Barel et o\u00f9 elle n&rsquo;est pas la seule \u00e0 avoir \u00e9t\u00e9 mordue par l&rsquo;animateur.     <\/p>\n<p class=\"lead \">A la barre, Mme Barel, chignon et gilet blanc, se rem\u00e9more, tr\u00e8s \u00e9mue, l&rsquo;agression sexuelle qu&rsquo;elle dit avoir subie en novembre 2015 \u00e0 la radio. L&rsquo;animateur la \u00ab\u00a0met au sol\u00a0\u00bb, \u00ab\u00a0les mains derri\u00e8re le dos\u00a0\u00bb, et la mord \u00e0 la \u00ab\u00a0fesse gauche\u00a0\u00bb.<\/p>\n<p class=\"lead \">Elle raconte avoir cri\u00e9 de douleur avant l&rsquo;intervention d&rsquo;un coll\u00e8gue. \u00ab\u00a0Je ne peux absolument pas bouger, la seule chose que j&rsquo;ai c&rsquo;est mon cri\u00a0\u00bb, relate-t-elle. Face \u00e0 la photo d&rsquo;un h\u00e9matome pr\u00e9sent\u00e9e au dossier, le pr\u00e9sident du tribunal \u00e9voque une marque \u00ab\u00a0assez impressionnante\u00a0\u00bb.    <\/p>\n<p class=\"lead \">\u00ab\u00a0On est avant MeToo, je ne sais pas ce que c&rsquo;est une agression sexuelle\u00a0\u00bb, souligne Caroline Barel, aujourd&rsquo;hui vice-pr\u00e9sidente de l&rsquo;association MeTooMedia.<\/p>\n<p class=\"lead \">Devant le tribunal, Vincent Cerruti, qui reconna\u00eet cette morsure, conteste toute violence ou \u00ab\u00a0connotation sexuelle\u00a0\u00bb. <\/p>\n<p class=\"lead \">L&rsquo;homme de 43 ans \u00e9voque un \u00ab\u00a0jeu d&rsquo;\u00e9quipe\u00a0\u00bb baptis\u00e9 \u00ab\u00a0Tout cul tendu m\u00e9rite son d\u00fb\u00a0\u00bb. <\/p>\n<p class=\"lead \">Hors antenne, selon M. Cerutti, il fallait mettre une \u00ab\u00a0petite fess\u00e9e\u00a0\u00bb ou mordre un ou une coll\u00e8gue qui se penchait \u00ab\u00a0mais sans l&rsquo;intention de faire mal\u00a0\u00bb. Il le compare au jeu \u00ab\u00a0chat-bite\u00a0\u00bb.  <\/p>\n<p class=\"lead \">\u00ab\u00a0On n&rsquo;est pas sur France Inter\u00a0\u00bb, poursuit l&rsquo;homme de 43 ans, veste grise et pantalon noir, alors animateur d&rsquo;une \u00e9mission \u00ab\u00a0pour divertir\u00a0\u00bb, qui affirme avoir \u00e9galement \u00e9t\u00e9 mordu, notamment par Mme Barel.<\/p>\n<p class=\"lead \">\u00ab\u00a0Il n&rsquo;y a que Monsieur Cerutti qui mord\u00a0\u00bb, r\u00e9plique la partie civile pendant l&rsquo;audience.<\/p>\n<p class=\"lead \">Et Caroline Barel de raconter que M. Cerutti s&rsquo;\u00e9tait vant\u00e9 aupr\u00e8s de l&rsquo;\u00e9quipe d&rsquo;avoir r\u00e9ussi \u00e0 la mordre, elle qui avait \u00ab\u00a0toujours dit non\u00a0\u00bb.      <\/p>\n<p class=\"lead \">En f\u00e9vrier 2016, poursuit-elle, Vincent Cerutti lui mord furtivement la fesse lors d&rsquo;une photo apr\u00e8s la matinale \u00e0 destination des r\u00e9seaux sociaux. <\/p>\n<p class=\"lead \">Si l&rsquo;animateur, qui conteste cette deuxi\u00e8me morsure, a \u00ab\u00a0honte d&rsquo;avoir jou\u00e9 \u00e0 ce jeu ridicule\u00a0\u00bb, il juge \u00ab\u00a0impossible\u00a0\u00bb d&rsquo;\u00eatre l&rsquo;auteur d&rsquo;agression sexuelle, lui qui se revendique \u00ab\u00a0f\u00e9ministe\u00a0\u00bb.<\/p>\n<p class=\"lead \">Jugement mis en d\u00e9lib\u00e9r\u00e9 au 4 f\u00e9vrier 2026.<\/p>\n<p class=\"small font-weight-bold text-gray3 \"> publi\u00e9 le 9 d\u00e9cembre \u00e0 21h55, AFP<\/p>\n<p>                             Partager<\/p>\n","protected":false},"excerpt":{"rendered":"Six mois de prison avec sursis ont \u00e9t\u00e9 requis mardi contre Vincent Cerutti, ancien animateur de la matinale&hellip;\n","protected":false},"author":2,"featured_media":589298,"comment_status":"","ping_status":"","sticky":false,"template":"","format":"standard","meta":{"footnotes":""},"categories":[8],"tags":[1120,58,59,4651,1011,27,4780],"class_list":{"0":"post-589297","1":"post","2":"type-post","3":"status-publish","4":"format-standard","5":"has-post-thumbnail","7":"category-divertissement","8":"tag-agression","9":"tag-divertissement","10":"tag-entertainment","11":"tag-femmes","12":"tag-fr","13":"tag-france","14":"tag-procs"},"share_on_mastodon":{"url":"https:\/\/pubeurope.com\/@fr\/115691795719513685","error":""},"_links":{"self":[{"href":"https:\/\/www.europesays.com\/fr\/wp-json\/wp\/v2\/posts\/589297","targetHints":{"allow":["GET"]}}],"collection":[{"href":"https:\/\/www.europesays.com\/fr\/wp-json\/wp\/v2\/posts"}],"about":[{"href":"https:\/\/www.europesays.com\/fr\/wp-json\/wp\/v2\/types\/post"}],"author":[{"embeddable":true,"href":"https:\/\/www.europesays.com\/fr\/wp-json\/wp\/v2\/users\/2"}],"replies":[{"embeddable":true,"href":"https:\/\/www.europesays.com\/fr\/wp-json\/wp\/v2\/comments?post=589297"}],"version-history":[{"count":0,"href":"https:\/\/www.europesays.com\/fr\/wp-json\/wp\/v2\/posts\/589297\/revisions"}],"wp:featuredmedia":[{"embeddable":true,"href":"https:\/\/www.europesays.com\/fr\/wp-json\/wp\/v2\/media\/589298"}],"wp:attachment":[{"href":"https:\/\/www.europesays.com\/fr\/wp-json\/wp\/v2\/media?parent=589297"}],"wp:term":[{"taxonomy":"category","embeddable":true,"href":"https:\/\/www.europesays.com\/fr\/wp-json\/wp\/v2\/categories?post=589297"},{"taxonomy":"post_tag","embeddable":true,"href":"https:\/\/www.europesays.com\/fr\/wp-json\/wp\/v2\/tags?post=589297"}],"curies":[{"name":"wp","href":"https:\/\/api.w.org\/{rel}","templated":true}]}}