{"id":589309,"date":"2025-12-09T21:50:37","date_gmt":"2025-12-09T21:50:37","guid":{"rendered":"https:\/\/www.europesays.com\/fr\/589309\/"},"modified":"2025-12-09T21:50:37","modified_gmt":"2025-12-09T21:50:37","slug":"au-debut-il-y-avait-quelques-ricanements","status":"publish","type":"post","link":"https:\/\/www.europesays.com\/fr\/589309\/","title":{"rendered":"\u00ab\u00a0Au d\u00e9but, il y avait quelques ricanements\u00a0\u00bb"},"content":{"rendered":"<p>C\u2019est peut-\u00eatre parce qu\u2019elle a commenc\u00e9 son engagement politique aupr\u00e8s d\u2019une femme maire qu\u2019H\u00e9l\u00e8ne Favard s\u2019est toujours sentie \u00e0 sa place dans un conseil municipal, comme \u00e9lue et comme femme engag\u00e9e dans l\u2019action publique.<\/p>\n<p>\u00ab\u00a0C\u2019est vrai qu\u2019avec Marie-H\u00e9l\u00e8ne Sauz\u00e9a comme maire, la question ne s\u2019est jamais pos\u00e9e\u00a0\u00bb, reconna\u00eet celle qui dans quelques semaines mettra un terme \u00e0 sa vie politique, tout en incitant les femmes \u00e0 s\u2019engager dans l\u2019action publique et dans la vie de leur commune.<\/p>\n<p>Un mandat dans la majorit\u00e9, deux dans l\u2019opposition<\/p>\n<p>\u00ab\u00a0Les femmes voient la vie municipale de fa\u00e7on diff\u00e9rente, <a href=\"https:\/\/www.leprogres.fr\/politique\/2025\/07\/21\/marie-helene-sauzea-la-notion-d-engagement-n-est-plus-la-meme-dans-les-partis-et-dans-les-mairies\" target=\"_blank\" rel=\"noopener\">Marie-H\u00e9l\u00e8ne Sauz\u00e9a<\/a> avait un regard plus humaniste sur beaucoup de questions. M\u00eame si elles sont encore peu nombreuses \u00e0 \u00eatre maires, on voit des femmes \u00e0 des postes importants, les choses avancent gr\u00e2ce \u00e0 la parit\u00e9.\u00a0\u00bb<\/p>\n<p>C\u2019est en 2008, qu\u2019H\u00e9l\u00e8ne Favard rejoint l\u2019\u00e9quipe&#8230;<\/p>\n","protected":false},"excerpt":{"rendered":"C\u2019est peut-\u00eatre parce qu\u2019elle a commenc\u00e9 son engagement politique aupr\u00e8s d\u2019une femme maire qu\u2019H\u00e9l\u00e8ne Favard s\u2019est toujours sentie&hellip;\n","protected":false},"author":2,"featured_media":589310,"comment_status":"","ping_status":"","sticky":false,"template":"","format":"standard","meta":{"footnotes":""},"categories":[9653],"tags":[1111,11,2430,7539,4188,1777,674,1011,27,12,316,25,12490,12491,4001],"class_list":{"0":"post-589309","1":"post","2":"type-post","3":"status-publish","4":"format-standard","5":"has-post-thumbnail","7":"category-saint-etienne","8":"tag-actu","9":"tag-actualites","10":"tag-auvergne-rhone-alpes","11":"tag-edition-loire-sud","12":"tag-elections-municipales","13":"tag-eu","14":"tag-europe","15":"tag-fr","16":"tag-france","17":"tag-news","18":"tag-politique","19":"tag-republique-francaise","20":"tag-roche-la-moliere","21":"tag-roche-la-moliere-bassin","22":"tag-saint-etienne"},"share_on_mastodon":{"url":"https:\/\/pubeurope.com\/@fr\/115691823141213199","error":""},"_links":{"self":[{"href":"https:\/\/www.europesays.com\/fr\/wp-json\/wp\/v2\/posts\/589309","targetHints":{"allow":["GET"]}}],"collection":[{"href":"https:\/\/www.europesays.com\/fr\/wp-json\/wp\/v2\/posts"}],"about":[{"href":"https:\/\/www.europesays.com\/fr\/wp-json\/wp\/v2\/types\/post"}],"author":[{"embeddable":true,"href":"https:\/\/www.europesays.com\/fr\/wp-json\/wp\/v2\/users\/2"}],"replies":[{"embeddable":true,"href":"https:\/\/www.europesays.com\/fr\/wp-json\/wp\/v2\/comments?post=589309"}],"version-history":[{"count":0,"href":"https:\/\/www.europesays.com\/fr\/wp-json\/wp\/v2\/posts\/589309\/revisions"}],"wp:featuredmedia":[{"embeddable":true,"href":"https:\/\/www.europesays.com\/fr\/wp-json\/wp\/v2\/media\/589310"}],"wp:attachment":[{"href":"https:\/\/www.europesays.com\/fr\/wp-json\/wp\/v2\/media?parent=589309"}],"wp:term":[{"taxonomy":"category","embeddable":true,"href":"https:\/\/www.europesays.com\/fr\/wp-json\/wp\/v2\/categories?post=589309"},{"taxonomy":"post_tag","embeddable":true,"href":"https:\/\/www.europesays.com\/fr\/wp-json\/wp\/v2\/tags?post=589309"}],"curies":[{"name":"wp","href":"https:\/\/api.w.org\/{rel}","templated":true}]}}