{"id":589329,"date":"2025-12-09T22:03:13","date_gmt":"2025-12-09T22:03:13","guid":{"rendered":"https:\/\/www.europesays.com\/fr\/589329\/"},"modified":"2025-12-09T22:03:13","modified_gmt":"2025-12-09T22:03:13","slug":"la-bastille-le-spot-de-grenoble-dans-lpentu-%f0%9f%91%8d-video","status":"publish","type":"post","link":"https:\/\/www.europesays.com\/fr\/589329\/","title":{"rendered":"La Bastille, le spot de Grenoble dans l&rsquo;pentu ! \ud83d\udc4d (vid\u00e9o)"},"content":{"rendered":"<p>                                                        <a href=\"https:\/\/www.skipass.com\/users\/skipacific\/live.html\" class=\"user-link\" target=\"_blank\" rel=\"noopener\">skipacific <\/a><\/p>\n<p>Rider La Bastille ? Droit dans l&rsquo;pentu !.<\/p>\n<p>Si si, \u00e7a le fait, et c&rsquo;est top fun !<\/p>\n<p>En mode ride d&rsquo;automne \u00e0 la Bastille !<\/p>\n<p>Fantastique terrain de jeux, aux portes du massif de la Chartreuse !<\/p>\n<p>\u00c0 Grenoble, capitale des Alpes, on a de quoi s&rsquo;occuper quand on n&rsquo;a pas le temps de monter aux alentours en station 7 Laux, Chamrousse, Villard-de-Lans, L2A, Alpe d&rsquo;Huez, Villard de Lans&#8230;ou domaine pas encore ouverts ADGS, SPDChartreuse&#8230;<\/p>\n<p>Ne pas faillir \u00e0 la r\u00e9putation de Grenoble : Les Jeux Olympiques d&rsquo;hiver, le ski et la bonne blanche \u00e0 rider c&rsquo;est son\u00a0 ADN !\u00a0<\/p>\n<p>=&gt; Sessions entra\u00eenements ou juste partager des moments de bonheur \u00ab\u00a0fun attitude\u00a0\u00bb. La Bastille = \u00a0\u00bb The Place to be\u00a0\u00bb \ud83e\udd18.<\/p>\n<p>La mont\u00e9e de la Bastille version escaliers : juste bons pour la pr\u00e9paration physique et la r\u00e9cup&rsquo; ! Pour la phase r\u00e9cup&rsquo; certains pr\u00e9f\u00e9rent vin chaud &#8211; diots ! \ud83d\ude00<\/p>\n<p>Un grand Merci \u00e0 la team Ski Freeride Bastille-Grenoble ! BIG UP \ud83d\udc4d<\/p>\n<p>Sans oublier leurs sponsors : Atomic \u00ab\u00a0ski cailloux\u00a0\u00bb, Poc le casque, et Lange !<\/p>\n<p>Actuellement, \u00e0 GRE, on attend la poudre \u2744\u2744\u2744 ! \ud83e\udd29<\/p>\n<p>\n                            <strong>Qualit\u00e9 du ski <\/strong> : 5\/5                        <\/p>\n","protected":false},"excerpt":{"rendered":"skipacific Rider La Bastille ? Droit dans l&rsquo;pentu !. Si si, \u00e7a le fait, et c&rsquo;est top fun&hellip;\n","protected":false},"author":2,"featured_media":589330,"comment_status":"","ping_status":"","sticky":false,"template":"","format":"standard","meta":{"footnotes":""},"categories":[9566],"tags":[1111,11,2430,1777,674,1011,27,2731,12,25],"class_list":{"0":"post-589329","1":"post","2":"type-post","3":"status-publish","4":"format-standard","5":"has-post-thumbnail","7":"category-grenoble","8":"tag-actu","9":"tag-actualites","10":"tag-auvergne-rhone-alpes","11":"tag-eu","12":"tag-europe","13":"tag-fr","14":"tag-france","15":"tag-grenoble","16":"tag-news","17":"tag-republique-francaise"},"share_on_mastodon":{"url":"https:\/\/pubeurope.com\/@fr\/115691874242906215","error":""},"_links":{"self":[{"href":"https:\/\/www.europesays.com\/fr\/wp-json\/wp\/v2\/posts\/589329","targetHints":{"allow":["GET"]}}],"collection":[{"href":"https:\/\/www.europesays.com\/fr\/wp-json\/wp\/v2\/posts"}],"about":[{"href":"https:\/\/www.europesays.com\/fr\/wp-json\/wp\/v2\/types\/post"}],"author":[{"embeddable":true,"href":"https:\/\/www.europesays.com\/fr\/wp-json\/wp\/v2\/users\/2"}],"replies":[{"embeddable":true,"href":"https:\/\/www.europesays.com\/fr\/wp-json\/wp\/v2\/comments?post=589329"}],"version-history":[{"count":0,"href":"https:\/\/www.europesays.com\/fr\/wp-json\/wp\/v2\/posts\/589329\/revisions"}],"wp:featuredmedia":[{"embeddable":true,"href":"https:\/\/www.europesays.com\/fr\/wp-json\/wp\/v2\/media\/589330"}],"wp:attachment":[{"href":"https:\/\/www.europesays.com\/fr\/wp-json\/wp\/v2\/media?parent=589329"}],"wp:term":[{"taxonomy":"category","embeddable":true,"href":"https:\/\/www.europesays.com\/fr\/wp-json\/wp\/v2\/categories?post=589329"},{"taxonomy":"post_tag","embeddable":true,"href":"https:\/\/www.europesays.com\/fr\/wp-json\/wp\/v2\/tags?post=589329"}],"curies":[{"name":"wp","href":"https:\/\/api.w.org\/{rel}","templated":true}]}}