{"id":589335,"date":"2025-12-09T22:06:17","date_gmt":"2025-12-09T22:06:17","guid":{"rendered":"https:\/\/www.europesays.com\/fr\/589335\/"},"modified":"2025-12-09T22:06:17","modified_gmt":"2025-12-09T22:06:17","slug":"niederhausbergen-la-doyenne-de-la-commune-a-fete-ses-100-ans","status":"publish","type":"post","link":"https:\/\/www.europesays.com\/fr\/589335\/","title":{"rendered":"Niederhausbergen. La doyenne de la commune a f\u00eat\u00e9 ses 100 ans"},"content":{"rendered":"<p>Le 2\u00a0d\u00e9cembre, la mairie a accueilli solennellement la doyenne de la commune, qui a f\u00eat\u00e9 dans la bonne humeur ses 100 ans, entour\u00e9e de sa famille et ses amis.\u00a0\u00a0\u00a0\u00a0\u00a0<\/p>\n<p>Alice Noeppel, n\u00e9e Frey, a perdu son papa \u00e0 8 ans. Elle part avec sa famille en Dordogne, puis revient en Alsace en 1945. \u00c0 23 ans, l\u2019\u00e2ge de vivre et de danser, elle se marie avec Ernest avec qui elle aura deux enfants. Son mari d\u00e9c\u00e8de quand elle a 33 ans. Alice a \u00e9galement v\u00e9cu 40 ans de vie rude, durant lesquels elle fait du repassage et \u00e9l\u00e8ve courageusement ses enfants.<\/p>\n<p>\u00c0 60 ans, elle commence \u00e0 voyager et fait du sport. \u00ab\u00a0Une femme formidable, qui a eu des hauts et des bas\u00a0\u00bb, dit sa fille. La vie l\u2019a construite, et elle aborde l\u2019\u00e2ge de 100 ans avec toute sa t\u00eate, son enthousiasme et son sourire radieux. Sa recette\u00a0? Un amer bi\u00e8re chaque soir.<\/p>\n","protected":false},"excerpt":{"rendered":"Le 2\u00a0d\u00e9cembre, la mairie a accueilli solennellement la doyenne de la commune, qui a f\u00eat\u00e9 dans la bonne&hellip;\n","protected":false},"author":2,"featured_media":589336,"comment_status":"","ping_status":"","sticky":false,"template":"","format":"standard","meta":{"footnotes":""},"categories":[2820],"tags":[1111,11,3581,7476,2880,1777,674,107,1011,27,775,12,13182,25,104,640,3265],"class_list":{"0":"post-589335","1":"post","2":"type-post","3":"status-publish","4":"format-standard","5":"has-post-thumbnail","7":"category-strasbourg","8":"tag-actu","9":"tag-actualites","10":"tag-anniversaire","11":"tag-anniversaires","12":"tag-edition-strasbourg","13":"tag-eu","14":"tag-europe","15":"tag-fil-info","16":"tag-fr","17":"tag-france","18":"tag-grand-est","19":"tag-news","20":"tag-niederhausbergen","21":"tag-republique-francaise","22":"tag-societe","23":"tag-strasbourg","24":"tag-strasbourg-nord"},"share_on_mastodon":{"url":"https:\/\/pubeurope.com\/@fr\/115691886021132490","error":""},"_links":{"self":[{"href":"https:\/\/www.europesays.com\/fr\/wp-json\/wp\/v2\/posts\/589335","targetHints":{"allow":["GET"]}}],"collection":[{"href":"https:\/\/www.europesays.com\/fr\/wp-json\/wp\/v2\/posts"}],"about":[{"href":"https:\/\/www.europesays.com\/fr\/wp-json\/wp\/v2\/types\/post"}],"author":[{"embeddable":true,"href":"https:\/\/www.europesays.com\/fr\/wp-json\/wp\/v2\/users\/2"}],"replies":[{"embeddable":true,"href":"https:\/\/www.europesays.com\/fr\/wp-json\/wp\/v2\/comments?post=589335"}],"version-history":[{"count":0,"href":"https:\/\/www.europesays.com\/fr\/wp-json\/wp\/v2\/posts\/589335\/revisions"}],"wp:featuredmedia":[{"embeddable":true,"href":"https:\/\/www.europesays.com\/fr\/wp-json\/wp\/v2\/media\/589336"}],"wp:attachment":[{"href":"https:\/\/www.europesays.com\/fr\/wp-json\/wp\/v2\/media?parent=589335"}],"wp:term":[{"taxonomy":"category","embeddable":true,"href":"https:\/\/www.europesays.com\/fr\/wp-json\/wp\/v2\/categories?post=589335"},{"taxonomy":"post_tag","embeddable":true,"href":"https:\/\/www.europesays.com\/fr\/wp-json\/wp\/v2\/tags?post=589335"}],"curies":[{"name":"wp","href":"https:\/\/api.w.org\/{rel}","templated":true}]}}