{"id":589345,"date":"2025-12-09T22:11:34","date_gmt":"2025-12-09T22:11:34","guid":{"rendered":"https:\/\/www.europesays.com\/fr\/589345\/"},"modified":"2025-12-09T22:11:34","modified_gmt":"2025-12-09T22:11:34","slug":"a-nantes-les-eleves-du-college-chantenay-ont-de-nouveau-droit-aux-recreations-et-a-la-cantine","status":"publish","type":"post","link":"https:\/\/www.europesays.com\/fr\/589345\/","title":{"rendered":"A Nantes, les \u00e9l\u00e8ves du coll\u00e8ge Chantenay ont de nouveau droit aux r\u00e9cr\u00e9ations et \u00e0 la cantine"},"content":{"rendered":"<p>Retour \u00e0 la normale ce mercredi au coll\u00e8ge Chantenay, \u00e0 Nantes. Depuis lundi, l&rsquo;\u00e9tablissement fonctionnait en mode d\u00e9grad\u00e9, la moiti\u00e9 des surveillants \u00e9tant en arr\u00eat maladie. Le rectorat a accord\u00e9 au coll\u00e8ge un demi-poste suppl\u00e9mentaire d&rsquo;assistant d&rsquo;\u00e9ducation jusqu&rsquo;aux vacances de fin d&rsquo;ann\u00e9e. <\/p>\n<p>Apr\u00e8s deux jours \u00e9court\u00e9s de quelques heures de cours, de r\u00e9cr\u00e9ations et de cantine, les <strong>800 \u00e9l\u00e8ves<\/strong> du coll\u00e8ge Chantenay, \u00e0 Nantes, retrouveront une vie normale ce mercredi. La direction\u00a0avait d\u00e9cid\u00e9 lundi de placer l&rsquo;\u00e9tablissement en mode d\u00e9grad\u00e9 suite \u00e0 l&rsquo;absence de trois assistants d&rsquo;\u00e9ducation (AED), soit la moiti\u00e9 en moins des effectifs. Cons\u00e9quence, les cours n&rsquo;\u00e9taient plus assur\u00e9s qu&rsquo;entre 10 heures et 15 heures.<\/p>\n<p>Le rectorat de Nantes a r\u00e9agi ce mardi, en accordant <strong>un demi-poste d&rsquo;assistant d&rsquo;\u00e9ducation en plus<\/strong> jusqu&rsquo;aux vacances de fin d&rsquo;ann\u00e9e. L&rsquo;\u00e9quipe de direction est \u00e9galement renforc\u00e9e avec un demi-poste port\u00e9 \u00e0 temps complet, l\u00e0 encore jusqu&rsquo;au 19 d\u00e9cembre. Le rectorat souligne n\u00e9anmoins que le coll\u00e8ge de Chantenay \u00ab\u00a0dispose d&rsquo;une dotation en AED sup\u00e9rieure \u00e0 la moyenne d\u00e9partementale\u00a0\u00bb. Il rappelle aussi que le service scolaire b\u00e9n\u00e9ficie de deux conseillers principaux d&rsquo;\u00e9ducation (CPE) depuis la rentr\u00e9e (dont un en stage).<\/p>\n<p>Aux yeux du rectorat, \u00ab\u00a0le coll\u00e8ge Chantenay est un \u00e9tablissement dont les moyens de fonctionnement sont en rapport avec ses caract\u00e9ristiques, il n&rsquo;est pas particuli\u00e8rement expos\u00e9 aux risques\u00a0\u00bb.<\/p>\n<p>\u00c0 lire aussi   <img decoding=\"async\" src=\"https:\/\/www.europesays.com\/fr\/wp-content\/uploads\/2025\/12\/1765318294_461_400x400\" alt=\"\" style=\"--_image-preview:url('data:image\/jpeg;base64,\/9j\/2wBDACgcHiMeGSgjISMtKygwPGRBPDc3PHtYXUlkkYCZlo+AjIqgtObDoKrarYqMyP\/L2u71\/\/\/\/m8H\/\/\/\/6\/+b9\/\/j\/2wBDASstLTw1PHZBQXb4pYyl+Pj4+Pj4+Pj4+Pj4+Pj4+Pj4+Pj4+Pj4+Pj4+Pj4+Pj4+Pj4+Pj4+Pj4+Pj4+Pj4+Pj\/wAARCAAXACoDASIAAhEBAxEB\/8QAFwABAQEBAAAAAAAAAAAAAAAAAQACA\/\/EABcQAQEBAQAAAAAAAAAAAAAAAAARAQL\/xAAXAQEBAQEAAAAAAAAAAAAAAAAAAQID\/8QAFREBAQAAAAAAAAAAAAAAAAAAABH\/2gAMAwEAAhEDEQA\/AAaUzFrOhoEK1y3XPGqkBCk6MgJKBVIH\/9k=');\" loading=\"lazy\" fetchpriority=\"low\" aria-hidden=\"true\" class=\"svelte-1cksh76 rounded\" onload=\"this.__e=event\" onerror=\"this.__e=event\"\/><\/p>\n","protected":false},"excerpt":{"rendered":"Retour \u00e0 la normale ce mercredi au coll\u00e8ge Chantenay, \u00e0 Nantes. Depuis lundi, l&rsquo;\u00e9tablissement fonctionnait en mode d\u00e9grad\u00e9,&hellip;\n","protected":false},"author":2,"featured_media":589346,"comment_status":"","ping_status":"","sticky":false,"template":"","format":"standard","meta":{"footnotes":""},"categories":[2818],"tags":[1111,11,1777,674,1011,27,766,12,2636,25],"class_list":{"0":"post-589345","1":"post","2":"type-post","3":"status-publish","4":"format-standard","5":"has-post-thumbnail","7":"category-nantes","8":"tag-actu","9":"tag-actualites","10":"tag-eu","11":"tag-europe","12":"tag-fr","13":"tag-france","14":"tag-nantes","15":"tag-news","16":"tag-pays-de-la-loire","17":"tag-republique-francaise"},"share_on_mastodon":{"url":"https:\/\/pubeurope.com\/@fr\/115691906516418039","error":""},"_links":{"self":[{"href":"https:\/\/www.europesays.com\/fr\/wp-json\/wp\/v2\/posts\/589345","targetHints":{"allow":["GET"]}}],"collection":[{"href":"https:\/\/www.europesays.com\/fr\/wp-json\/wp\/v2\/posts"}],"about":[{"href":"https:\/\/www.europesays.com\/fr\/wp-json\/wp\/v2\/types\/post"}],"author":[{"embeddable":true,"href":"https:\/\/www.europesays.com\/fr\/wp-json\/wp\/v2\/users\/2"}],"replies":[{"embeddable":true,"href":"https:\/\/www.europesays.com\/fr\/wp-json\/wp\/v2\/comments?post=589345"}],"version-history":[{"count":0,"href":"https:\/\/www.europesays.com\/fr\/wp-json\/wp\/v2\/posts\/589345\/revisions"}],"wp:featuredmedia":[{"embeddable":true,"href":"https:\/\/www.europesays.com\/fr\/wp-json\/wp\/v2\/media\/589346"}],"wp:attachment":[{"href":"https:\/\/www.europesays.com\/fr\/wp-json\/wp\/v2\/media?parent=589345"}],"wp:term":[{"taxonomy":"category","embeddable":true,"href":"https:\/\/www.europesays.com\/fr\/wp-json\/wp\/v2\/categories?post=589345"},{"taxonomy":"post_tag","embeddable":true,"href":"https:\/\/www.europesays.com\/fr\/wp-json\/wp\/v2\/tags?post=589345"}],"curies":[{"name":"wp","href":"https:\/\/api.w.org\/{rel}","templated":true}]}}