{"id":589351,"date":"2025-12-09T22:15:21","date_gmt":"2025-12-09T22:15:21","guid":{"rendered":"https:\/\/www.europesays.com\/fr\/589351\/"},"modified":"2025-12-09T22:15:21","modified_gmt":"2025-12-09T22:15:21","slug":"a-toulouse-lassociation-aida-veut-offrir-un-noel-aux-jeunes-hospitalises","status":"publish","type":"post","link":"https:\/\/www.europesays.com\/fr\/589351\/","title":{"rendered":"\u00c0 Toulouse, l\u2019association A\u00efda veut offrir un No\u00ebl aux jeunes hospitalis\u00e9s"},"content":{"rendered":"<p>\n                                                                    l&rsquo;essentiel<br \/>\n                                                                \u00c0 l\u2019Oncopole de Toulouse, des dizaines de jeunes passeront No\u00ebl \u00e0 l\u2019h\u00f4pital. Pour qu\u2019aucun ne soit oubli\u00e9, l\u2019association A\u00efda lance une grande mobilisation et vise la collecte de milliers de cadeaux personnalis\u00e9s \u00e0 distribuer.\n                            <\/p>\n<p>Chaque ann\u00e9e, plusieurs milliers de jeunes passent les f\u00eates loin de chez eux, hospitalis\u00e9s en pleine p\u00e9riode de No\u00ebl.<\/p>\n<p>\u00c0 Toulouse, <a href=\"https:\/\/associationaida.org\/\" target=\"_self\" rel=\"noopener\">l\u2019association A\u00efda<\/a>, pr\u00e9sente notamment \u00e0 l\u2019Oncopole, relance son op\u00e9ration nationale \u00ab\u00a0No\u00ebl \u00e0 l\u2019h\u00f4pital\u00a0\u00bb, qui vise \u00e0 offrir 10\u00a0000 cadeaux personnalis\u00e9s aux adolescents et jeunes adultes touch\u00e9s par le cancer.<\/p>\n<p>Cr\u00e9\u00e9e en 2015 par L\u00e9a Moukanas, l\u2019association accompagne 2\u00a0200 jeunes patients par an gr\u00e2ce \u00e0 2\u00a0000 b\u00e9n\u00e9voles \u00e2g\u00e9s de 15 \u00e0 25 ans, une sp\u00e9cificit\u00e9 qui en fait la premi\u00e8re structure fran\u00e7aise permettant l\u2019engagement de mineurs. Elle organise au quotidien des visites dans plus de 80 services hospitaliers, dont l\u2019Oncopole de Toulouse, pour lutter contre l\u2019isolement.<\/p>\n<p class=\"std-elt__inline\">\n        <strong>\u00c0 lire aussi :<\/strong><br \/>\n        <a href=\"https:\/\/www.ladepeche.fr\/2025\/10\/28\/cancers-une-augmentation-de-80-en-trois-decennies-chez-les-moins-de-50-ans-pourquoi-les-diagnostics-grimpent-autant-chez-les-jeunes-13007811.php\" target=\"_blank\" rel=\"noopener\">Cancers\u00a0: une augmentation de 80\u00a0% en trois d\u00e9cennies chez les moins de 50 ans\u2026 pourquoi les diagnostics grimpent autant chez les jeunes\u00a0?<\/a>\n    <\/p>\n<p>Alors que No\u00ebl approche \u00e0 grands pas, A\u00efda mobilise ses \u00e9quipes et ses partenaires pour collecter des cadeaux directement inspir\u00e9s des envies des jeunes\u00a0: jeux de soci\u00e9t\u00e9, places de concert ou de th\u00e9\u00e2tre, financement du code de la route, ou encore activit\u00e9s sportives.<\/p>\n<p>Ces pr\u00e9sents, financ\u00e9s par les dons, sont ensuite distribu\u00e9s le jour de No\u00ebl dans les services hospitaliers, dont ceux de la Ville rose. \u00ab\u00a0Un cadeau personnalis\u00e9, c\u2019est bien plus qu\u2019un objet\u00a0: c\u2019est un message d\u2019attention et de soutien\u00a0\u00bb, rappelle l\u2019association.<\/p>\n<p>Une association reconnue et prim\u00e9e<\/p>\n<p>Les Toulousains peuvent soutenir l\u2019op\u00e9ration en <a href=\"https:\/\/noelalhopital.fr\/\" target=\"_self\" rel=\"noopener\">offrant un cadeau <\/a>ou en participant \u00e0 des visites aupr\u00e8s des jeunes patients. Les dons ouvrent droit \u00e0 une r\u00e9duction d\u2019imp\u00f4t de 66\u00a0%.<\/p>\n<p>Parrain\u00e9e par des personnalit\u00e9s comme Paola Locatelli, Benjamin Pavard ou Camille Lacourt, l\u2019association A\u00efda a \u00e9t\u00e9 prim\u00e9e \u00e0 Vivatech, et m\u00e9daill\u00e9e par la Ville de Paris. Sa fondatrice, L\u00e9a Moukanas, figure dans les classements Forbes des jeunes personnalit\u00e9s influentes.<\/p>\n<p>A\u00efda veut rappeler une conviction simple\u00a0: \u00ab\u00a0avant d\u2019\u00eatre malade, un jeune reste un jeune. Et \u00e0 No\u00ebl, surtout, personne ne devrait \u00eatre oubli\u00e9.\u00a0\u00bb<\/p>\n","protected":false},"excerpt":{"rendered":"l&rsquo;essentiel \u00c0 l\u2019Oncopole de Toulouse, des dizaines de jeunes passeront No\u00ebl \u00e0 l\u2019h\u00f4pital. Pour qu\u2019aucun ne soit oubli\u00e9,&hellip;\n","protected":false},"author":2,"featured_media":589352,"comment_status":"","ping_status":"","sticky":false,"template":"","format":"standard","meta":{"footnotes":""},"categories":[2816],"tags":[1111,11,1777,674,1011,27,329,2722,12,2680,25,1857,2312],"class_list":{"0":"post-589351","1":"post","2":"type-post","3":"status-publish","4":"format-standard","5":"has-post-thumbnail","7":"category-toulouse","8":"tag-actu","9":"tag-actualites","10":"tag-eu","11":"tag-europe","12":"tag-fr","13":"tag-france","14":"tag-france-monde","15":"tag-haute-garonne","16":"tag-news","17":"tag-occitanie","18":"tag-republique-francaise","19":"tag-sociu00e9tu00e9","20":"tag-toulouse"},"share_on_mastodon":{"url":"https:\/\/pubeurope.com\/@fr\/115691921327128637","error":""},"_links":{"self":[{"href":"https:\/\/www.europesays.com\/fr\/wp-json\/wp\/v2\/posts\/589351","targetHints":{"allow":["GET"]}}],"collection":[{"href":"https:\/\/www.europesays.com\/fr\/wp-json\/wp\/v2\/posts"}],"about":[{"href":"https:\/\/www.europesays.com\/fr\/wp-json\/wp\/v2\/types\/post"}],"author":[{"embeddable":true,"href":"https:\/\/www.europesays.com\/fr\/wp-json\/wp\/v2\/users\/2"}],"replies":[{"embeddable":true,"href":"https:\/\/www.europesays.com\/fr\/wp-json\/wp\/v2\/comments?post=589351"}],"version-history":[{"count":0,"href":"https:\/\/www.europesays.com\/fr\/wp-json\/wp\/v2\/posts\/589351\/revisions"}],"wp:featuredmedia":[{"embeddable":true,"href":"https:\/\/www.europesays.com\/fr\/wp-json\/wp\/v2\/media\/589352"}],"wp:attachment":[{"href":"https:\/\/www.europesays.com\/fr\/wp-json\/wp\/v2\/media?parent=589351"}],"wp:term":[{"taxonomy":"category","embeddable":true,"href":"https:\/\/www.europesays.com\/fr\/wp-json\/wp\/v2\/categories?post=589351"},{"taxonomy":"post_tag","embeddable":true,"href":"https:\/\/www.europesays.com\/fr\/wp-json\/wp\/v2\/tags?post=589351"}],"curies":[{"name":"wp","href":"https:\/\/api.w.org\/{rel}","templated":true}]}}