{"id":589353,"date":"2025-12-09T22:17:16","date_gmt":"2025-12-09T22:17:16","guid":{"rendered":"https:\/\/www.europesays.com\/fr\/589353\/"},"modified":"2025-12-09T22:17:16","modified_gmt":"2025-12-09T22:17:16","slug":"la-ligne-a-du-metro-partiellement-a-larret-pendant-plusieurs-heures-la-raison-est-assez-rare","status":"publish","type":"post","link":"https:\/\/www.europesays.com\/fr\/589353\/","title":{"rendered":"la ligne A du m\u00e9tro partiellement \u00e0 l&rsquo;arr\u00eat pendant plusieurs heures, la raison est assez rare"},"content":{"rendered":"<p>                    Par<br \/>\n        <strong><br \/>\n            <a href=\"https:\/\/actu.fr\/auteur\/david-saint-sernin\" title=\"Consulter tous les articles de David Saint-Sernin\" target=\"_blank\" rel=\"noopener\">David Saint-Sernin<\/a><br \/>\n                    <\/strong><\/p>\n<p>        Publi\u00e9 le<\/p>\n<p>            9 d\u00e9c. 2025 \u00e0 20h16        <\/p>\n<p>Journ\u00e9e noire pour <strong>Tiss\u00e9o<\/strong> mardi 9\u00a0d\u00e9cembre 2025. Apr\u00e8s un <a href=\"https:\/\/actu.fr\/occitanie\/toulouse_31555\/deux-femmes-percutees-par-un-bus-de-tisseo-dans-le-centre-ville-de-toulouse-la-circulation-coupee_63552366.html\" target=\"_blank\" rel=\"noopener\">grave accident de bus au centre-ville<\/a> cet apr\u00e8s-midi, apr\u00e8s <a href=\"https:\/\/actu.fr\/occitanie\/toulouse_31555\/toulouse-un-mort-sur-le-chantier-de-la-ligne-c-du-metro-le-deuxieme-en-deux-ans_63554307.html\" target=\"_blank\" rel=\"noopener\">l\u2019accident mortel qui a endeuill\u00e9 le chantier de la ligne C du m\u00e9tro<\/a> au niveau de la future station Bonnefoy, apr\u00e8s <a href=\"https:\/\/actu.fr\/occitanie\/toulouse_31555\/toulouse-la-ligne-b-du-metro-totalement-a-l-arret-a-cause-d-une-bagarre-dans-une-rame_63554143.html\" target=\"_blank\" rel=\"noopener\">l\u2019interruption de la ligne B en raison d\u2019une bagarre \u00e0 la station Saint-Agne<\/a>, c\u2019est la ligne A qui est partiellement \u00e0 l\u2019arr\u00eat depuis 17h entre les stations Basso Cambo et Ar\u00e8nes. Un arr\u00eat qui va durer au moins une partie de la soir\u00e9e.<\/p>\n<p>La raison de l\u2019arr\u00eate partiel du m\u00e9tro est rare<\/p>\n<p class=\" wall-content\">La raison est assez rare. Si Tiss\u00e9o \u00e9voque \u00ab\u2009un probl\u00e8me technique sur une rame situ\u00e9e \u00e0 la station Reynerie\u2009\u00bb aupr\u00e8s de ses usagers, \u00ab\u2009c\u2019est un objet qui se trouve sur la voie qui n\u00e9cessite d\u2019arr\u00eater partiellement la ligne A\u2009\u00bb, pr\u00e9cise Tiss\u00e9o \u00e0 Actu Toulouse. La nature de l\u2019objet est pour l\u2019heure inconnue.<\/p>\n<p class=\" wall-content\">Peu apr\u00e8s 19h30, plusieurs stations ne sont toujours pas desservies\u2009:<\/p>\n<ul class=\" wall-content\">\n<li>Basso Cambo<\/li>\n<li>Bellefontaine<\/li>\n<li>Reynerie<\/li>\n<li>Mirail \u2013 Universit\u00e9<\/li>\n<li>Bagatelle<\/li>\n<li>Mermoz<\/li>\n<li>Fontaine Lestang\n<\/li>\n<\/ul>\n<p>Une proc\u00e9dure qui prend du temps<\/p>\n<p class=\" wall-content\">Selon Tiss\u00e9o, cet arr\u00eat partiel pourrait durer. Sur son site, le syndicat mixte indique qu\u2019il communiquera sur cette panne \u00e0 21h. Le temps pour remettre tout en ordre\u2009?<\/p>\n<p class=\" wall-content\">Tiss\u00e9o a pour l\u2019heure lanc\u00e9 une proc\u00e9dure classique. \u00ab\u2009Apr\u00e8s avoir d\u00e9termin\u00e9 l\u2019origine de la panne, l\u2019\u00e9lectricit\u00e9 a \u00e9t\u00e9 coup\u00e9e sur le secteur concern\u00e9. La reconnaissance des voies est en cours, l\u2019objet va \u00eatre enlev\u00e9 et il faudra ensuite v\u00e9rifier que tout est bon pour une reprise. Cela peut prendre un certain temps\u2009\u00bb, pr\u00e9cise Tiss\u00e9o.<\/p>\n<p>Vid\u00e9os : en ce moment sur ActuDes solutions alternatives<\/p>\n<p class=\" wall-content\">En attendant, Tiss\u00e9o propose des solutions alternatives<\/p>\n<ul class=\" wall-content\">\n<li>la ligne L14 dessert les stations Basso Cambo, Bellefontaine et Mirail-Universit\u00e9 (La ligne effectue uniquement l\u2019itin\u00e9raire entre Basso Cambo et Ar\u00e8nes) +\u00a0d\u2019infos<\/li>\n<li>la ligne 13 dessert les stations Bagatelle, Mermoz, Fontaine Lestang et St Cyprien \u2013 R\u00e9publique,<\/li>\n<li>la ligne 18 dessert les stations Ar\u00e8nes et Basso Cambo<\/li>\n<\/ul>\n<p>Votre r\u00e9gion, votre actu !<\/p>\n<p>Recevez chaque jour les infos qui comptent pour vous.<\/p>\n<p>\t<a href=\"https:\/\/actu.fr\/newsletter\" class=\"ac-btn ac-btn--corner ac-btn--medium ac-btn--blue800\" target=\"_blank\" rel=\"noopener\">S&rsquo;incrire<\/a><br \/>\nD\u00e9j\u00e0 une grosse panne le 25 novembre<\/p>\n<p class=\" wall-content\">Le 25 novembre 2025,\u00a0 l<a href=\"https:\/\/actu.fr\/occitanie\/toulouse_31555\/toulouse-la-ligne-a-du-metro-partiellement-a-l-arret-pourquoi-la-panne-va-durer-plusieurs-heures_63490351.html\" target=\"_blank\" rel=\"noopener\">a ligne A du m\u00e9tro avait \u00e9t\u00e9 partiellement arr\u00eat\u00e9e pendant 6 heures entre les stations Jean-Jaur\u00e8s et Balma-Gramont.\u00a0<\/a><\/p>\n<p class=\" wall-content\">C\u2019\u00e9tait un probl\u00e8me de frein sur une rame qui en \u00e9tait la raison.<\/p>\n<p class=\" wall-content\">Personnalisez votre actualit\u00e9 en ajoutant vos villes et m\u00e9dias en favori avec <a href=\"https:\/\/moncompte.actu.fr\" title=\"D\u00e9couvez Mon Actu\" rel=\"nofollow noopener\" data-trk=\"{&quot;cta&quot;:{&quot;action&quot;:&quot;https:\\\/\\\/moncompte.actu.fr&quot;,&quot;category&quot;:&quot;mon compte&quot;,&quot;from&quot;:&quot;article footer&quot;,&quot;name&quot;:&quot;Mon actu&quot;,&quot;type&quot;:&quot;cta&quot;}}\" target=\"_blank\">Mon Actu<\/a>.<\/p>\n","protected":false},"excerpt":{"rendered":"Par David Saint-Sernin Publi\u00e9 le 9 d\u00e9c. 2025 \u00e0 20h16 Journ\u00e9e noire pour Tiss\u00e9o mardi 9\u00a0d\u00e9cembre 2025. Apr\u00e8s&hellip;\n","protected":false},"author":2,"featured_media":589354,"comment_status":"","ping_status":"","sticky":false,"template":"","format":"standard","meta":{"footnotes":""},"categories":[2816],"tags":[1111,11,1777,674,1011,27,10596,12,2680,25,104,5400,2312],"class_list":{"0":"post-589353","1":"post","2":"type-post","3":"status-publish","4":"format-standard","5":"has-post-thumbnail","7":"category-toulouse","8":"tag-actu","9":"tag-actualites","10":"tag-eu","11":"tag-europe","12":"tag-fr","13":"tag-france","14":"tag-metro-de-toulouse","15":"tag-news","16":"tag-occitanie","17":"tag-republique-francaise","18":"tag-societe","19":"tag-tisseo","20":"tag-toulouse"},"share_on_mastodon":{"url":"https:\/\/pubeurope.com\/@fr\/115691929280395785","error":""},"_links":{"self":[{"href":"https:\/\/www.europesays.com\/fr\/wp-json\/wp\/v2\/posts\/589353","targetHints":{"allow":["GET"]}}],"collection":[{"href":"https:\/\/www.europesays.com\/fr\/wp-json\/wp\/v2\/posts"}],"about":[{"href":"https:\/\/www.europesays.com\/fr\/wp-json\/wp\/v2\/types\/post"}],"author":[{"embeddable":true,"href":"https:\/\/www.europesays.com\/fr\/wp-json\/wp\/v2\/users\/2"}],"replies":[{"embeddable":true,"href":"https:\/\/www.europesays.com\/fr\/wp-json\/wp\/v2\/comments?post=589353"}],"version-history":[{"count":0,"href":"https:\/\/www.europesays.com\/fr\/wp-json\/wp\/v2\/posts\/589353\/revisions"}],"wp:featuredmedia":[{"embeddable":true,"href":"https:\/\/www.europesays.com\/fr\/wp-json\/wp\/v2\/media\/589354"}],"wp:attachment":[{"href":"https:\/\/www.europesays.com\/fr\/wp-json\/wp\/v2\/media?parent=589353"}],"wp:term":[{"taxonomy":"category","embeddable":true,"href":"https:\/\/www.europesays.com\/fr\/wp-json\/wp\/v2\/categories?post=589353"},{"taxonomy":"post_tag","embeddable":true,"href":"https:\/\/www.europesays.com\/fr\/wp-json\/wp\/v2\/tags?post=589353"}],"curies":[{"name":"wp","href":"https:\/\/api.w.org\/{rel}","templated":true}]}}