{"id":589357,"date":"2025-12-09T22:19:19","date_gmt":"2025-12-09T22:19:19","guid":{"rendered":"https:\/\/www.europesays.com\/fr\/589357\/"},"modified":"2025-12-09T22:19:19","modified_gmt":"2025-12-09T22:19:19","slug":"le-village-de-noel-de-lille-evacue-et-ferme-inopinement-pour-cause-de-deces-ce-mardi","status":"publish","type":"post","link":"https:\/\/www.europesays.com\/fr\/589357\/","title":{"rendered":"Le Village de No\u00ebl de Lille \u00e9vacu\u00e9 et ferm\u00e9 inopin\u00e9ment pour cause de d\u00e9c\u00e8s, ce mardi"},"content":{"rendered":"<p class=\"ap-StoryElement ap-StoryElement--mb ap-StoryText\">\u00c9tonnement de la part du public dont L&rsquo;Avenir faisait partie, ce mardi apr\u00e8s-midi, puisque le march\u00e9 de No\u00ebl de la place Rihour \u00e9tait ferm\u00e9.<\/p>\n<p class=\"ap-StoryElement ap-StoryElement--mb ap-StoryText\">Une inaccessibilit\u00e9 d\u00e9cid\u00e9e vers 17 h 30 d&rsquo;autant plus interpellante que la police en prot\u00e9geait l&rsquo;acc\u00e8s, apr\u00e8s \u00e9vacuation du public qui pensait pouvoir y rester jusqu&rsquo;\u00e0 20 h 30, heure de fermeture.<\/p>\n<p class=\"ap-StoryElement ap-StoryElement--mb ap-StoryText\">La raison de cet arr\u00eat soudain des r\u00e9jouissances s&rsquo;explique par un d\u00e9c\u00e8s survenu sur le site.<\/p>\n","protected":false},"excerpt":{"rendered":"\u00c9tonnement de la part du public dont L&rsquo;Avenir faisait partie, ce mardi apr\u00e8s-midi, puisque le march\u00e9 de No\u00ebl&hellip;\n","protected":false},"author":2,"featured_media":589358,"comment_status":"","ping_status":"","sticky":false,"template":"","format":"standard","meta":{"footnotes":""},"categories":[2815],"tags":[1111,11,70250,1777,674,70251,1011,27,811,4743,1307,12,25,4824],"class_list":{"0":"post-589357","1":"post","2":"type-post","3":"status-publish","4":"format-standard","5":"has-post-thumbnail","7":"category-lille","8":"tag-actu","9":"tag-actualites","10":"tag-belgavillage","11":"tag-eu","12":"tag-europe","13":"tag-fosses","14":"tag-fr","15":"tag-france","16":"tag-hauts-de-france","17":"tag-la","18":"tag-lille","19":"tag-news","20":"tag-republique-francaise","21":"tag-ville"},"share_on_mastodon":{"url":"https:\/\/pubeurope.com\/@fr\/115691937180465219","error":""},"_links":{"self":[{"href":"https:\/\/www.europesays.com\/fr\/wp-json\/wp\/v2\/posts\/589357","targetHints":{"allow":["GET"]}}],"collection":[{"href":"https:\/\/www.europesays.com\/fr\/wp-json\/wp\/v2\/posts"}],"about":[{"href":"https:\/\/www.europesays.com\/fr\/wp-json\/wp\/v2\/types\/post"}],"author":[{"embeddable":true,"href":"https:\/\/www.europesays.com\/fr\/wp-json\/wp\/v2\/users\/2"}],"replies":[{"embeddable":true,"href":"https:\/\/www.europesays.com\/fr\/wp-json\/wp\/v2\/comments?post=589357"}],"version-history":[{"count":0,"href":"https:\/\/www.europesays.com\/fr\/wp-json\/wp\/v2\/posts\/589357\/revisions"}],"wp:featuredmedia":[{"embeddable":true,"href":"https:\/\/www.europesays.com\/fr\/wp-json\/wp\/v2\/media\/589358"}],"wp:attachment":[{"href":"https:\/\/www.europesays.com\/fr\/wp-json\/wp\/v2\/media?parent=589357"}],"wp:term":[{"taxonomy":"category","embeddable":true,"href":"https:\/\/www.europesays.com\/fr\/wp-json\/wp\/v2\/categories?post=589357"},{"taxonomy":"post_tag","embeddable":true,"href":"https:\/\/www.europesays.com\/fr\/wp-json\/wp\/v2\/tags?post=589357"}],"curies":[{"name":"wp","href":"https:\/\/api.w.org\/{rel}","templated":true}]}}