{"id":589359,"date":"2025-12-09T22:20:16","date_gmt":"2025-12-09T22:20:16","guid":{"rendered":"https:\/\/www.europesays.com\/fr\/589359\/"},"modified":"2025-12-09T22:20:16","modified_gmt":"2025-12-09T22:20:16","slug":"miss-nouvelle-caledonie-et-1ere-dauphine-une-adolescence-entre-avignon-et-marseille","status":"publish","type":"post","link":"https:\/\/www.europesays.com\/fr\/589359\/","title":{"rendered":"Miss Nouvelle-Cal\u00e9donie et 1\u00e8re dauphine, une adolescence entre Avignon et Marseille"},"content":{"rendered":"<p>\u00ab\u00a0Samedi soir, plusieurs personnes du club du 3e \u00e2ge que je pr\u00e9side (\u00ab\u00a0La d\u00e9tente\u00a0\u00bb), \u00e0<a href=\"https:\/\/www.laprovence.com\/article\/societe\/35206465943105\/christine-clareton-figure-emblematique-de-saint-saturnin-les-avignon-est-morte-a-l-age-de-72-ans\" target=\"_blank\" rel=\"noopener\"> Saint-Saturnin-l\u00e8s-Avignon<\/a>, et qui ont 90 ans, ont appel\u00e9 des copines pour savoir comment on envoyait un SMS et ainsi voter pour ma petite-fille. C&rsquo;est magnifique !\u00a0\u00bb<\/p>\n<p>\u00c0 Saint-Saturnin, Solange Collet, 88 ans, est une figure. Ex-adjointe durant trois mandats de l&rsquo;ex-maire L\u00e9opold Maigre, cette dame \u00e0 la bonne humeur contagieuse \u00e9tait, ce samedi 6 d\u00e9cembre, au c\u0153ur du tourbillon. Soit aux premi\u00e8res loges du Z\u00e9nith d&rsquo;Amiens, o\u00f9, devant 5000 personnes, sa petite-fille, Juliette, a \u00e9t\u00e9 sacr\u00e9e premi\u00e8re dauphine de <a href=\"https:\/\/www.laprovence.com\/article\/societe\/1103374821324614\/scandale-a-miss-france-julie-zitouni-destituee-de-son-echarpe-de-miss-provence\" target=\"_blank\" rel=\"noopener\">Miss France 2026 <\/a>sous la banni\u00e8re de la<a href=\"https:\/\/www.laprovence.com\/article\/france-monde\/20048588349611\/en-nouvelle-caledonie-le-retour-sobre-de-christian-tein-devant-les-militants-du-flnks\" target=\"_blank\" rel=\"noopener\"> Nouvelle-Cal\u00e9donie<\/a>.<\/p>\n<p>\u00ab\u00a0On \u00e9tait assis avec les gens du comit\u00e9 cal\u00e9donien, dans un \u00eelot d&rsquo;ind\u00e9pendantistes (rire). J&rsquo;\u00e9tais dans le public avec mes petits-enfants Doriane et \u00c9milien. Vous savez, on est rest\u00e9s assis tr\u00e8s peu de temps, il y avait une ambiance extraordinaire, \u00e7a fait du bruit, 5000 personnes qui gueulent en m\u00eame temps ! J&rsquo;ai cri\u00e9 toute la soir\u00e9e, je portais les lettres g\u00e9antes \u00ab\u00a0D\u00a0\u00bb et \u00ab\u00a0O\u00a0\u00bb qui formaient le mot \u00ab\u00a0Cal\u00e9donie\u00a0\u00bb. Apr\u00e8s le buffet \u00e0 1h30 du matin, je me suis couch\u00e9e \u00e0 3 heures ! C&rsquo;est pas tout les jours !\u00a0\u00bb raconte avec verve Solange Collet.<\/p>\n","protected":false},"excerpt":{"rendered":"\u00ab\u00a0Samedi soir, plusieurs personnes du club du 3e \u00e2ge que je pr\u00e9side (\u00ab\u00a0La d\u00e9tente\u00a0\u00bb), \u00e0 Saint-Saturnin-l\u00e8s-Avignon, et qui&hellip;\n","protected":false},"author":2,"featured_media":589360,"comment_status":"","ping_status":"","sticky":false,"template":"","format":"standard","meta":{"footnotes":""},"categories":[2814],"tags":[17,5734,1111,11,70252,251,1777,674,1011,27,20091,884,27472,12,23874,882,25],"class_list":{"0":"post-589359","1":"post","2":"type-post","3":"status-publish","4":"format-standard","5":"has-post-thumbnail","7":"category-marseille","8":"tag-17","9":"tag-5734","10":"tag-actu","11":"tag-actualites","12":"tag-collet","13":"tag-culture","14":"tag-eu","15":"tag-europe","16":"tag-fr","17":"tag-france","18":"tag-juliette","19":"tag-marseille","20":"tag-miss","21":"tag-news","22":"tag-nouvelle-caledonie","23":"tag-provence-alpes-cote-dazur","24":"tag-republique-francaise"},"share_on_mastodon":{"url":"https:\/\/pubeurope.com\/@fr\/115691941082535324","error":""},"_links":{"self":[{"href":"https:\/\/www.europesays.com\/fr\/wp-json\/wp\/v2\/posts\/589359","targetHints":{"allow":["GET"]}}],"collection":[{"href":"https:\/\/www.europesays.com\/fr\/wp-json\/wp\/v2\/posts"}],"about":[{"href":"https:\/\/www.europesays.com\/fr\/wp-json\/wp\/v2\/types\/post"}],"author":[{"embeddable":true,"href":"https:\/\/www.europesays.com\/fr\/wp-json\/wp\/v2\/users\/2"}],"replies":[{"embeddable":true,"href":"https:\/\/www.europesays.com\/fr\/wp-json\/wp\/v2\/comments?post=589359"}],"version-history":[{"count":0,"href":"https:\/\/www.europesays.com\/fr\/wp-json\/wp\/v2\/posts\/589359\/revisions"}],"wp:featuredmedia":[{"embeddable":true,"href":"https:\/\/www.europesays.com\/fr\/wp-json\/wp\/v2\/media\/589360"}],"wp:attachment":[{"href":"https:\/\/www.europesays.com\/fr\/wp-json\/wp\/v2\/media?parent=589359"}],"wp:term":[{"taxonomy":"category","embeddable":true,"href":"https:\/\/www.europesays.com\/fr\/wp-json\/wp\/v2\/categories?post=589359"},{"taxonomy":"post_tag","embeddable":true,"href":"https:\/\/www.europesays.com\/fr\/wp-json\/wp\/v2\/tags?post=589359"}],"curies":[{"name":"wp","href":"https:\/\/api.w.org\/{rel}","templated":true}]}}