{"id":589365,"date":"2025-12-09T22:25:21","date_gmt":"2025-12-09T22:25:21","guid":{"rendered":"https:\/\/www.europesays.com\/fr\/589365\/"},"modified":"2025-12-09T22:25:21","modified_gmt":"2025-12-09T22:25:21","slug":"assassinat-dun-influenceur-chretien-irakien-a-lyon-les-aveux-en-trompe-loeil-de-sabri-b","status":"publish","type":"post","link":"https:\/\/www.europesays.com\/fr\/589365\/","title":{"rendered":"Assassinat d\u2019un influenceur chr\u00e9tien irakien \u00e0 Lyon\u00a0:\u00a0les aveux en trompe-l\u2019\u0153il de Sabri B."},"content":{"rendered":"<p>\n    <strong>INFO LE FIGARO<\/strong> &#8211; Mis en examen pour \u00ab\u00a0association de malfaiteurs terroriste criminelle\u00a0\u00bb et \u00ab\u00a0assassinat terroriste\u00a0\u00bb, ce clandestin alg\u00e9rien a reconnu qu\u2019il \u00e9tait bien l\u2019homme en noir aper\u00e7u par des t\u00e9moins le 10\u00a0septembre \u00e0 Lyon. Mais il affirme que la mort d\u2019Ashur Sarnaya est un accident.<\/p>\n<p class=\"fig-paragraph\">Responsable mais pas assassin. Ainsi pourrait se r\u00e9sumer la d\u00e9fense de Sabri B., accus\u00e9 d\u2019avoir tu\u00e9\u00a0<a href=\"http:\/\/www.lefigaro.fr\/lyon\/qui-etait-ashur-sarnaya-ce-chretien-irakien-poignarde-a-mort-dans-son-fauteuil-roulant-durant-un-live-tiktok-a-lyon-20250912\" data-fig-type=\"NewsFlash\" data-gtm-custom-categorie=\"navigation\" data-gtm-custom-action=\"crossclick\" data-gtm-custom-label=\"Contextuel\" data-gtm-event=\"customEventSPE\" data-fig-domain=\"LEFIGARO\" target=\"_blank\" rel=\"noopener\">Ashur Sarnaya<\/a>\u00a0le soir du 10\u00a0septembre \u00e0 Lyon. Une \u00e9volution majeure en comparaison de ses premi\u00e8res d\u00e9clarations. En effet, le 28\u00a0octobre, quelques heures\u00a0<a href=\"http:\/\/www.lefigaro.fr\/actualite-france\/assassinat-du-chretien-irakien-a-lyon-les-mysteres-de-l-homme-en-noir-20251028\" data-fig-type=\"Article\" data-gtm-custom-categorie=\"navigation\" data-gtm-custom-action=\"crossclick\" data-gtm-custom-label=\"Contextuel\" data-gtm-event=\"customEventSPE\" data-fig-domain=\"LEFIGARO\" target=\"_blank\" rel=\"noopener\">apr\u00e8s son arriv\u00e9e en France alors qu\u2019il avait fui en Italie,<\/a>\u00a0o\u00f9 les forces de l\u2019ordre l\u2019avaient interpell\u00e9 le 2\u00a0octobre, il avait affirm\u00e9\u00a0: \u00ab\u00a0Je ne suis pas concern\u00e9 par l\u2019affaire dont vous me parlez.\u00a0\u00bb Et r\u00e9p\u00e9t\u00e9 n\u2019avoir \u00ab\u00a0rien \u00e0 dire sur les faits\u00a0\u00bb.<\/p>\n<p class=\"fig-paragraph\">Entendu le 19\u00a0novembre par un juge d\u2019instruction, Sabri B., s\u2019exprimant en arabe, a manifestement chang\u00e9 de version. Cet Alg\u00e9rien de 27\u00a0ans, en situation irr\u00e9guli\u00e8re au moment du crime, a reconnu qu\u2019il \u00e9tait bien l\u2019homme rep\u00e9r\u00e9 le soir du 10\u00a0septembre par plusieurs t\u00e9moins. Ces derniers avaient d\u00e9crit un inconnu au comportement suspect, v\u00eatu de noir et portant des gants de la m\u00eame couleur. Capuche rabattue, visage en partie dissimul\u00e9, \u00ab\u00a0l\u2019homme en noir\u00a0\u00bb avait \u00e9t\u00e9 aussi\u2026<\/p>\n<p class=\"fig-premium-paywall__infos\">\n        Cet article est r\u00e9serv\u00e9 aux abonn\u00e9s.        Il vous reste 91% \u00e0 d\u00e9couvrir.\n    <\/p>\n<p>                <img  data- alt=\"Le Figaro\" class=\"fig-img--complete fig-img\"\/><\/p>\n<p class=\"fig-premium-paywall__title\">Vente Flash<\/p>\n<p class=\"fig-premium-paywall__subtitle\">-50% sur l&rsquo;abonnement num\u00e9rique<\/p>\n<p class=\"fig-premium-paywall__connect\">\n                D\u00e9j\u00e0 abonn\u00e9\u00a0?                <a class=\"fig-premium-paywall__connect-link\" href=\"https:\/\/connect.lefigaro.fr\/login?client=horizon_web&amp;type=main&amp;redirect_uri=https%3A%2F%2Fwww.lefigaro.fr%2Factualite-france%2Fassassinat-d-un-influenceur-chretien-irakien-a-lyon-les-aveux-en-trompe-l-oeil-de-sabri-b-20251209\" data-js-gtm=\"{&quot;customCategorie&quot;: &quot;conversion&quot;, &quot;customAction&quot;: &quot;before_Landing_Connexion_paywall_auto&quot;, &quot;customLabel&quot;: &quot;bGVmaWdhcm8uZnJfXzFmMGQ0ZjY1LWJmNzgtNjUxNC04NGY3LWM1Njg3MGNhYmQ5OF9fQXJ0aWNsZQ==_Assassinat d\u2019un influenceur chr\u00e9tien irakien \u00e0 Lyon\u00a0:\u00a0les aveux en trompe-l\u2019\u0153il de Sabri B._479&quot;, &quot;customIDSPE&quot;: &quot;bGVmaWdhcm8uZnJfXzFmMGQ0ZjY1LWJmNzgtNjUxNC04NGY3LWM1Njg3MGNhYmQ5OF9fQXJ0aWNsZQ==&quot;, &quot;event&quot;: &quot;customEventSPE&quot;}\" target=\"_blank\" rel=\"noopener\"><br \/>\n                    Connectez-vous<br \/>\n                <\/a>\n            <\/p>\n","protected":false},"excerpt":{"rendered":"INFO LE FIGARO &#8211; Mis en examen pour \u00ab\u00a0association de malfaiteurs terroriste criminelle\u00a0\u00bb et \u00ab\u00a0assassinat terroriste\u00a0\u00bb, ce clandestin&hellip;\n","protected":false},"author":2,"featured_media":589366,"comment_status":"","ping_status":"","sticky":false,"template":"","format":"standard","meta":{"footnotes":""},"categories":[1889],"tags":[1111,11,2430,58600,14630,1777,674,1011,27,2428,12,25,1254],"class_list":{"0":"post-589365","1":"post","2":"type-post","3":"status-publish","4":"format-standard","5":"has-post-thumbnail","7":"category-lyon","8":"tag-actu","9":"tag-actualites","10":"tag-auvergne-rhone-alpes","11":"tag-christianophobie","12":"tag-djihadisme","13":"tag-eu","14":"tag-europe","15":"tag-fr","16":"tag-france","17":"tag-lyon","18":"tag-news","19":"tag-republique-francaise","20":"tag-terrorisme"},"share_on_mastodon":{"url":"https:\/\/pubeurope.com\/@fr\/115691960574521340","error":""},"_links":{"self":[{"href":"https:\/\/www.europesays.com\/fr\/wp-json\/wp\/v2\/posts\/589365","targetHints":{"allow":["GET"]}}],"collection":[{"href":"https:\/\/www.europesays.com\/fr\/wp-json\/wp\/v2\/posts"}],"about":[{"href":"https:\/\/www.europesays.com\/fr\/wp-json\/wp\/v2\/types\/post"}],"author":[{"embeddable":true,"href":"https:\/\/www.europesays.com\/fr\/wp-json\/wp\/v2\/users\/2"}],"replies":[{"embeddable":true,"href":"https:\/\/www.europesays.com\/fr\/wp-json\/wp\/v2\/comments?post=589365"}],"version-history":[{"count":0,"href":"https:\/\/www.europesays.com\/fr\/wp-json\/wp\/v2\/posts\/589365\/revisions"}],"wp:featuredmedia":[{"embeddable":true,"href":"https:\/\/www.europesays.com\/fr\/wp-json\/wp\/v2\/media\/589366"}],"wp:attachment":[{"href":"https:\/\/www.europesays.com\/fr\/wp-json\/wp\/v2\/media?parent=589365"}],"wp:term":[{"taxonomy":"category","embeddable":true,"href":"https:\/\/www.europesays.com\/fr\/wp-json\/wp\/v2\/categories?post=589365"},{"taxonomy":"post_tag","embeddable":true,"href":"https:\/\/www.europesays.com\/fr\/wp-json\/wp\/v2\/tags?post=589365"}],"curies":[{"name":"wp","href":"https:\/\/api.w.org\/{rel}","templated":true}]}}