{"id":589377,"date":"2025-12-09T22:36:17","date_gmt":"2025-12-09T22:36:17","guid":{"rendered":"https:\/\/www.europesays.com\/fr\/589377\/"},"modified":"2025-12-09T22:36:17","modified_gmt":"2025-12-09T22:36:17","slug":"le-president-ukrainien-refuse-de-ceder-des-territoires-a-la-russie-2","status":"publish","type":"post","link":"https:\/\/www.europesays.com\/fr\/589377\/","title":{"rendered":"Le pr\u00e9sident ukrainien refuse de c\u00e9der des territoires \u00e0 la Russie"},"content":{"rendered":"<p>Le pr\u00e9sident ukrainien, Volodymyr Zelensky, a r\u00e9affirm\u00e9 son refus cat\u00e9gorique de c\u00e9der le moindre territoire, r\u00e9sistant aux pressions am\u00e9ricaines en faveur d\u2019un compromis douloureux avec la Russie, tout en poursuivant ses efforts pour mobiliser le soutien europ\u00e9en \u00e0 l\u2019Ukraine.<\/p>\n<p>\u00abIl est ind\u00e9niable que la Russie insiste pour que nous c\u00e9dions des territoires. Nous, clairement, ne voulons rien c\u00e9der. C\u2019est pour cela que nous nous battons\u00bb, a indiqu\u00e9 M.\u00a0Zelensky lors d\u2019une conversation WhatsApp lundi soir, au cours de laquelle il a r\u00e9pondu aux questions des journalistes.<\/p>\n<p>\u00abEnvisageons-nous de c\u00e9der des territoires? La loi ne nous en donne pas le droit. Ni la loi ukrainienne, ni notre constitution, ni le droit international, et, pour \u00eatre franc, nous n\u2019en avons pas non plus le droit moral\u00bb, a-t-il ajout\u00e9.<\/p>\n<p>Dans une entrevue accord\u00e9e \u00e0 Politico, publi\u00e9e mardi, le pr\u00e9sident am\u00e9ricain Donald Trump a fait pression sur M.\u00a0Zelensky pour qu\u2019il accepte la proposition des \u00c9tats-Unis visant \u00e0 ce que l\u2019Ukraine c\u00e8de des territoires \u00e0 la Russie, arguant que Moscou est en position de force.<\/p>\n<p>Le pr\u00e9sident ukrainien a rencontr\u00e9 mardi la dirigeante italienne Giorgia Meloni pour discuter de l\u2019avancement du processus de paix, a indiqu\u00e9 son bureau. Ils ont soulign\u00e9 l\u2019importance de l\u2019unit\u00e9 des \u00c9tats-Unis et de l\u2019Europe et de solutions \u00abqui auront des r\u00e9percussions sur la s\u00e9curit\u00e9 du continent\u00bb, selon le communiqu\u00e9.<\/p>\n<p>Ils ont \u00e9galement discut\u00e9 de \u00abl\u2019\u00e9laboration de garanties de s\u00e9curit\u00e9 solides pour pr\u00e9venir toute agression future et maintenir la pression sur la Russie afin qu\u2019elle se joigne \u00e0 la table des n\u00e9gociations en toute bonne foi\u00bb, est-il \u00e9crit.<\/p>\n<p>Plus t\u00f4t dans la journ\u00e9e, M.\u00a0Zelensky a rencontr\u00e9 le pape \u00e0 Castel Gandolfo, r\u00e9sidence papale situ\u00e9e pr\u00e8s de Rome.<\/p>\n<p>Le Vatican a indiqu\u00e9 que L\u00e9on XIV \u00aba r\u00e9it\u00e9r\u00e9 la n\u00e9cessit\u00e9 de poursuivre le dialogue et a exprim\u00e9 son souhait ardent que les initiatives diplomatiques en cours aboutissent \u00e0 une paix juste et durable\u00bb.<\/p>\n<p>Le Saint-Si\u00e8ge s\u2019est efforc\u00e9 de rester neutre dans le conflit, tout en offrant sa solidarit\u00e9 et son aide au peuple ukrainien, qu\u2019il qualifie de \u00abmartyr\u00bb. Le souverain pontife a rencontr\u00e9 M.\u00a0Zelensky \u00e0 trois reprises et s\u2019est entretenu au moins une fois par t\u00e9l\u00e9phone avec le pr\u00e9sident russe, Vladimir Poutine. Le pape a appel\u00e9 \u00e0 un cessez-le-feu et a exhort\u00e9 la Russie, en particulier, \u00e0 faire des gestes en faveur de la paix.<\/p>\n<p>M.\u00a0Zelensky a indiqu\u00e9 mardi s\u2019\u00eatre entretenu avec le premier ministre Mark Carney. Dans un message publi\u00e9 sur X, il a exprim\u00e9 sa reconnaissance quant \u00e0 la disposition du Canada \u00e0 aider son pays. Ils ont discut\u00e9 ensemble des \u00e9tapes n\u00e9cessaires pour mettre fin \u00e0 la guerre, a-t-il indiqu\u00e9. <\/p>\n<p>Lundi, M.\u00a0Zelensky a rencontr\u00e9 \u00e0 Londres le premier ministre britannique Keir Starmer, le pr\u00e9sident fran\u00e7ais Emmanuel Macron et le chancelier allemand Friedrich Merz afin de renforcer la position de l\u2019Ukraine face \u00e0 l\u2019impatience croissante de Washington.<\/p>\n<p><b>L\u2019Ukraine face \u00e0 la pression am\u00e9ricaine<\/b><\/p>\n<p>Les n\u00e9gociateurs am\u00e9ricains et ukrainiens ont achev\u00e9 samedi trois jours de pourparlers visant \u00e0 r\u00e9duire les divergences sur la proposition de paix de l\u2019administration am\u00e9ricaine.<\/p>\n<p>Un point de blocage majeur du plan r\u00e9side dans l\u2019exigence que Kyiv c\u00e8de le contr\u00f4le de la r\u00e9gion du Donbass, dans l\u2019est de l\u2019Ukraine, \u00e0 la Russie, qui occupe ill\u00e9galement la majeure partie, mais pas la totalit\u00e9, de ce territoire. L\u2019Ukraine et ses alli\u00e9s europ\u00e9ens s\u2019opposent fermement \u00e0 cette cession territoriale.<\/p>\n<p>\u00abVous savez, beaucoup de gens meurent\u00bb, a d\u00e9clar\u00e9 M.\u00a0Trump \u00e0 Politico, affirmant que d\u2019autres responsables ukrainiens, qu\u2019il a simplement identifi\u00e9s comme les \u00ablieutenants, les principaux collaborateurs\u00bb de M.\u00a0Zelensky, sont d\u2019accord avec l\u2019administration am\u00e9ricaine.<\/p>\n<p>Les dirigeants europ\u00e9ens s\u2019efforcent de garantir que tout cessez-le-feu soit assorti de solides garanties de s\u00e9curit\u00e9, tant de la part de l\u2019Europe que des \u00c9tats-Unis, afin de dissuader la Russie de toute nouvelle attaque. <\/p>\n<p>S\u2019adressant \u00e0 nouveau aux journalistes mardi sur WhatsApp, M.\u00a0Zelensky a affirm\u00e9 que trois documents \u00e9taient en cours de discussion avec ses partenaires am\u00e9ricains et europ\u00e9ens: un document-cadre en 20\u00a0points en constante \u00e9volution, un document sur les garanties de s\u00e9curit\u00e9 et un document sur la reprise \u00e9conomique de l\u2019Ukraine.<\/p>\n<p>M.\u00a0Zelensky a indiqu\u00e9 aux journalistes que la version mise \u00e0 jour de la proposition de l\u2019Ukraine serait remise aux \u00c9tats-Unis mercredi.<\/p>\n<p>Selon M.\u00a0Trump, la Russie est trop puissante pour que l\u2019Ukraine continue \u00e0 se battre.<\/p>\n<p>\u00abLe peuple ukrainien et \u00e0 l\u2019arm\u00e9e ukrainienne m\u00e9ritent des \u00e9loges pour leur courage, leur combativit\u00e9 et tout le reste, a-t-il d\u00e9clar\u00e9. Mais vous savez, \u00e0 un moment donn\u00e9, c\u2019est g\u00e9n\u00e9ralement la taille qui l\u2019emporte.\u00bb<\/p>\n<p>M.\u00a0Zelensky et ses alli\u00e9s europ\u00e9ens ont accus\u00e9 \u00e0 plusieurs reprises M.\u00a0Poutine de faire tra\u00eener les n\u00e9gociations afin de poursuivre l\u2019invasion, alors que ses forces progressent lentement mais s\u00fbrement, tandis que des vagues de missiles et de drones pilonnent les infrastructures ukrainiennes.<\/p>\n<p>M.\u00a0Trump a \u00e9galement r\u00e9it\u00e9r\u00e9 son appel \u00e0 des \u00e9lections pr\u00e9sidentielles en l\u2019Ukraine. La loi martiale du pays ne le permet pas et M.\u00a0Zelensky, \u00e9lu en 2019, a vu son mandat de cinq ans prolong\u00e9 en raison de la guerre. <\/p>\n<p>En r\u00e9ponse aux remarques du pr\u00e9sident am\u00e9ricain, M.\u00a0Zelensky a demand\u00e9 l\u2019aide des \u00c9tats-Unis et \u00e9ventuellement de l\u2019Europe \u00abpour assurer la s\u00e9curit\u00e9 des \u00e9lections, apr\u00e8s quoi l\u2019Ukraine sera pr\u00eate \u00e0 organiser des \u00e9lections dans les 60\u00a0\u00e0 90\u00a0prochains jours\u00bb.<\/p>\n<p><b>\u00c9change de frappes a\u00e9riennes<\/b><\/p>\n<p>La Russie a tir\u00e9 110\u00a0drones de diff\u00e9rents types sur le territoire ukrainien dans la nuit de lundi \u00e0 mardi, selon l\u2019arm\u00e9e ukrainienne. La d\u00e9fense a\u00e9rienne ukrainienne a neutralis\u00e9 84\u00a0drones, tandis que 24\u00a0autres ont atteint leurs cibles.<\/p>\n<p>Plusieurs r\u00e9gions d\u2019Ukraine ont subi des coupures de courant d\u2019urgence mardi en raison des attaques russes pr\u00e9c\u00e9dentes contre des infrastructures \u00e9nerg\u00e9tiques, selon l\u2019op\u00e9rateur \u00e9nerg\u00e9tique national ukrainien, Ukrenergo.<\/p>\n<p>L\u2019Ukraine, de son c\u00f4t\u00e9, a poursuivi ses attaques de drones contre la Russie.<\/p>\n<p>La d\u00e9fense a\u00e9rienne russe a d\u00e9truit 121\u00a0drones ukrainiens dans la nuit au-dessus de diverses r\u00e9gions russes et de la Crim\u00e9e occup\u00e9e, a annonc\u00e9 mardi le minist\u00e8re russe de la D\u00e9fense.<\/p>\n<p>En Tchouvachie, r\u00e9gion situ\u00e9e \u00e0 environ 900\u00a0kilom\u00e8tres au nord-est de la fronti\u00e8re ukrainienne, l\u2019attaque a endommag\u00e9 des b\u00e2timents r\u00e9sidentiels et bless\u00e9 neuf personnes, a mentionn\u00e9 le gouverneur local, Oleg Nikola\u00efev.<br \/>___<\/p>\n<p>Les journalistes de l\u2019Associated Press Bill Barrow \u00e0 Atlanta, Brian Melley \u00e0 Londres et Edith M.\u00a0Lederer aux Nations unies ont contribu\u00e9 \u00e0 cet article.<\/p>\n","protected":false},"excerpt":{"rendered":"Le pr\u00e9sident ukrainien, Volodymyr Zelensky, a r\u00e9affirm\u00e9 son refus cat\u00e9gorique de c\u00e9der le moindre territoire, r\u00e9sistant aux pressions&hellip;\n","protected":false},"author":2,"featured_media":589378,"comment_status":"","ping_status":"","sticky":false,"template":"","format":"standard","meta":{"footnotes":""},"categories":[1591],"tags":[11,1887,1854,12,1885,1886,132],"class_list":{"0":"post-589377","1":"post","2":"type-post","3":"status-publish","4":"format-standard","5":"has-post-thumbnail","7":"category-russie","8":"tag-actualites","9":"tag-federation-de-russie","10":"tag-https-lactualite-com-sujet-international","11":"tag-news","12":"tag-russia","13":"tag-russian-federation","14":"tag-russie"},"share_on_mastodon":{"url":"https:\/\/pubeurope.com\/@fr\/115692004056796555","error":""},"_links":{"self":[{"href":"https:\/\/www.europesays.com\/fr\/wp-json\/wp\/v2\/posts\/589377","targetHints":{"allow":["GET"]}}],"collection":[{"href":"https:\/\/www.europesays.com\/fr\/wp-json\/wp\/v2\/posts"}],"about":[{"href":"https:\/\/www.europesays.com\/fr\/wp-json\/wp\/v2\/types\/post"}],"author":[{"embeddable":true,"href":"https:\/\/www.europesays.com\/fr\/wp-json\/wp\/v2\/users\/2"}],"replies":[{"embeddable":true,"href":"https:\/\/www.europesays.com\/fr\/wp-json\/wp\/v2\/comments?post=589377"}],"version-history":[{"count":0,"href":"https:\/\/www.europesays.com\/fr\/wp-json\/wp\/v2\/posts\/589377\/revisions"}],"wp:featuredmedia":[{"embeddable":true,"href":"https:\/\/www.europesays.com\/fr\/wp-json\/wp\/v2\/media\/589378"}],"wp:attachment":[{"href":"https:\/\/www.europesays.com\/fr\/wp-json\/wp\/v2\/media?parent=589377"}],"wp:term":[{"taxonomy":"category","embeddable":true,"href":"https:\/\/www.europesays.com\/fr\/wp-json\/wp\/v2\/categories?post=589377"},{"taxonomy":"post_tag","embeddable":true,"href":"https:\/\/www.europesays.com\/fr\/wp-json\/wp\/v2\/tags?post=589377"}],"curies":[{"name":"wp","href":"https:\/\/api.w.org\/{rel}","templated":true}]}}