{"id":589379,"date":"2025-12-09T22:37:20","date_gmt":"2025-12-09T22:37:20","guid":{"rendered":"https:\/\/www.europesays.com\/fr\/589379\/"},"modified":"2025-12-09T22:37:20","modified_gmt":"2025-12-09T22:37:20","slug":"ukraine-trump-exige-des-elections-zelensky-ouvre-la-porte-mais-fixe-ses-conditions","status":"publish","type":"post","link":"https:\/\/www.europesays.com\/fr\/589379\/","title":{"rendered":"Ukraine : Trump exige des \u00e9lections, Zelensky ouvre la porte mais fixe ses conditions"},"content":{"rendered":"<ul class=\"jsx-862013697 ArticleChapo__List\">\n<li class=\"jsx-862013697 ArticleChapo__List_Item flex\">Le pr\u00e9sident am\u00e9ricain a mis la pression sur son homologue ukrainien, le pressant \u00e0 organiser des \u00e9lections.<\/li>\n<li class=\"jsx-862013697 ArticleChapo__List_Item flex\">Volodymyr Zelensky lui a r\u00e9pondu en se montrant favorable \u00e0 un scrutin, sous certaines conditions.<\/li>\n<li class=\"jsx-862013697 ArticleChapo__List_Item flex\">Le dirigeant estime que les partenaires de l&rsquo;Ukraine, \u00c9tats-Unis en t\u00eate, devraient au pr\u00e9alable garantir la s\u00e9curit\u00e9 dans son pays.<\/li>\n<\/ul>\n<p><a href=\"https:\/\/www.tf1info.fr\/actualite\/guerre-ukraine-russie-une-rencontre-donald-trump-vladimir-poutine-historique-le-vendredi-15-aout-2025-en-alaska-sans-volodymyr-zelensky-14326\/\" rel=\"noopener\" class=\"jsx-484472199 Link jsx-1428418400 jsx-554215408\" target=\"_blank\"><\/p>\n<p style=\"font-weight:400\" class=\"jsx-1837267516\">Suivez la couverture compl\u00e8te<\/p>\n<p style=\"font-weight:800\" class=\"jsx-1837267516\">Ukraine-Russie : la perspective de n\u00e9gociations relanc\u00e9e ?<\/p>\n<p><\/a><\/p>\n<p data-module=\"article-paragraph\" class=\"jsx-3046738180 Paragraph Paragraph__End\">Le pr\u00e9sident Volodymyr Zelensky a r\u00e9pondu mardi aux vives critiques formul\u00e9es par Donald Trump au sujet de l&rsquo;absence de scrutin en Ukraine. Le chef d&rsquo;\u00c9tat a assur\u00e9 qu&rsquo;il \u00e9tait \u00ab\u00a0pr\u00eat\u00a0\u00bb \u00e0 organiser des \u00e9lections pr\u00e9sidentielles dans son pays, mais demande toutefois \u00e0 ses alli\u00e9s d&rsquo;apporter des garanties de s\u00e9curit\u00e9, alors que le pays fait face depuis bient\u00f4t quatre ans \u00e0 l&rsquo;invasion russe de son territoire.<\/p>\n<p>La s\u00e9curit\u00e9 de l&rsquo;Ukraine comme pr\u00e9requis<\/p>\n<p data-module=\"article-paragraph\" class=\"jsx-3046738180 Paragraph\">\u00ab\u00a0Je suis pr\u00eat pour des \u00e9lections\u00a0\u00bb, a d\u00e9clar\u00e9 Volodymyr Zelensky aux journalistes, r\u00e9pliquant \u00e0 une interview donn\u00e9e \u00e0 Politico par le pr\u00e9sident am\u00e9ricain. Donald Trump a en effet <a href=\"https:\/\/www.tf1info.fr\/international\/guerre-ukraine-russie-plus-une-democratie-trump-s-attaque-a-zelensky-et-appelle-l-ukraine-a-organiser-des-elections-2411781.html\" target=\"_blank\" rel=\"noopener\">assur\u00e9<\/a> que l&rsquo;Ukraine, qui \u00ab\u00a0a perdu beaucoup de territoires\u00a0\u00bb, devrait organiser des \u00e9lections sans tarder. Il a par ailleurs accus\u00e9 Kiev d'\u00a0\u00bbutiliser la guerre\u00a0\u00bb pour s&rsquo;en abstenir.<\/p>\n<p data-module=\"article-paragraph\" class=\"jsx-3046738180 Paragraph Paragraph__End\">\u00ab\u00a0Je demande maintenant, je le d\u00e9clare ouvertement, aux \u00c9tats-Unis de m&rsquo;aider, \u00e9ventuellement avec les coll\u00e8gues europ\u00e9ens, \u00e0 garantir la s\u00e9curit\u00e9 pour la tenue d&rsquo;\u00e9lections\u00a0\u00bb, a r\u00e9agi le pr\u00e9sident ukrainien. Il faut toutefois rappeler que la loi martiale, en vigueur dans le pays depuis l&rsquo;invasion russe commenc\u00e9e en f\u00e9vrier 2022, interdit pour l&rsquo;heure la tenue d&rsquo;\u00e9lections.<\/p>\n<p><a href=\"https:\/\/www.tf1info.fr\/international\/en-direct-guerre-ukraine-russie-la-situation-aujourd-hui-entre-zelensky-et-poutine-trump-macron-londres-les-informations-du-lundi-8-decembre-2025-2411382.html\" rel=\"noopener\" class=\"jsx-3308031228 Link flex\" target=\"_blank\"><img decoding=\"async\" src=\"https:\/\/www.europesays.com\/fr\/wp-content\/uploads\/2025\/12\/zelensky-kiev-04-decembre-2025-973190-0@1x.jpeg\" alt=\"Volodymyr Zelensky \u00e0 Kiev le 4 d\u00e9cembre 2025.\" loading=\"lazy\" importance=\"low\" fetchpriority=\"low\" class=\"\" aria-hidden=\"true\"\/><\/p>\n<p class=\"jsx-3657663356 ReadMoreArticle__Title\">Lire aussi<\/p>\n<p class=\"jsx-3657663356\">Ukraine : pour Zelensky, Kiev n&rsquo;a pas le droit \u00ab\u00a0l\u00e9gal\u00a0\u00bb ni \u00ab\u00a0moral\u00a0\u00bb de c\u00e9der des territoires \u00e0 la Russie<\/p>\n<p><\/a><\/p>\n<p data-module=\"article-paragraph\" class=\"jsx-3046738180 Paragraph\">L&rsquo;Ukraine.doit.toujours.faire face \u00e0 des bombardements russes quasi quotidiens. Des frappes qui touchent l&rsquo;ensemble du territoire, tandis que des centaines de ses citoyens combattent sur le front. En \u00e9voquant la tenue d&rsquo;un futur scrutin, Volodymyr Zelensky a dit qu&rsquo;il demandait aux d\u00e9put\u00e9s de pr\u00e9parer \u00ab\u00a0des propositions sur la possibilit\u00e9 d&rsquo;amender les fondements l\u00e9gislatifs et la loi sur les \u00e9lections sous loi martiale\u00a0\u00bb.<\/p>\n<p data-module=\"article-paragraph\" class=\"jsx-3046738180 Paragraph\">Le dirigeant ukrainien a \u00e9galement confirm\u00e9 que la <a href=\"https:\/\/www.tf1info.fr\/international\/plan-de-paix-pour-l-ukraine-guerre-russie-ce-que-l-on-sait-de-l-accord-en-19-points-qui-a-mis-d-accord-trump-et-zelensky-2408877.html\" target=\"_blank\" rel=\"noopener\">proposition am\u00e9ricaine initiale<\/a> pour une sortie du conflit a \u00e9t\u00e9 divis\u00e9e en trois documents. Un accord-cadre en 20 points tout d&rsquo;abord, mais aussi un document sur la question des garanties de s\u00e9curit\u00e9 et un autre sur la reconstruction de l&rsquo;Ukraine apr\u00e8s la guerre. \u00ab\u00a0Il y en a trois, c&rsquo;est vrai. Nous en discutons avec les Am\u00e9ricains et avons d\u00e9j\u00e0 commenc\u00e9 les discussions avec les Europ\u00e9ens\u00a0\u00bb, a d\u00e9clar\u00e9 le dirigeant, ajoutant qu&rsquo;il esp\u00e9rait remettre mercredi aux \u00c9tats-Unis une version mise \u00e0 jour.<\/p>\n<p data-module=\"article-paragraph\" class=\"jsx-3046738180 Paragraph Paragraph__End\">Le chef d&rsquo;\u00c9tat ukrainien a enfin reconnu que la possibilit\u00e9 pour l&rsquo;Ukraine d&rsquo;adh\u00e9rer \u00e0 l&rsquo;Otan s&rsquo;\u00e9loignait. \u00ab\u00a0Nous sommes r\u00e9alistes, nous voulons vraiment \u00eatre dans l&rsquo;Otan. D&rsquo;apr\u00e8s moi, ce serait juste. Mais nous savons avec certitude que ni les \u00c9tats-Unis, ni quelques autres pays, pour \u00eatre honn\u00eate, ne voient l&rsquo;Ukraine dans l&rsquo;Otan \u00e0 l&rsquo;heure actuelle\u00a0\u00bb, a reconnu M. Zelensky.<\/p>\n<p>TD avec AFP<\/p>\n","protected":false},"excerpt":{"rendered":"Le pr\u00e9sident am\u00e9ricain a mis la pression sur son homologue ukrainien, le pressant \u00e0 organiser des \u00e9lections. Volodymyr&hellip;\n","protected":false},"author":2,"featured_media":202739,"comment_status":"","ping_status":"","sticky":false,"template":"","format":"standard","meta":{"footnotes":""},"categories":[1590],"tags":[1111,11,1921,75,5949,1777,674,1922,12,136,8200,132,220,1917,67457,133,1920,134],"class_list":{"0":"post-589379","1":"post","2":"type-post","3":"status-publish","4":"format-standard","5":"has-post-thumbnail","7":"category-ukraine","8":"tag-actu","9":"tag-actualites","10":"tag-article-video","11":"tag-donald-trump","12":"tag-elections","13":"tag-eu","14":"tag-europe","15":"tag-info","16":"tag-news","17":"tag-otan","18":"tag-politique-et-crise-dun-pays-etranger","19":"tag-russie","20":"tag-ukraine","21":"tag-ukraine-4-annee-de-guerre","22":"tag-ukraine-russie-la-perspective-de-negociations-relancee","23":"tag-video","24":"tag-video-international","25":"tag-volodymyr-zelensky"},"share_on_mastodon":{"url":"https:\/\/pubeurope.com\/@fr\/115692008738024686","error":""},"_links":{"self":[{"href":"https:\/\/www.europesays.com\/fr\/wp-json\/wp\/v2\/posts\/589379","targetHints":{"allow":["GET"]}}],"collection":[{"href":"https:\/\/www.europesays.com\/fr\/wp-json\/wp\/v2\/posts"}],"about":[{"href":"https:\/\/www.europesays.com\/fr\/wp-json\/wp\/v2\/types\/post"}],"author":[{"embeddable":true,"href":"https:\/\/www.europesays.com\/fr\/wp-json\/wp\/v2\/users\/2"}],"replies":[{"embeddable":true,"href":"https:\/\/www.europesays.com\/fr\/wp-json\/wp\/v2\/comments?post=589379"}],"version-history":[{"count":0,"href":"https:\/\/www.europesays.com\/fr\/wp-json\/wp\/v2\/posts\/589379\/revisions"}],"wp:featuredmedia":[{"embeddable":true,"href":"https:\/\/www.europesays.com\/fr\/wp-json\/wp\/v2\/media\/202739"}],"wp:attachment":[{"href":"https:\/\/www.europesays.com\/fr\/wp-json\/wp\/v2\/media?parent=589379"}],"wp:term":[{"taxonomy":"category","embeddable":true,"href":"https:\/\/www.europesays.com\/fr\/wp-json\/wp\/v2\/categories?post=589379"},{"taxonomy":"post_tag","embeddable":true,"href":"https:\/\/www.europesays.com\/fr\/wp-json\/wp\/v2\/tags?post=589379"}],"curies":[{"name":"wp","href":"https:\/\/api.w.org\/{rel}","templated":true}]}}