{"id":58938,"date":"2025-04-28T09:51:14","date_gmt":"2025-04-28T09:51:14","guid":{"rendered":"https:\/\/www.europesays.com\/fr\/58938\/"},"modified":"2025-04-28T09:51:14","modified_gmt":"2025-04-28T09:51:14","slug":"le-triple-coup-de-maitre-de-hisdesat-a-lotan-a-lue-et-au-gouvernement-espagnol","status":"publish","type":"post","link":"https:\/\/www.europesays.com\/fr\/58938\/","title":{"rendered":"Le triple coup de ma\u00eetre de Hisdesat \u00e0 l&rsquo;OTAN, \u00e0 l&rsquo;UE et au gouvernement espagnol"},"content":{"rendered":"<ol class=\"table-of-contents\">\n<li><a href=\"#espana-y-cinco-naciones-mas-ofrecen-comunicaciones-a-toda-la-otan\">L&rsquo;Espagne et cinq autres pays offrent des communications \u00e0 l&rsquo;ensemble de l&rsquo;OTAN<\/a>\n<\/li>\n<li><a href=\"#incluidos-en-el-plan-del-2-por-ciento-de-la-moncloanbsp-\">Inclus dans le plan de 2 % de la Moncloa<\/a>\n<\/li>\n<\/ol>\n<p><strong>La soci\u00e9t\u00e9 de services strat\u00e9giques gouvernementaux Hisdesat, qui est progressivement devenue le fleuron de Hispasat, le principal op\u00e9rateur espagnol de communications commerciales par satellite, vient de voir ses attentes imm\u00e9diates se r\u00e9aliser et envisage d\u00e9sormais un horizon commercial d\u00e9gag\u00e9 jusqu&rsquo;en 2035, <\/strong>voire au-del\u00e0.<\/p>\n<p>Les raisons de la grande satisfaction qui r\u00e8gne au si\u00e8ge de Hisdesat, sur le Paseo de la Castellana \u00e0 Madrid, et, bien s\u00fbr, les motifs de la satisfaction qui se lit sur le visage de son <strong>directeur g\u00e9n\u00e9ral et responsable ultime, Miguel \u00c1ngel Garc\u00eda Primo, <\/strong>se r\u00e9sument en trois \u00e9v\u00e9nements qui se sont produits au cours du mois d&rsquo;avril.<\/p>\n<p><strong>Avec l&rsquo;arriv\u00e9e du printemps, une s\u00e9rie d&rsquo;\u00e9v\u00e9nements heureux se sont succ\u00e9d\u00e9, assurant l&rsquo;avenir \u00e0 court, moyen et long terme de l&rsquo;entreprise sur la gigantesque table de billard am\u00e9ricain confuse et chaotique qu&rsquo;est devenu le sc\u00e9nario g\u00e9ostrat\u00e9gique mondial. \u00a0<\/strong><\/p>\n<p><img decoding=\"async\" width=\"1200\" height=\"675\" alt=\"El director de la Agencia de Comunicaciones e Informaci\u00f3n de la OTAN (NCIA), el general belga Ludwig Decamps (centro), ha incluido a los sat\u00e9lites espa\u00f1oles Spainsat NG en el consorcio multinacional NSS6G -\u00a0PHOTO\/NATO-NCIA\" src=\"https:\/\/www.europesays.com\/fr\/wp-content\/uploads\/2025\/04\/2025042811131483996.jpg\" loading=\"lazy\"  \/><br \/>\nLe directeur de l&rsquo;Agence de communication et d&rsquo;information de l&rsquo;OTAN (NCIA), le g\u00e9n\u00e9ral belge Ludwig Decamps (au centre), a inclus les satellites espagnols Spainsat NG dans le consortium multinational NSS6G\u00a0&#8211;\u00a0<strong>PHOTO\/NATO-NCIA<\/strong><\/p>\n<p>Tout d&rsquo;abord, <strong>Hisdesat a vu l&rsquo;Agence de communication et d&rsquo;information de l&rsquo;OTAN (NCIA) confirmer le 4 avril que les deux nouvelles plateformes Spainsat NG (la premi\u00e8re en orbite depuis le 30 janvier et la seconde pr\u00e9vue pour le deuxi\u00e8me trimestre de l&rsquo;ann\u00e9e) ont re\u00e7u le feu vert officiel pour repr\u00e9senter l&rsquo;Espagne au sein du petit consortium multinational NSS6G de la NCIA, <\/strong>organisation de l&rsquo;OTAN dirig\u00e9e depuis juin 2021 par le g\u00e9n\u00e9ral belge Ludwig Decamps. \u00a0<\/p>\n<p><strong>Ce consortium exclusif NSS6G (acronyme anglais de Services de communication par satellite de sixi\u00e8me g\u00e9n\u00e9ration de l&rsquo;OTAN) a \u00e9t\u00e9 cr\u00e9\u00e9 pour r\u00e9pondre aux demandes croissantes de liaisons strat\u00e9giques de l&rsquo;Alliance jusqu&rsquo;\u00e0 la fin de 2034.<\/strong> L&rsquo;organisation transatlantique ne dispose pas de ses propres satellites et r\u00e9pond \u00e0 ses besoins en mati\u00e8re de communications gr\u00e2ce \u00e0 un accord-cadre multinational avec les rares pays qui lui offrent des plateformes prot\u00e9g\u00e9es contre les effets des explosions nucl\u00e9aires \u00e0 haute altitude, une capacit\u00e9 de traitement \u00e0 bord, des transmissions crypt\u00e9es et des bandes de fr\u00e9quences flexibles.\u00a0<\/p>\n<p><img decoding=\"async\" width=\"1200\" height=\"675\" alt=\"En Spainsat NG-1 cumple con las exigencias de la OTAN: protecci\u00f3n contra los efectos de las explosiones nucleares, procesado a bordo, transmisiones encriptadas y bandas de frecuencias flexibles -\u00a0PHOTO\/Airbus DS\" src=\"https:\/\/www.europesays.com\/fr\/wp-content\/uploads\/2025\/04\/2025042811131570078.jpg\" loading=\"lazy\"  \/><br \/>\nSpainsat NG-1 r\u00e9pond aux exigences de l&rsquo;OTAN : protection contre les effets des explosions nucl\u00e9aires, traitement \u00e0 bord, transmissions crypt\u00e9es et bandes de fr\u00e9quences flexibles\u00a0&#8211;<strong>\u00a0PHOTO\/Airbus DS<\/strong><\/p>\n<p>L&rsquo;Espagne et cinq autres pays offrent des communications \u00e0 l&rsquo;ensemble de l&rsquo;OTAN<\/p>\n<p>Jusqu&rsquo;\u00e0 pr\u00e9sent, <strong>quatre pays ont couvert les services de l&rsquo;Alliance avec leurs r\u00e9seaux de satellites \u00e0 large bande.<\/strong> Il s&rsquo;agit des \u00c9tats-Unis, avec leur vaste constellation WGS, de la France, avec ses engins Syracuse, de l&rsquo;Italie, avec ses Sicral, et du Royaume-Uni, avec ses plateformes Skynet.<\/p>\n<p><strong>Mais les besoins augmentent et l&rsquo;Espagne a officiellement rejoint le club tr\u00e8s select NSS6G, m\u00eame si, dans la pratique, cela ne devrait \u00eatre effectif qu&rsquo;\u00e0 partir du \u00ab d\u00e9but du mois d&rsquo;ao\u00fbt \u00bb. <\/strong>Ce sera lorsque le nouveau satellite espagnol Spainsat NG-1 aura atteint sa place dans l&rsquo;espace \u00ab en position orbitale g\u00e9ostationnaire \u00e0 29\u00ba Est, \u00e0 pr\u00e8s de 36 000 kilom\u00e8tres d&rsquo;altitude, et remplacera le Xtar-Eur \u00bb, confirme un haut responsable de la soci\u00e9t\u00e9.<\/p>\n<p><strong>Tout comme l&rsquo;Espagne, le Luxembourg a \u00e9galement rejoint le consortium gr\u00e2ce \u00e0 son satellite GovSat-1, en orbite depuis le 31 janvier 2018.<\/strong> Il s&rsquo;agit du seul engin de la soci\u00e9t\u00e9, \u00e9galement appel\u00e9e GovSat, une association public-priv\u00e9 entre le Grand-Duch\u00e9 et SES, l&rsquo;op\u00e9rateur luxembourgeois de communications par satellite. Au total, une douzaine de satellites sont agr\u00e9\u00e9s pour fournir des services de transmission s\u00e9curis\u00e9e \u00e0 l&rsquo;OTAN.\u00a0<\/p>\n<p><img decoding=\"async\" width=\"1200\" height=\"675\" alt=\"El Spainsat NG-1 estar\u00e1 en condiciones de prestar servicios a la OTAN a partir de agosto, cuando alcance su posici\u00f3n orbital geoestacionaria definitiva a 29\u00ba Este\u00a0PHOTO\/NATO-NCIA\" src=\"https:\/\/www.europesays.com\/fr\/wp-content\/uploads\/2025\/04\/2025042811131525779.jpg\" loading=\"lazy\"  \/><br \/>\nSpainsat NG-1 sera en mesure de fournir des services \u00e0 l&rsquo;OTAN \u00e0 partir du mois d&rsquo;ao\u00fbt, lorsqu&rsquo;il aura atteint sa position orbitale g\u00e9ostationnaire d\u00e9finitive \u00e0 29\u00ba Est<strong>\u00a0&#8211; PHOTO\/NATO-NCIA<\/strong><\/p>\n<p><strong>Le deuxi\u00e8me coup de ma\u00eetre de Hisdesat est survenu seulement onze jours apr\u00e8s le communiqu\u00e9 de l&rsquo;Alliance, ce qui donne enfin lieu au nouveau grand pari strat\u00e9gique de la soci\u00e9t\u00e9. <\/strong>Comme l&rsquo;avait annonc\u00e9 Atalayar quelques jours auparavant, le Conseil des ministres du 15 avril a autoris\u00e9 le minist\u00e8re de l&rsquo;Industrie \u00e0 accorder \u00e0 Hisdesat un pr\u00eat pluriannuel d&rsquo;un montant total de 1 milliard d&rsquo;euros afin de d\u00e9velopper les Paz 2, deux nouveaux satellites espions \u00e9quip\u00e9s de la toute derni\u00e8re technologie de radar \u00e0 synth\u00e8se d&rsquo;ouverture. \u00a0<\/p>\n<p><strong>La paire Paz 2 est con\u00e7ue pour remplacer, \u00e0 la fin de cette d\u00e9cennie ou au d\u00e9but de la suivante, son a\u00een\u00e9 Paz, qui a \u00e9t\u00e9 lanc\u00e9 dans l&rsquo;espace le 22 f\u00e9vrier 2018. <\/strong>Les plusieurs ann\u00e9es de retard pris par le gouvernement S\u00e1nchez pour donner son feu vert ont donn\u00e9 lieu \u00e0 une certaine pr\u00e9cipitation et le Conseil des ministres lui-m\u00eame estime d\u00e9sormais qu&rsquo;il est important de commencer la conception et le d\u00e9veloppement des Paz 2 \u00ab d\u00e8s que possible \u00bb. L&rsquo;\u00e9quipe de Hisdesat est en train de finaliser avec Airbus Space Systems Espa\u00f1a les derniers d\u00e9tails du contrat afin que l&rsquo;usine de Getafe puisse prendre en charge la production.<\/p>\n<p><img decoding=\"async\" width=\"1200\" height=\"675\" alt=\"Espa\u00f1a y Luxemburgo proporcionar\u00e1n servicios a la Alianza, al igual que ya hacen los sat\u00e9lites franceses Syracuse, los italianos Sicral, los brit\u00e1nicos Skynet y los norteamericanos WGS. En imagen, el WGS-10 listo para su despegue -\u00a0PHOTO\/ULA\" src=\"https:\/\/www.europesays.com\/fr\/wp-content\/uploads\/2025\/04\/2025042811131542141.jpg\" loading=\"lazy\"  \/><br \/>\nL&rsquo;Espagne et le Luxembourg fourniront des services \u00e0 l&rsquo;Alliance, comme le font d\u00e9j\u00e0 les satellites fran\u00e7ais Syracuse, italiens Sicral, britanniques Skynet et am\u00e9ricains WGS. Sur la photo, le WGS-10 pr\u00eat pour son d\u00e9collage\u00a0&#8211;\u00a0<strong>PHOTO\/ULA<\/strong><\/p>\n<p>Inclus dans le plan de 2 % de la Moncloa<\/p>\n<p><strong>Les nouveaux engins r\u00e9pondent aux exigences op\u00e9rationnelles d\u00e9finies par l&rsquo;\u00e9tat-major de la d\u00e9fense, dont l&rsquo;objectif principal est de fournir des informations de renseignement aux forces arm\u00e9es espagnoles. <\/strong>C&rsquo;est ainsi que le troisi\u00e8me coup de chance a \u00e9t\u00e9 de les inclure dans le Plan industriel et technologique pour la s\u00e9curit\u00e9 et la d\u00e9fense que le pr\u00e9sident Pedro S\u00e1nchez lui-m\u00eame a rendu public le 22 avril afin de se conformer aux 2 % exig\u00e9s par Bruxelles.\u00a0<\/p>\n<p><strong>Les deux satellites sont inclus dans le chapitre du Plan industriel et technologique consacr\u00e9 aux nouvelles technologies de t\u00e9l\u00e9communication et de cybers\u00e9curit\u00e9, qui pr\u00e9voit un programme sp\u00e9cial de modernisation appel\u00e9 \u00ab Syst\u00e8me spatial d&rsquo;observation de la Terre (SEOT) PAZ II \u00bb et qu&rsquo;il pr\u00e9cise comme un \u00ab ensemble de deux nouveaux satellites \u00e0 technologie radar \u00e0 synth\u00e8se d&rsquo;ouverture (SAR) \u00bb,<\/strong> auquel 200 millions d&rsquo;euros seront consacr\u00e9s d&rsquo;ici 2025.<\/p>\n<p><img decoding=\"async\" width=\"1200\" height=\"960\" alt=\"El Consejo de Ministros ha autorizado a Industria que pueda conceder un pr\u00e9stamo de 1.000 millones de euros a Hisdesat con los que desarrollar los sat\u00e9lites Paz 2 de tecnolog\u00eda radar para sustituir al veterano Paz -\u00a0PHOTO\/Airbus DS\" src=\"https:\/\/www.europesays.com\/fr\/wp-content\/uploads\/2025\/04\/2025042811131564942.jpg\" loading=\"lazy\"  \/><br \/>\nLe Conseil des ministres a autoris\u00e9 le minist\u00e8re de l&rsquo;Industrie \u00e0 accorder un pr\u00eat de 1 milliard d&rsquo;euros \u00e0 Hisdesat pour le d\u00e9veloppement des satellites Paz 2 \u00e0 technologie radar destin\u00e9s \u00e0 remplacer le v\u00e9t\u00e9ran Paz\u00a0&#8211;\u00a0<strong>PHOTO\/Airbus DS<\/strong><\/p>\n<p>Selon le chef du gouvernement, <strong>ce plan a \u00e9t\u00e9 transmis \u00e0 Bruxelles le lendemain \u00ab afin que ses fondements techniques et budg\u00e9taires soient \u00e9valu\u00e9s par l&rsquo;Union europ\u00e9enne et l&rsquo;OTAN \u00bb. <\/strong>Avec une composante \u00e0 double usage pour des applications commerciales, Paz 2 devrait passer sans encombre l&rsquo;examen des analystes de l&rsquo;Alliance.<\/p>\n<p><strong>L&rsquo;autorisation du Conseil des ministres du 15 avril vise \u00e0 financer le programme \u00ab Paz 2 \u00bb. <\/strong>En revanche, le Plan industriel et technologique pour la d\u00e9fense que le pr\u00e9sident S\u00e1nchez a d\u00e9j\u00e0 envoy\u00e9 \u00e0 la pr\u00e9sidente de la Commission europ\u00e9enne, Ursula von der Leyen, et au secr\u00e9taire g\u00e9n\u00e9ral de l&rsquo;Alliance, Mark Rutte, fait r\u00e9f\u00e9rence au \u00ab Paz II \u00bb. On suppose que Paz II et Paz 2 d\u00e9signent les m\u00eames satellites, mais il s&rsquo;agit l\u00e0 d&rsquo;une n\u00e9gligence qui d\u00e9note un manque de rigueur de la part des r\u00e9dacteurs des deux documents officiels.<\/p>\n<p><img decoding=\"async\" width=\"1200\" height=\"675\" alt=\"La compa\u00f1\u00eda Indra que preside \u00c1ngel Escribano, en el centro, ha adquirido a Redeia el 89,68 por ciento de Hispasat, lo que conlleva controlar el 50 de Hisdesat -\u00a0PHOTO\/Indra\" src=\"https:\/\/www.europesays.com\/fr\/wp-content\/uploads\/2025\/04\/2025042811131624778.jpg\" loading=\"lazy\"  \/><br \/>\nLa soci\u00e9t\u00e9 Indra, pr\u00e9sid\u00e9e par \u00c1ngel Escribano, au centre, a rachet\u00e9 \u00e0 Redeia 89,68 % de Hispasat, ce qui lui permet de contr\u00f4ler 50 % de Hisdesat\u00a0&#8211;<strong>\u00a0PHOTO\/Indra<\/strong><\/p>\n<p><strong>Ces trois rebondissements ont \u00e9t\u00e9 pr\u00e9c\u00e9d\u00e9s par l&rsquo;achat par Indra de Hispasat \u2013 et, par ricochet, de Hisdesat \u2013 \u00e0 la soci\u00e9t\u00e9 m\u00e8re des deux soci\u00e9t\u00e9s susmentionn\u00e9es, Redeia, <\/strong>qui est le nom commercial de Red El\u00e9ctrica de Espa\u00f1a, un groupe d&rsquo;entreprises contr\u00f4l\u00e9 par la Sociedad Espa\u00f1ola de Participaciones Industriales (SEPI).<\/p>\n<p><strong>L&rsquo;accord d&rsquo;acquisition pour 725 millions d&rsquo;euros a \u00e9t\u00e9 conclu d\u00e9but f\u00e9vrier et devrait \u00eatre finalis\u00e9 \u00ab d&rsquo;ici le quatri\u00e8me trimestre 2025 \u00bb, selon Indra. <\/strong>La soci\u00e9t\u00e9 pr\u00e9sid\u00e9e par \u00c1ngel Escribano a acquis 89,68 % de Hispasat, ce qui repr\u00e9sente 43 % du capital social de Hisdesat. Indra d\u00e9tenant d\u00e9j\u00e0 7 % de Hisdesat, la soci\u00e9t\u00e9 technologique espagnole va contr\u00f4ler 50 % du capital de l&rsquo;op\u00e9rateur satellite et devenir son actionnaire de r\u00e9f\u00e9rence.<\/p>\n","protected":false},"excerpt":{"rendered":"L&rsquo;Espagne et cinq autres pays offrent des communications \u00e0 l&rsquo;ensemble de l&rsquo;OTAN Inclus dans le plan de 2&hellip;\n","protected":false},"author":2,"featured_media":58939,"comment_status":"","ping_status":"","sticky":false,"template":"","format":"standard","meta":{"footnotes":""},"categories":[1586],"tags":[11,13513,8937,1777,674,1779,1011,27,1577,12,136,25,1778,14749,364],"class_list":{"0":"post-58938","1":"post","2":"type-post","3":"status-publish","4":"format-standard","5":"has-post-thumbnail","7":"category-europe","8":"tag-actualites","9":"tag-espana","10":"tag-estados-unidos","11":"tag-eu","12":"tag-europe","13":"tag-european-union","14":"tag-fr","15":"tag-france","16":"tag-l","17":"tag-news","18":"tag-otan","19":"tag-republique-francaise","20":"tag-ue","21":"tag-union-europea","22":"tag-union-europeenne"},"share_on_mastodon":{"url":"https:\/\/pubeurope.com\/@fr\/114414976097828764","error":""},"_links":{"self":[{"href":"https:\/\/www.europesays.com\/fr\/wp-json\/wp\/v2\/posts\/58938","targetHints":{"allow":["GET"]}}],"collection":[{"href":"https:\/\/www.europesays.com\/fr\/wp-json\/wp\/v2\/posts"}],"about":[{"href":"https:\/\/www.europesays.com\/fr\/wp-json\/wp\/v2\/types\/post"}],"author":[{"embeddable":true,"href":"https:\/\/www.europesays.com\/fr\/wp-json\/wp\/v2\/users\/2"}],"replies":[{"embeddable":true,"href":"https:\/\/www.europesays.com\/fr\/wp-json\/wp\/v2\/comments?post=58938"}],"version-history":[{"count":0,"href":"https:\/\/www.europesays.com\/fr\/wp-json\/wp\/v2\/posts\/58938\/revisions"}],"wp:featuredmedia":[{"embeddable":true,"href":"https:\/\/www.europesays.com\/fr\/wp-json\/wp\/v2\/media\/58939"}],"wp:attachment":[{"href":"https:\/\/www.europesays.com\/fr\/wp-json\/wp\/v2\/media?parent=58938"}],"wp:term":[{"taxonomy":"category","embeddable":true,"href":"https:\/\/www.europesays.com\/fr\/wp-json\/wp\/v2\/categories?post=58938"},{"taxonomy":"post_tag","embeddable":true,"href":"https:\/\/www.europesays.com\/fr\/wp-json\/wp\/v2\/tags?post=58938"}],"curies":[{"name":"wp","href":"https:\/\/api.w.org\/{rel}","templated":true}]}}