{"id":589382,"date":"2025-12-09T22:39:14","date_gmt":"2025-12-09T22:39:14","guid":{"rendered":"https:\/\/www.europesays.com\/fr\/589382\/"},"modified":"2025-12-09T22:39:14","modified_gmt":"2025-12-09T22:39:14","slug":"guerre-en-ukraine-un-soldat-britannique-loin-des-lignes-de-front-a-ete-tue-dans-un-accident-une-premiere","status":"publish","type":"post","link":"https:\/\/www.europesays.com\/fr\/589382\/","title":{"rendered":"Guerre en Ukraine\u00a0: un soldat britannique \u00ab\u00a0loin des lignes de front\u00a0\u00bb a \u00e9t\u00e9 tu\u00e9 dans un \u00ab\u00a0accident\u00a0\u00bb, une premi\u00e8re"},"content":{"rendered":"<p class=\"paragraph text_align_left lp-f-body-02\">Il observait un test de nouveaux \u00e9quipements de d\u00e9fense. C\u2019est \u00e0 ce moment qu\u2019un soldat britannique a \u00e9t\u00e9 tu\u00e9 ce mardi en Ukraine, dans un \u00ab accident \u00bb qui s\u2019est produit \u00ab loin des lignes de front \u00bb, a <a href=\"https:\/\/x.com\/DefenceHQ\/status\/1998439228162617452\" target=\"_blank\" rel=\"noreferrer nofollow\">annonc\u00e9 le minist\u00e8re de la D\u00e9fense britannique<\/a>.<\/p>\n<p class=\"paragraph text_align_left lp-f-body-02\">Il s\u2019agit du <a href=\"https:\/\/www.leparisien.fr\/international\/guerre-en-ukraine-pret-au-combat-le-royaume-uni-va-construire-des-sous-marins-nucleaires-dattaque-face-a-la-menace-russe-02-06-2025-UMCUTIC6EFCW3PEPKH4S54AU2Q.php\" target=\"_blank\" rel=\"noreferrer nofollow noopener\">premier membre de l\u2019arm\u00e9e britannique<\/a> tu\u00e9 en Ukraine depuis le d\u00e9but de l\u2019invasion russe en f\u00e9vrier 2022, a confirm\u00e9 le minist\u00e8re \u00e0 l\u2019AFP, qui n\u2019a donn\u00e9 aucune information sur le militaire tu\u00e9.<\/p>\n<p class=\"paragraph text_align_left lp-f-body-02\">\u00ab C\u2019est avec un profond regret que nous annon\u00e7ons le d\u00e9c\u00e8s, ce matin, d\u2019un membre des forces arm\u00e9es britanniques en Ukraine \u00bb, a d\u00e9clar\u00e9 le minist\u00e8re sur X. \u00ab Il a \u00e9t\u00e9 bless\u00e9 lors d\u2019un tragique accident alors qu\u2019il observait des forces ukrainiennes tester une nouvelle capacit\u00e9 d\u00e9fensive, loin des lignes de front \u00bb, a-t-il pr\u00e9cis\u00e9.<\/p>\n<p class=\"paragraph text_align_left lp-f-body-02\">\u00ab Je pr\u00e9sente mes sinc\u00e8res condol\u00e9ances \u00e0 la famille du membre de nos forces arm\u00e9es qui a malheureusement perdu la vie aujourd\u2019hui. Son service et son sacrifice ne seront jamais oubli\u00e9s \u00bb, a r\u00e9agi le Premier ministre <a href=\"https:\/\/x.com\/Keir_Starmer\/status\/1998456256667787573\" target=\"_blank\" rel=\"noreferrer nofollow\">Keir Starmer sur X<\/a>.<\/p>\n<p>Un \u00ab petit nombre \u00bb d\u2019engag\u00e9s<\/p>\n<p class=\"paragraph text_align_left lp-f-body-02\">Le secr\u00e9taire d\u2019\u00c9tat \u00e0 la D\u00e9fense, <a href=\"https:\/\/x.com\/JohnHealey_MP\/status\/1998445387737174354\" target=\"_blank\" rel=\"noreferrer nofollow\">John Healey<\/a>, s\u2019est lui dit \u00ab boulevers\u00e9. \u00bb \u00ab Mes pens\u00e9es vont \u00e0 sa famille, ses amis et ses coll\u00e8gues qui pleurent la perte d\u2019un \u00eatre cher. Nous leur exprimons toute notre sympathie \u00bb, a-t-il ajout\u00e9.<\/p>\n<p class=\"paragraph text_align_left lp-f-body-02\"><a href=\"https:\/\/x.com\/jcartlidgemp\/status\/1998448357103329397\" target=\"_blank\" rel=\"noreferrer nofollow\">James Cartlidge<\/a>, ministre de la D\u00e9fense du cabinet fant\u00f4me, a aussi affirm\u00e9 \u00eatre \u00ab profond\u00e9ment attrist\u00e9 d\u2019apprendre la tragique nouvelle du d\u00e9c\u00e8s, ce matin, d\u2019un membre des forces arm\u00e9es britanniques en Ukraine \u00bb.<\/p>\n<p class=\"paragraph text_align_left lp-f-body-02\">Aucune information n\u2019a \u00e9t\u00e9 donn\u00e9 sur son service ou son r\u00f4le dans l\u2019arm\u00e9e britannique. Le minist\u00e8re britannique de la D\u00e9fense a indiqu\u00e9 qu\u2019il ne ferait pas d\u2019autres commentaires.<\/p>\n<p class=\"paragraph text_align_left lp-f-body-02\">Le Royaume-Uni a par le pass\u00e9 reconnu qu\u2019un \u00ab petit nombre \u00bb de <a href=\"https:\/\/www.leparisien.fr\/international\/troupes-en-ukraine-quelles-sont-les-positions-des-pays-europeens-17-02-2025-AU4WKTBI5JB7NGZ3QT2WXYCUX4.php\" target=\"_blank\" rel=\"noreferrer nofollow noopener\">soldats britanniques se trouvaient en Ukraine<\/a>, pour assurer la s\u00e9curit\u00e9 de ses diplomates et pour soutenir l\u2019arm\u00e9e ukrainienne.<\/p>\n","protected":false},"excerpt":{"rendered":"Il observait un test de nouveaux \u00e9quipements de d\u00e9fense. C\u2019est \u00e0 ce moment qu\u2019un soldat britannique a \u00e9t\u00e9&hellip;\n","protected":false},"author":2,"featured_media":589383,"comment_status":"","ping_status":"","sticky":false,"template":"","format":"standard","meta":{"footnotes":""},"categories":[1588],"tags":[11,1777,674,14,12,473,1853,1851,220,1850,1852],"class_list":{"0":"post-589382","1":"post","2":"type-post","3":"status-publish","4":"format-standard","5":"has-post-thumbnail","7":"category-royaume-uni","8":"tag-actualites","9":"tag-eu","10":"tag-europe","11":"tag-international","12":"tag-news","13":"tag-royaume-uni","14":"tag-royaume-uni-de-grande-bretagne-et-dirlande-du-nord","15":"tag-uk","16":"tag-ukraine","17":"tag-united-kingdom","18":"tag-united-kingdom-of-great-britain-and-northern-ireland"},"share_on_mastodon":{"url":"https:\/\/pubeurope.com\/@fr\/115692015841245067","error":""},"_links":{"self":[{"href":"https:\/\/www.europesays.com\/fr\/wp-json\/wp\/v2\/posts\/589382","targetHints":{"allow":["GET"]}}],"collection":[{"href":"https:\/\/www.europesays.com\/fr\/wp-json\/wp\/v2\/posts"}],"about":[{"href":"https:\/\/www.europesays.com\/fr\/wp-json\/wp\/v2\/types\/post"}],"author":[{"embeddable":true,"href":"https:\/\/www.europesays.com\/fr\/wp-json\/wp\/v2\/users\/2"}],"replies":[{"embeddable":true,"href":"https:\/\/www.europesays.com\/fr\/wp-json\/wp\/v2\/comments?post=589382"}],"version-history":[{"count":0,"href":"https:\/\/www.europesays.com\/fr\/wp-json\/wp\/v2\/posts\/589382\/revisions"}],"wp:featuredmedia":[{"embeddable":true,"href":"https:\/\/www.europesays.com\/fr\/wp-json\/wp\/v2\/media\/589383"}],"wp:attachment":[{"href":"https:\/\/www.europesays.com\/fr\/wp-json\/wp\/v2\/media?parent=589382"}],"wp:term":[{"taxonomy":"category","embeddable":true,"href":"https:\/\/www.europesays.com\/fr\/wp-json\/wp\/v2\/categories?post=589382"},{"taxonomy":"post_tag","embeddable":true,"href":"https:\/\/www.europesays.com\/fr\/wp-json\/wp\/v2\/tags?post=589382"}],"curies":[{"name":"wp","href":"https:\/\/api.w.org\/{rel}","templated":true}]}}