{"id":589396,"date":"2025-12-09T22:47:25","date_gmt":"2025-12-09T22:47:25","guid":{"rendered":"https:\/\/www.europesays.com\/fr\/589396\/"},"modified":"2025-12-09T22:47:25","modified_gmt":"2025-12-09T22:47:25","slug":"golf-professionnel-lactu-du-8-au-14-decembre-federation-francaise-de-golf-ffgolf","status":"publish","type":"post","link":"https:\/\/www.europesays.com\/fr\/589396\/","title":{"rendered":"Golf professionnel : L&#039;actu du 8 au 14 d\u00e9cembre &#8211; F\u00e9d\u00e9ration fran\u00e7aise de golf (ffgolf)"},"content":{"rendered":"<ol>\n<li><a href=\"https:\/\/news.google.com\/rss\/articles\/CBMimwFBVV95cUxOTDZVdXNJWDdhUDRGUWVpRDhwQ3BNRk1zQXZZbTRQQ1lNUm01a09sdnhXTTJ6WmU3bzQ1UGYxS2pSYWN1RDM2X1FxY0Q2UUlUUmc1Wk44R1VzQTY4azlRVzhwZ0xkTVYtT0pZS2FxdDkxYkdmd012enJpdWdvQW1NRDNUNmxNQk5mZmNxYVpSdmNlUFBpN3AxbmNhdw?oc=5\" target=\"_blank\" rel=\"noopener\">Golf professionnel : L&rsquo;actu du 8 au 14 d\u00e9cembre<\/a>&nbsp;&nbsp;F\u00e9d\u00e9ration fran\u00e7aise de golf (ffgolf)<\/li>\n<li><a href=\"https:\/\/news.google.com\/rss\/articles\/CBMiuwFBVV95cUxPZ2s2OVBReXc5MFgzTjM3WGlJZXJIc3JZSVltQmRyaFFGaE5vT1M3VENveV9taGJDNzNYNFd1X1BSd1QyU1VjTGtNN1NkVTRwMjkwV3JRYnp6Y3E0S19GUmVaTG9sX2lkblpDdlhaTExLSFplejhpa1EwdXJoYi13ZU1nVlVmY2dEdWFLUm9DY1l1dnhTNklJQUE2MDNnbDhqc2E1SDBUdUliTU1kSlJ6OGVINDFRX2JFS2c0?oc=5\" target=\"_blank\" rel=\"noopener\">J\u00e9r\u00e9my Gandon, Bastien Amat et Quentin Debove \u00e0 la finale des cartes du PGA Tour<\/a>&nbsp;&nbsp;Golf Plan\u00e8te<\/li>\n<li><a href=\"https:\/\/news.google.com\/rss\/articles\/CBMiggJBVV95cUxOZGhlejgzSkgwODVpbjh5Vnl5Yk5oaEJBN09zY3cxMExzTW8xaVlmQVc4TDh1LXpfc2YwaDlmUlVnOVRwUEV4ZWh1dVRTb3FBT2N2dEtQaFRxNDZmSloxdk9mSE5ueUk2cmVnVFZHdE1rSDZSSEw4TndmcjRoNHVPQS1xQnB0M2FwY3FWNWcyeUM0bHVsV3VwTVpFM3lTbnZsV2xZaHlhWERIbC1YUmpnNi1Cd1pFR3RKSmZGcHU4S2hoMTI2SFZzZXZaY0VOU0ZvWDRqbFhiQWZscmw0eXc4eU9XTHdFVFB2b1ZuUkV2eTVVeTh1alZ4NVl4aHp3blJZU0E?oc=5\" target=\"_blank\" rel=\"noopener\">Golf. Les Directs de la semaine: Six Fran\u00e7ais \u00e0 l\u2019Alfred Dunhill et trois \u00e0 la finale des cartes US<\/a>&nbsp;&nbsp;Ouest-France<\/li>\n<li><a href=\"https:\/\/news.google.com\/rss\/articles\/CBMi3AFBVV95cUxQeFNNZjRSdjYwZjNZdVBHSnk4S3NxTWdsU0w3WDRyT1NXaWE2QzVKbGlJRnZBTm1tVjZSaFdOQm0xYU44RWlTeTM2WWxzTkN1X3VxYjdQcVc3QkxyOUFtSllpbTl1anBUMmx2TmxqTXI2a3IwaE1OTnlhdm5tNXh0R1Q3SmZ0aG1Oem9ab2JqUkRDaDVRazMwNzhhUEhyOEpVbGEweExYdk9CbV9raGRkQkZpa3lyTURtUmF1cWRIMXpKSXBvejk1WWduQ2t6QVU2MHh2UE9jSUdlV0pY?oc=5\" target=\"_blank\" rel=\"noopener\">En finale des cartes du PGA Tour, Quentin Debove et Bastien Amat veulent vivre leur r\u00eave am\u00e9ricain<\/a>&nbsp;&nbsp;L&rsquo;\u00c9quipe<\/li>\n<li><a href=\"https:\/\/news.google.com\/rss\/articles\/CBMinwFBVV95cUxQejZfazg4SXVzSzB3d0tvYm5RampGMkFqenlfb0xrYk9vWUJFQjR1N05lbTFMYjk5bWNhWW9xczZkSjhZVGt2d3QwY2VSNkkxcFNBdzZGTUw0Z3ctelhDY0JmNDNEMnJhbDEzYzdVUVhXX1RVc2l3bzU2UXBpUlMtV1BQWlRNOXdmNGJYZG5POHgzMTUwdkFfdzNRSmxURFE?oc=5\" target=\"_blank\" rel=\"noopener\">Comprendre les cartes, Q-School et autres finales<\/a>&nbsp;&nbsp;F\u00e9d\u00e9ration fran\u00e7aise de golf (ffgolf)<\/li>\n<\/ol>\n","protected":false},"excerpt":{"rendered":"Golf professionnel : L&rsquo;actu du 8 au 14 d\u00e9cembre&nbsp;&nbsp;F\u00e9d\u00e9ration fran\u00e7aise de golf (ffgolf) J\u00e9r\u00e9my Gandon, Bastien Amat et&hellip;\n","protected":false},"author":2,"featured_media":589397,"comment_status":"","ping_status":"","sticky":false,"template":"","format":"standard","meta":{"footnotes":""},"categories":[1418],"tags":[1011,27,1472,60],"class_list":{"0":"post-589396","1":"post","2":"type-post","3":"status-publish","4":"format-standard","5":"has-post-thumbnail","7":"category-golf","8":"tag-fr","9":"tag-france","10":"tag-golf","11":"tag-sports"},"share_on_mastodon":{"url":"https:\/\/pubeurope.com\/@fr\/115692047505759510","error":""},"_links":{"self":[{"href":"https:\/\/www.europesays.com\/fr\/wp-json\/wp\/v2\/posts\/589396","targetHints":{"allow":["GET"]}}],"collection":[{"href":"https:\/\/www.europesays.com\/fr\/wp-json\/wp\/v2\/posts"}],"about":[{"href":"https:\/\/www.europesays.com\/fr\/wp-json\/wp\/v2\/types\/post"}],"author":[{"embeddable":true,"href":"https:\/\/www.europesays.com\/fr\/wp-json\/wp\/v2\/users\/2"}],"replies":[{"embeddable":true,"href":"https:\/\/www.europesays.com\/fr\/wp-json\/wp\/v2\/comments?post=589396"}],"version-history":[{"count":0,"href":"https:\/\/www.europesays.com\/fr\/wp-json\/wp\/v2\/posts\/589396\/revisions"}],"wp:featuredmedia":[{"embeddable":true,"href":"https:\/\/www.europesays.com\/fr\/wp-json\/wp\/v2\/media\/589397"}],"wp:attachment":[{"href":"https:\/\/www.europesays.com\/fr\/wp-json\/wp\/v2\/media?parent=589396"}],"wp:term":[{"taxonomy":"category","embeddable":true,"href":"https:\/\/www.europesays.com\/fr\/wp-json\/wp\/v2\/categories?post=589396"},{"taxonomy":"post_tag","embeddable":true,"href":"https:\/\/www.europesays.com\/fr\/wp-json\/wp\/v2\/tags?post=589396"}],"curies":[{"name":"wp","href":"https:\/\/api.w.org\/{rel}","templated":true}]}}