{"id":589400,"date":"2025-12-09T22:49:14","date_gmt":"2025-12-09T22:49:14","guid":{"rendered":"https:\/\/www.europesays.com\/fr\/589400\/"},"modified":"2025-12-09T22:49:14","modified_gmt":"2025-12-09T22:49:14","slug":"comment-les-clubs-amateurs-ont-deja-commence-a-sadapter","status":"publish","type":"post","link":"https:\/\/www.europesays.com\/fr\/589400\/","title":{"rendered":"comment les clubs amateurs ont d\u00e9j\u00e0 commenc\u00e9 \u00e0 s&rsquo;adapter"},"content":{"rendered":"<p>                    Par<br \/>\n        <strong><br \/>\n            <a href=\"https:\/\/actu.fr\/auteur\/emilie-dudonfournier\" title=\"Consulter tous les articles de Emilie Dudon-Fournier\" target=\"_blank\" rel=\"noopener\">Emilie Dudon-Fournier<\/a><br \/>\n                    <\/strong><\/p>\n<p>        Publi\u00e9 le<\/p>\n<p>            9 d\u00e9c. 2025 \u00e0 17h58        <\/p>\n<p>\u00c0 partir du 1er juillet 2026, les joueurs de <a href=\"https:\/\/actu.fr\/rugby\/amateurs\" target=\"_blank\" rel=\"noopener\">rugby amateur<\/a> de toute la plan\u00e8te devront <strong>plaquer en-dessous du sternum<\/strong>. Cette nouvelle r\u00e8gle, propos\u00e9e par le Bureau ex\u00e9cutif de World Rugby, doit encore \u00eatre ent\u00e9rin\u00e9e par son Conseil, mais cela devrait \u00eatre une formalit\u00e9 (en toute logique et sauf improbable retournement de situation).\u00a0<\/p>\n<p>Baisse des plaquages dangereux<\/p>\n<p class=\" wall-content\">Une mesure destin\u00e9e \u00e0 pr\u00e9server l\u2019int\u00e9grit\u00e9 physique des joueurs et d\u00e9j\u00e0 exp\u00e9riment\u00e9e depuis 18 mois dans les championnats amateurs de 11 F\u00e9d\u00e9rations. Elle a permis de mesurer pr\u00e8s de 150 000 plaquages, et montr\u00e9 que les plaquages hauts \u00ab\u00a0ont diminu\u00e9 de 6% dans le rugby masculin et 9% dans le rugby f\u00e9minin\u00a0\u00bb, r\u00e9v\u00e8le World Rugby dans un communiqu\u00e9. \u00ab\u00a0Si on extrapole ce chiffre au nombre de matchs amateurs disput\u00e9s dans le monde, cela repr\u00e9sente des dizaines de milliers de plaquages plus s\u00fbrs pour les joueurs\u00a0\u00bb.<\/p>\n<p class=\" wall-content\">La FFR est cit\u00e9e dans le document, la France ayant \u00e9t\u00e9 \u00ab\u00a0la premi\u00e8re nation \u00e0 utiliser une hauteur de plaquage plus basse en amateur\u00a0\u00bb. En effet, depuis 18 mois, <strong>toutes les cat\u00e9gories \u00e0 partir de la F\u00e9d\u00e9rale 2<\/strong> (l\u2019\u00e9quivalent de la 6e division) doivent <strong>plaquer en-dessous de la taille<\/strong>. Ce n\u2019est pas la seule modification : les plaquages \u00e0 2 sont \u00e9galement interdits, ainsi que l\u2019action de se baisser, t\u00eate et buste en avant, quand on va au contact.<\/p>\n<p>Florian Grill : \u00ab\u00a0Un travail de lobbying intense\u00a0\u00bb<\/p>\n<p class=\" wall-content\">\u00ab\u00a0Deux \u00e9tudes ont \u00e9t\u00e9 men\u00e9es\u00a0\u00bb, expliquait le pr\u00e9sident de la FFR Florian Grill dans l\u2019\u00c9quipe il y a quelques jours. \u00ab\u00a0Une avec des clubs amateurs volontaires pour recenser la totalit\u00e9 de l\u2019accidentologie. Une autre pour comparer cette accidentologie entre la F\u00e9d\u00e9rale 2, o\u00f9 les plaquages bas sont obligatoires, et la F\u00e9d\u00e9rale 1, o\u00f9 ce n\u2019est pas le cas. On constate sur cette deuxi\u00e8me \u00e9tude une baisse de 55 % d\u2019accidentologie t\u00eate cou en F\u00e9d\u00e9rale 2\u00a0\u00bb.<\/p>\n<p class=\" wall-content\">Des donn\u00e9es partag\u00e9es \u00e0 World Rugby depuis plusieurs ann\u00e9es : \u00ab Cela a \u00e9t\u00e9 un travail de lobbying intense, notamment face \u00e0 des nations plus attach\u00e9es au rugby \u00e0 7 et au rugby \u00e0 XIII et qui sont un peu moins \u00a0\u00bbfans\u00a0\u00bb de cette question des plaquages bas\u00a0\u00bb, a reconnu Florian Grill. \u00ab\u00a0On a r\u00e9ussi \u00e0 faire avancer la cause, 11 f\u00e9d\u00e9rations ont ensuite permis de mener cette \u00e9tude mondiale, et c\u2019est une petite victoire aujourd\u2019hui pour la FFR et pour la protection des pratiquants. \u00bb<\/p>\n<p>Des difficult\u00e9s d\u2019interpr\u00e9tation sur le terrain<\/p>\n<p class=\" wall-content\">Reste qu\u2019en pratique, la mise en application de la r\u00e8gle n\u2019est pas si simple. Patrick Furet, manager de Rodez (F\u00e9d\u00e9rale 2), t\u00e9moigne aupr\u00e8s d\u2019<a href=\"https:\/\/actu.fr\/rugby\/\" target=\"_blank\" rel=\"noopener\">Actu Rugby<\/a> : \u00ab\u00a0Si elle est correctement appliqu\u00e9e, cette r\u00e8gle est une bonne id\u00e9e : pour l\u2019int\u00e9grit\u00e9 physique des joueurs mais aussi en termes de jeu, car \u00e7a permet d\u2019avoir les bras libres et plus de continuit\u00e9 dans le jeu\u00a0\u00bb, nous a-t-il expliqu\u00e9.<\/p>\n<p class=\" wall-content\">Il y a toutefois un b\u00e9mol de taille pour l\u2019ancien coach de Dax et Castres : \u00ab\u00a0L\u2019application d\u00e9pend des arbitres, de leur niveau et de leur sensibilit\u00e9. La probl\u00e9matique, c\u2019est que nous avons un seul arbitre central. Les matchs avec 3 arbitres sont tr\u00e8s rares, et \u00e0 la demande des clubs. Donc d\u2019un week-end \u00e0 l\u2019autre, certains mettent le curseur un peu plus haut, d\u2019autres un peu bas. Il y a des incoh\u00e9rences et on est dans l\u2019adaptation permanente\u00a0\u00bb.<\/p>\n<p class=\" wall-content\">Des diff\u00e9rences d\u2019interpr\u00e9tation lourdes de cons\u00e9quences \u00e0 certains moments : \u00ab\u00a0Nous avons d\u00e9j\u00e0 connu des cas litigieux\u00a0\u00bb, reprend l\u2019ancien 3e ligne. \u00ab\u00a0Il n\u2019y a qu\u2019un seul arbitre qui juge la zone de plaquage et pas de vid\u00e9o, alors quand la d\u00e9cision est prise, elle est prise\u2026 L\u2019an dernier, en quart de finale, nous avons re\u00e7u un carton rouge sur une situation qui n\u2019en m\u00e9ritait pas\u00a0\u00bb.\u00a0<\/p>\n<p>Votre r\u00e9gion, votre actu !<\/p>\n<p>Recevez chaque jour les infos qui comptent pour vous.<\/p>\n<p>\t<a href=\"https:\/\/actu.fr\/newsletter\" class=\"ac-btn ac-btn--corner ac-btn--medium ac-btn--blue800\" target=\"_blank\" rel=\"noopener\">S&rsquo;incrire<\/a><br \/>\nPlus de continuit\u00e9 dans le jeu<\/p>\n<p class=\" wall-content\">Depuis la mise en place de l\u2019exp\u00e9rimentation, le plaquage est travaill\u00e9 diff\u00e9remment \u00e0 l\u2019entra\u00eenement, bien s\u00fbr. \u00ab\u00a0On bosse de mani\u00e8re \u00e0 \u00eatre les plus disciplin\u00e9s et les moins sanctionn\u00e9s possible pour des gestes o\u00f9 on demande de la ma\u00eetrise. Le plaquage \u00e0 2 est interdit \u00e9galement, il faut aussi faire avec \u00e7a\u00a0\u00bb.\u00a0<\/p>\n<p class=\" wall-content\">C\u2019est tout qui change, au-del\u00e0 de la simple technique de plaquage : \u00ab\u00a0Avec une zone plus basse, on a les bras plus libres et nous, on essaie de pr\u00f4ner la continuit\u00e9 du jeu\u00a0\u00bb, explique Patrick Furet. \u00ab\u00a0Mais \u00e7a d\u00e9pend des conditions et de beaucoup de choses. Il y a des fois o\u00f9 on est trop dans les offloads. En permanence, il faut de l\u2019adaptabilit\u00e9 et de la r\u00e9gulation par rapport \u00e0 l\u2019adversaire, par rapport \u00e0 l\u2019arbitre, par rapport aux conditions climatiques. Bref, c\u2019est plut\u00f4t bien dans l\u2019id\u00e9e, mais il faut que les \u00e9quipes et les arbitres aient la m\u00eame trame\u00a0\u00bb.\u00a0<\/p>\n<p class=\" wall-content\">\u00c0 plus petit niveau, dans les s\u00e9ries r\u00e9gionales, m\u00eame son de cloche. Lors d\u2019un \u00e9change informel avec un joueur de R\u00e9gionale 2, ce dernier nous confirmait la complexit\u00e9 \u00e0 s\u2019adapter \u00e0 l\u2019arbitrage concernant la hauteur des plaquages tol\u00e9r\u00e9s ou non d\u2019un match \u00e0 l\u2019autre. Mais aussi, pour ceux qui d\u00e9butent le rugby et qui ont moins de technique, les difficult\u00e9s \u00e0 bien plaquer aux jambes.<\/p>\n<p>    <img   decoding=\"async\" loading=\"lazy\" src=\"https:\/\/www.europesays.com\/fr\/wp-content\/uploads\/2025\/12\/villefranche-rugby-esteban-pastre-960x640.jpg\" alt=\"Arriv\u00e9 \u00e0 l'intersaison, l'ailier Esteban Pastre a inscrit un essai en premi\u00e8re mi-temps. Mais celui-ci a finalement \u00e9t\u00e9 refus\u00e9 par l'arbitre pour un en-avant de passe.\" width=\"960\" height=\"640\"\/><br \/>\n    La r\u00e8gle du plaquage sous le sternum chez les amateurs sera effective cet \u00e9t\u00e9, et pourrait \u00eatre \u00e9tendue. (\u00a9Paul Halbedel \u2013 Voix du Midi Lauragais)Une application \u00e0 la Coupe du monde U20 ?<\/p>\n<p class=\" wall-content\">Compliqu\u00e9 pour les moins exp\u00e9riment\u00e9s, mais pour les plus aguerris \u00e9galement : \u00ab\u00a0Il y a des joueurs qui viennent de plus haut niveau et qui n\u2019appliquent pas forc\u00e9ment la r\u00e8gle. C\u2019est dur pour eux car ils ont toujours plaqu\u00e9 et d\u00e9fendu comme \u00e7a\u00a0\u00bb, \u00e9claire Patrick Furet. \u00ab\u00a0On essaie de les sensibiliser et de r\u00e9guler le tir. Une question d\u2019adaptation encore une fois\u00a0\u00bb.\u00a0<\/p>\n<p class=\" wall-content\">Il va falloir s\u2019y faire en tout cas, car la mesure devrait \u00eatre d\u00e9finitivement ent\u00e9rin\u00e9e l\u2019\u00e9t\u00e9 prochain. Elle pourrait m\u00eame \u00eatre \u00e9tendues dans d\u2019autres comp\u00e9titions, \u00e0 l\u2019image de la Coupe du monde U20.<\/p>\n<p class=\" wall-content\">\u00ab\u00a0Selon moi, il faut aller au-del\u00e0 du rugby amateur. Une Coupe du monde U20, on n\u2019est pas encore compl\u00e8tement dans le rugby professionnel, mais on est sur un rugby extr\u00eamement engag\u00e9 et il faut prot\u00e9ger nos pratiquants, surtout les plus jeunes\u00a0\u00bb, a d\u00e9clar\u00e9 Florian Grill. Une n\u00e9cessit\u00e9, s\u00fbrement, et une v\u00e9ritable r\u00e9volution.\u00a0<\/p>\n<p class=\" wall-content\">Personnalisez votre actualit\u00e9 en ajoutant vos villes et m\u00e9dias en favori avec <a href=\"https:\/\/moncompte.actu.fr\" title=\"D\u00e9couvez Mon Actu\" rel=\"nofollow noopener\" data-trk=\"{&quot;cta&quot;:{&quot;action&quot;:&quot;https:\\\/\\\/moncompte.actu.fr&quot;,&quot;category&quot;:&quot;mon compte&quot;,&quot;from&quot;:&quot;article footer&quot;,&quot;name&quot;:&quot;Mon actu&quot;,&quot;type&quot;:&quot;cta&quot;}}\" target=\"_blank\">Mon Actu<\/a>.<\/p>\n","protected":false},"excerpt":{"rendered":"Par Emilie Dudon-Fournier Publi\u00e9 le 9 d\u00e9c. 2025 \u00e0 17h58 \u00c0 partir du 1er juillet 2026, les joueurs&hellip;\n","protected":false},"author":2,"featured_media":589401,"comment_status":"","ping_status":"","sticky":false,"template":"","format":"standard","meta":{"footnotes":""},"categories":[1416],"tags":[5592,1011,27,479,1468,60],"class_list":{"0":"post-589400","1":"post","2":"type-post","3":"status-publish","4":"format-standard","5":"has-post-thumbnail","7":"category-rugby","8":"tag-amateurs","9":"tag-fr","10":"tag-france","11":"tag-rugby","12":"tag-rugby-football","13":"tag-sports"},"share_on_mastodon":{"url":"https:\/\/pubeurope.com\/@fr\/115692055674835019","error":""},"_links":{"self":[{"href":"https:\/\/www.europesays.com\/fr\/wp-json\/wp\/v2\/posts\/589400","targetHints":{"allow":["GET"]}}],"collection":[{"href":"https:\/\/www.europesays.com\/fr\/wp-json\/wp\/v2\/posts"}],"about":[{"href":"https:\/\/www.europesays.com\/fr\/wp-json\/wp\/v2\/types\/post"}],"author":[{"embeddable":true,"href":"https:\/\/www.europesays.com\/fr\/wp-json\/wp\/v2\/users\/2"}],"replies":[{"embeddable":true,"href":"https:\/\/www.europesays.com\/fr\/wp-json\/wp\/v2\/comments?post=589400"}],"version-history":[{"count":0,"href":"https:\/\/www.europesays.com\/fr\/wp-json\/wp\/v2\/posts\/589400\/revisions"}],"wp:featuredmedia":[{"embeddable":true,"href":"https:\/\/www.europesays.com\/fr\/wp-json\/wp\/v2\/media\/589401"}],"wp:attachment":[{"href":"https:\/\/www.europesays.com\/fr\/wp-json\/wp\/v2\/media?parent=589400"}],"wp:term":[{"taxonomy":"category","embeddable":true,"href":"https:\/\/www.europesays.com\/fr\/wp-json\/wp\/v2\/categories?post=589400"},{"taxonomy":"post_tag","embeddable":true,"href":"https:\/\/www.europesays.com\/fr\/wp-json\/wp\/v2\/tags?post=589400"}],"curies":[{"name":"wp","href":"https:\/\/api.w.org\/{rel}","templated":true}]}}