{"id":589408,"date":"2025-12-09T22:56:12","date_gmt":"2025-12-09T22:56:12","guid":{"rendered":"https:\/\/www.europesays.com\/fr\/589408\/"},"modified":"2025-12-09T22:56:12","modified_gmt":"2025-12-09T22:56:12","slug":"vincent-cerutti-annonce-au-tribunal-etre-separe-dhapsatou-sy-depuis-un-an-et-demi","status":"publish","type":"post","link":"https:\/\/www.europesays.com\/fr\/589408\/","title":{"rendered":"Vincent Cerutti annonce au tribunal \u00eatre s\u00e9par\u00e9 d\u2019Hapsatou Sy depuis un an et demi"},"content":{"rendered":"<p>La tension \u00e9tait palpable, ce mardi 9 d\u00e9cembre, dans la salle bond\u00e9e du tribunal correctionnel de Paris. Devant un public nombreux et un parterre de journalistes, <strong><a href=\"https:\/\/www.public.fr\/tag\/vincent-cerutti\" target=\"_blank\" rel=\"noopener\">Vincent Cerutti<\/a><\/strong>, ex-animateur embl\u00e9matique de Ch\u00e9rie FM et ancien visage de Danse avec les stars, comparaissait pour <strong>agression sexuelle<\/strong>, des faits qui remonteraient \u00e0 2015 et 2016.<\/p>\n<p>L\u2019homme de 44 ans est arriv\u00e9 accompagn\u00e9 de <strong><a href=\"https:\/\/www.public.fr\/tag\/hapsatou-sy\" target=\"_blank\" rel=\"noopener\">Hapsatou Sy<\/a><\/strong>, m\u00e8re de ses deux enfants et compagne pr\u00e9sum\u00e9e depuis pr\u00e8s de dix ans. Leur unit\u00e9 affich\u00e9e laissait penser au soutien ind\u00e9fectible du couple, jusqu\u2019\u00e0 ce que l\u2019audience prenne une tournure inattendue : interrog\u00e9 par la pr\u00e9sidente du tribunal sur sa vie priv\u00e9e, l\u2019animateur a r\u00e9v\u00e9l\u00e9 \u00eatre <strong>s\u00e9par\u00e9 d\u2019Hapsatou Sy depuis un an et demi<\/strong>, malgr\u00e9 leur pr\u00e9sence c\u00f4te \u00e0 c\u00f4te dans le pr\u00e9toire.<\/p>\n<p><strong>Une r\u00e9v\u00e9lation inattendue en pleine audience<\/strong><\/p>\n<p>C\u2019est le journaliste Beno\u00eet Daragon (Le Parisien), pr\u00e9sent au tribunal, qui a rapport\u00e9 cette information, soulignant la surprise g\u00e9n\u00e9rale suscit\u00e9e par cette \u00ab r\u00e9v\u00e9lation people au d\u00e9tour d\u2019un proc\u00e8s p\u00e9nal \u00bb.<\/p>\n<p>Interrog\u00e9 sur sa relation avec <a href=\"https:\/\/www.public.fr\/hapsatou-sy-est-maman-pour-la-premiere-fois-vincent-cerruti-devoile-le-prenom-de-leur-fille\" target=\"_blank\" rel=\"noopener\">la m\u00e8re de ses enfants<\/a>, Vincent Cerutti a d\u00e9clar\u00e9 : \u00ab\u00a0<strong>Nous sommes s\u00e9par\u00e9s depuis un an et demi, mais en excellents termes, notamment pour \u00e9lever nos enfants<\/strong>\u00ab\u00a0. <\/p>\n<p>Cette pr\u00e9cision est intervenue alors qu\u2019il \u00e9tait question, pour l\u2019animateur, de r\u00e9futer certaines all\u00e9gations li\u00e9es \u00e0 sa vie intime. Pour se d\u00e9fendre, il a notamment ni\u00e9 tout type de comportement violent \u00e0 l\u2019\u00e9gard de son ex-compagne, affirmant que les gestes \u00e9voqu\u00e9s par la plaignante ne pouvaient s\u2019inscrire dans un cadre similaire.<\/p>\n<p>Aujourd\u2019hui sans activit\u00e9 professionnelle, il a \u00e9galement confi\u00e9 que sa mise en examen avait mis sa carri\u00e8re \u00e0 l\u2019arr\u00eat : <strong>\u00ab\u00a0Toutes les cha\u00eenes et radios m\u2019ont tourn\u00e9 le dos. J\u2019avais un nom\u2026 un petit nom, puisque je ne travaille plus<\/strong>\u00ab\u00a0. <\/p>\n<p><strong>Les faits reproch\u00e9s : deux morsures d\u00e9nonc\u00e9es par une coll\u00e8gue<\/strong><\/p>\n<p>La plaignante, <strong>Caroline Barel<\/strong>, vice-pr\u00e9sidente de l\u2019association MeTooMedia, \u00e9tait \u00e9galement pr\u00e9sente. \u00c0 l\u2019\u00e9poque des faits, elle travaillait comme standardiste dans la matinale anim\u00e9e par Vincent Cerutti sur Ch\u00e9rie FM. Elle accuse l\u2019animateur de lui avoir <strong>mordu les fesses \u00e0 deux reprises<\/strong>, dans un contexte de \u00ab\u00a0blagues lourdes\u00a0\u00bb et de \u00ab\u00a0comportements d\u00e9plac\u00e9s\u00a0\u00bb qu\u2019elle d\u00e9crit comme r\u00e9currents.<\/p>\n<p>Selon elle, alors qu\u2019ils se trouvaient seuls dans les locaux, l\u2019animateur l\u2019aurait plaqu\u00e9e au sol, lui tenant les mains, avant de lui mordre la fesse. Une photo d\u2019un h\u00e9matome, dat\u00e9e du jour des faits all\u00e9gu\u00e9s, figure dans le dossier. La deuxi\u00e8me morsure se serait produite lors d\u2019une photo de groupe : plac\u00e9 derri\u00e8re elle, Cerutti l\u2019aurait mordue \u00e0 nouveau.<\/p>\n<p>Le mis en cause reconna\u00eet les morsures, mais <strong>conteste toute intention sexuelle<\/strong>, \u00e9voquant un \u00ab\u00a0jeu\u00a0\u00bb collectif entre coll\u00e8gues. L\u2019avocat de l\u2019animateur, Me Antoine Vey, a assur\u00e9 que plusieurs membres de l\u2019\u00e9quipe se livraient \u00e0 ces plaisanteries, et que Caroline Barel aurait elle-m\u00eame particip\u00e9 \u00e0 ces m\u00eames gestes sur d\u2019autres coll\u00e8gues. <\/p>\n<p>La plaignante, elle, assure qu\u2019il n\u2019y avait <strong>aucun consentement<\/strong>. Plusieurs t\u00e9moignages de salari\u00e9s \u00e9voquent par ailleurs des comportements similaires de l\u2019animateur envers d\u2019autres collaborateurs.<\/p>\n<blockquote class=\"twitter-tweet\">\n<p>On apprend des infos people au tribunal : Sur une question du tribunal, Vincent Cerutti indique \u00eatre s\u00e9par\u00e9 avec Hapsatou Sy depuis un an et demi mais en tr\u00e8s bons termes dans le but notamment d&rsquo;\u00e9lever leurs deux enfants.<\/p>\n<p>\u2014 Beno\u00eet Daragon (@bendarag) <a href=\"https:\/\/twitter.com\/bendarag\/status\/1998439006166548494?ref_src=twsrc%5Etfw\" target=\"_blank\" rel=\"noopener\">December 9, 2025<\/a><\/p><\/blockquote>\n<p>\n          Hits &amp; People en continu\n        <\/p>\n<p>\n          Public Radio\n        <\/p>\n<p>      Mentionn\u00e9s dans cet article<\/p>\n<p>      Sur le m\u00eame sujet<\/p>\n<p>  <script async src=\"https:\/\/platform.twitter.com\/widgets.js\" charset=\"utf-8\"><\/script><\/p>\n","protected":false},"excerpt":{"rendered":"La tension \u00e9tait palpable, ce mardi 9 d\u00e9cembre, dans la salle bond\u00e9e du tribunal correctionnel de Paris. Devant&hellip;\n","protected":false},"author":2,"featured_media":589409,"comment_status":"","ping_status":"","sticky":false,"template":"","format":"standard","meta":{"footnotes":""},"categories":[1359],"tags":[1193,58,59,1011,27,20744,973,56048],"class_list":{"0":"post-589408","1":"post","2":"type-post","3":"status-publish","4":"format-standard","5":"has-post-thumbnail","7":"category-people","8":"tag-couple","9":"tag-divertissement","10":"tag-entertainment","11":"tag-fr","12":"tag-france","13":"tag-hapsatou-sy","14":"tag-people","15":"tag-vincent-cerutti"},"share_on_mastodon":{"url":"https:\/\/pubeurope.com\/@fr\/115692082941432704","error":""},"_links":{"self":[{"href":"https:\/\/www.europesays.com\/fr\/wp-json\/wp\/v2\/posts\/589408","targetHints":{"allow":["GET"]}}],"collection":[{"href":"https:\/\/www.europesays.com\/fr\/wp-json\/wp\/v2\/posts"}],"about":[{"href":"https:\/\/www.europesays.com\/fr\/wp-json\/wp\/v2\/types\/post"}],"author":[{"embeddable":true,"href":"https:\/\/www.europesays.com\/fr\/wp-json\/wp\/v2\/users\/2"}],"replies":[{"embeddable":true,"href":"https:\/\/www.europesays.com\/fr\/wp-json\/wp\/v2\/comments?post=589408"}],"version-history":[{"count":0,"href":"https:\/\/www.europesays.com\/fr\/wp-json\/wp\/v2\/posts\/589408\/revisions"}],"wp:featuredmedia":[{"embeddable":true,"href":"https:\/\/www.europesays.com\/fr\/wp-json\/wp\/v2\/media\/589409"}],"wp:attachment":[{"href":"https:\/\/www.europesays.com\/fr\/wp-json\/wp\/v2\/media?parent=589408"}],"wp:term":[{"taxonomy":"category","embeddable":true,"href":"https:\/\/www.europesays.com\/fr\/wp-json\/wp\/v2\/categories?post=589408"},{"taxonomy":"post_tag","embeddable":true,"href":"https:\/\/www.europesays.com\/fr\/wp-json\/wp\/v2\/tags?post=589408"}],"curies":[{"name":"wp","href":"https:\/\/api.w.org\/{rel}","templated":true}]}}