{"id":589410,"date":"2025-12-09T22:57:15","date_gmt":"2025-12-09T22:57:15","guid":{"rendered":"https:\/\/www.europesays.com\/fr\/589410\/"},"modified":"2025-12-09T22:57:15","modified_gmt":"2025-12-09T22:57:15","slug":"apres-le-louvre-le-chateau-de-versailles-augmente-aussi-le-tarif-pour-les-visiteurs-non-europeens","status":"publish","type":"post","link":"https:\/\/www.europesays.com\/fr\/589410\/","title":{"rendered":"Apr\u00e8s le Louvre, le ch\u00e2teau de Versailles augmente aussi le tarif pour les visiteurs non-Europ\u00e9ens"},"content":{"rendered":"<p>Le <a href=\"https:\/\/www.20minutes.fr\/dossier\/chateau_de_versailles\" target=\"_blank\" class=\"c-link c-link--is-underlined\" rel=\"noopener\">Ch\u00e2teau de Versailles<\/a> s\u2019appr\u00eate \u00e0 relever le prix d\u2019entr\u00e9e pour les visiteurs non europ\u00e9ens, une mesure qui s\u2019inscrit dans la nouvelle strat\u00e9gie tarifaire voulue par le <a href=\"https:\/\/www.20minutes.fr\/dossier\/ministre_de_la_culture\" target=\"_blank\" class=\"c-link c-link--is-underlined\" rel=\"noopener\">minist\u00e8re de la Culture<\/a>. A compter du 14\u00a0janvier, le billet passera de 32 \u00e0 35 euros pour les ressortissants hors <a href=\"https:\/\/www.20minutes.fr\/dossier\/ue\" target=\"_blank\" class=\"c-link c-link--is-underlined\" rel=\"noopener\">Espace \u00e9conomique europ\u00e9en<\/a> (EEE), soit une augmentation de 9,4\u00a0%. Cette d\u00e9cision, valid\u00e9e fin novembre par le conseil d\u2019administration, doit g\u00e9n\u00e9rer pr\u00e8s de 9,3\u00a0millions d\u2019euros suppl\u00e9mentaires par an selon les projections \u00e9tablies \u00e0 partir de la fr\u00e9quentation 2024.<\/p>\n<p>L\u2019enjeu financier est loin d\u2019\u00eatre marginal pour l\u2019\u00e9tablissement, qui a accueilli 8,4\u00a0millions de visiteurs l\u2019an dernier, dont 83\u00a0% venaient de l\u2019\u00e9tranger. Les <a href=\"https:\/\/www.20minutes.fr\/monde\/etats-unis\/\" target=\"_blank\" class=\"c-link c-link--is-underlined\" rel=\"noopener\">Am\u00e9ricains<\/a> repr\u00e9sentent \u00e0 eux seuls 15\u00a0% des entr\u00e9es, devant les visiteurs <a href=\"https:\/\/www.20minutes.fr\/dossier\/chine\" target=\"_blank\" class=\"c-link c-link--is-underlined\" rel=\"noopener\">chinois<\/a> et <a href=\"https:\/\/www.20minutes.fr\/dossier\/italie\" target=\"_blank\" class=\"c-link c-link--is-underlined\" rel=\"noopener\">italiens<\/a> (6\u00a0% chacun). Dans ce contexte, Versailles rejoint le Louvre, qui appliquera le m\u00eame jour une hausse bien plus marqu\u00e9e\u00a0: le tarif pour les visiteurs hors EEE passera de 22 \u00e0 32 euros, soit +\u00a045\u00a0%.<\/p>\n<\/p>\n<p>\u00ab\u00a0Les Fran\u00e7ais n\u2019ont pas vocation \u00e0 payer tout\u00a0\u00bb<\/p>\n<p>Ces ajustements s\u2019inscrivent dans la r\u00e9forme tarifaire annonc\u00e9e par la ministre de la Culture, <a href=\"https:\/\/www.20minutes.fr\/politique\/rachida_dati\" target=\"_blank\" class=\"c-link c-link--is-underlined\" rel=\"noopener\">Rachida Dati<\/a>. \u00ab\u00a0Ma position sur ce sujet est tr\u00e8s claire\u00a0: je souhaite que les visiteurs hors UE paient davantage leur billet d\u2019entr\u00e9e et que ce suppl\u00e9ment aille financer la r\u00e9novation du patrimoine national\u00a0\u00bb, expliquait-elle en d\u00e9but d\u2019ann\u00e9e, en assumant une \u00ab\u00a0vraie rupture\u00a0\u00bb avec les pratiques ant\u00e9rieures. Elle ajoutait alors\u00a0: \u00ab\u00a0Les Fran\u00e7ais n\u2019ont pas vocation \u00e0 payer tout, tout seuls.\u00a0\u00bb<\/p>\n<p><a href=\"https:\/\/www.20minutes.fr\/arts-stars\/culture\/\" target=\"_blank\" class=\"c-link c-btn c-btn--primary\" rel=\"noopener\">Notre dossier Culture<\/a><\/p>\n<p>Le minist\u00e8re estime que cette tarification diff\u00e9renci\u00e9e g\u00e9n\u00e9rera entre 20 et 30\u00a0millions d\u2019euros annuels pour soutenir l\u2019entretien et la restauration des sites culturels. Apr\u00e8s Versailles et le <a href=\"https:\/\/www.20minutes.fr\/dossier\/louvre\" target=\"_blank\" class=\"c-link c-link--is-underlined\" rel=\"noopener\">Louvre<\/a>, la mesure sera progressivement \u00e9tendue en\u00a02026 aux op\u00e9rateurs les plus fr\u00e9quent\u00e9s par les publics extra-europ\u00e9ens. D\u00e8s l\u2019an prochain, elle concernera notamment les visites de l\u2019<a href=\"https:\/\/www.20minutes.fr\/dossier\/opera_de_paris\" target=\"_blank\" class=\"c-link c-link--is-underlined\" rel=\"noopener\">Op\u00e9ra de Paris<\/a>, de la Sainte-Chapelle ou encore du Ch\u00e2teau de Chambord.<\/p>\n","protected":false},"excerpt":{"rendered":"Le Ch\u00e2teau de Versailles s\u2019appr\u00eate \u00e0 relever le prix d\u2019entr\u00e9e pour les visiteurs non europ\u00e9ens, une mesure qui&hellip;\n","protected":false},"author":2,"featured_media":589411,"comment_status":"","ping_status":"","sticky":false,"template":"","format":"standard","meta":{"footnotes":""},"categories":[1358],"tags":[47,1348,1384,1385,22154,251,1386,58,59,1011,27,11274,2616,1342,417,104],"class_list":{"0":"post-589410","1":"post","2":"type-post","3":"status-publish","4":"format-standard","5":"has-post-thumbnail","7":"category-arts-et-design","8":"tag-actualite","9":"tag-arts","10":"tag-arts-and-design","11":"tag-arts-et-design","12":"tag-chateau-de-versailles","13":"tag-culture","14":"tag-design","15":"tag-divertissement","16":"tag-entertainment","17":"tag-fr","18":"tag-france","19":"tag-louvre","20":"tag-ministre-de-la-culture","21":"tag-opera-de-paris","22":"tag-rachida-dati","23":"tag-societe"},"share_on_mastodon":{"url":"https:\/\/pubeurope.com\/@fr\/115692086419546428","error":""},"_links":{"self":[{"href":"https:\/\/www.europesays.com\/fr\/wp-json\/wp\/v2\/posts\/589410","targetHints":{"allow":["GET"]}}],"collection":[{"href":"https:\/\/www.europesays.com\/fr\/wp-json\/wp\/v2\/posts"}],"about":[{"href":"https:\/\/www.europesays.com\/fr\/wp-json\/wp\/v2\/types\/post"}],"author":[{"embeddable":true,"href":"https:\/\/www.europesays.com\/fr\/wp-json\/wp\/v2\/users\/2"}],"replies":[{"embeddable":true,"href":"https:\/\/www.europesays.com\/fr\/wp-json\/wp\/v2\/comments?post=589410"}],"version-history":[{"count":0,"href":"https:\/\/www.europesays.com\/fr\/wp-json\/wp\/v2\/posts\/589410\/revisions"}],"wp:featuredmedia":[{"embeddable":true,"href":"https:\/\/www.europesays.com\/fr\/wp-json\/wp\/v2\/media\/589411"}],"wp:attachment":[{"href":"https:\/\/www.europesays.com\/fr\/wp-json\/wp\/v2\/media?parent=589410"}],"wp:term":[{"taxonomy":"category","embeddable":true,"href":"https:\/\/www.europesays.com\/fr\/wp-json\/wp\/v2\/categories?post=589410"},{"taxonomy":"post_tag","embeddable":true,"href":"https:\/\/www.europesays.com\/fr\/wp-json\/wp\/v2\/tags?post=589410"}],"curies":[{"name":"wp","href":"https:\/\/api.w.org\/{rel}","templated":true}]}}