{"id":589412,"date":"2025-12-09T22:59:16","date_gmt":"2025-12-09T22:59:16","guid":{"rendered":"https:\/\/www.europesays.com\/fr\/589412\/"},"modified":"2025-12-09T22:59:16","modified_gmt":"2025-12-09T22:59:16","slug":"delphine-ernotte-prete-a-faire-sauter-cette-regle-de-la-tele-mais-pas-pour-france-tv","status":"publish","type":"post","link":"https:\/\/www.europesays.com\/fr\/589412\/","title":{"rendered":"Delphine Ernotte pr\u00eate \u00e0 faire sauter cette r\u00e8gle de la t\u00e9l\u00e9, mais pas pour France TV"},"content":{"rendered":"<p>        <img decoding=\"async\" loading=\"lazy\" src=\"https:\/\/www.europesays.com\/fr\/wp-content\/uploads\/2025\/09\/265773c_upload-1-pw9agqdxocmq-gettyimages-1242805268.jpg\"  width=\"728\" height=\"409\" alt=\"Dans \u00ab\u00a0Le Figaro\u00a0\u00bb, Delphine Ernotte dit \u00eatre  pr\u00eate \u00e0 faire sauter cette r\u00e8gle de la t\u00e9l\u00e9, mais pas pour France TV.\"\/>  <\/p>\n<p>Bloomberg \/ Bloomberg via Getty Images<\/p>\n<p>Dans \u00ab\u00a0Le Figaro\u00a0\u00bb, Delphine Ernotte dit \u00eatre  pr\u00eate \u00e0 faire sauter cette r\u00e8gle de la t\u00e9l\u00e9, mais pas pour France TV.<\/p>\n<p class=\"asset asset-text\">De nouvelles r\u00e8gles\u00a0pour la t\u00e9l\u00e9 priv\u00e9e\u00a0? Alors que <a href=\"https:\/\/www.huffingtonpost.fr\/politique\/article\/marine-le-pen-reclame-le-depart-de-delphine-ernotte-la-presidente-de-france-televisions_255066.html\" target=\"_blank\" rel=\"noopener\" title=\"Nouvelle fen\u00eatre\">Delphine Ernotte<\/a> Cunci sera auditionn\u00e9e ce mercredi 10\u00a0d\u00e9cembre par les d\u00e9put\u00e9s de la commission d\u2019enqu\u00eate sur la \u00ab\u00a0neutralit\u00e9\u00a0\u00bb et \u00ab\u00a0le financement de <a href=\"https:\/\/www.huffingtonpost.fr\/politique\/article\/pourquoi-l-extreme-droite-en-veut-autant-a-l-audiovisuel-public_257475.html\" target=\"_blank\" rel=\"noopener\" title=\"Nouvelle fen\u00eatre\">l\u2019audiovisuel public<\/a>\u00a0\u00bb, la pr\u00e9sidente de France T\u00e9l\u00e9visions fait une proposition forte dans les colonnes du<a href=\"https:\/\/www.lefigaro.fr\/medias\/s-inspirer-de-la-presse-et-accepter-les-chaines-d-opinion-la-proposition-choc-de-la-pdg-de-france-televisions-delphine-ernotte-avant-son-audition-a-l-assemblee-20251209\" target=\"_blank\" rel=\"noopener\" title=\"Nouvelle fen\u00eatre\"> Figaro.<\/a><\/p>\n<p class=\"asset asset-text\">R\u00e9affirmant que CNews est une cha\u00eene d\u2019opinion, la patronne de France t\u00e9l\u00e9 s\u2019interroge sur la polarisation du paysage t\u00e9l\u00e9visuel fran\u00e7ais. Contrairement aux \u00c9tats-Unis, avec des cha\u00eenes tr\u00e8s marqu\u00e9es politiquement, Delphine Ernotte estime que le ph\u00e9nom\u00e8ne de m\u00e9dias audiovisuels class\u00e9s \u00e0 droite ou \u00e0 gauche est \u00ab\u00a0nouveau\u00a0\u00bb. \u00ab\u00a0Le probl\u00e8me, c\u2019est que la loi de 1986, avant tout une loi de libert\u00e9 d\u2019expression, n\u2019autorise pas de cha\u00eene d\u2019opinion. Peut-\u00eatre que cette question m\u00e9rite d\u2019\u00eatre repos\u00e9e.\u00a0\u00bb, questionne-t-elle sur ce point.<\/p>\n<p class=\"asset asset-text\">\u00ab\u00a0Pourquoi ne pas accepter, comme dans la presse, qu\u2019il existe des titres de sensibilit\u00e9s politiques de gauche, du centre, de droite, d\u2019extr\u00eame gauche ou d\u2019extr\u00eame droite\u00a0?\u00a0\u00bb, insiste-t-elle, avant de proposer\u00a0: \u00ab\u00a0Appliquer la r\u00e8gle du pluralisme dit \u201cexterne\u201d \u00e0 la t\u00e9l\u00e9vision serait plus clair pour le public. On saurait d\u2019o\u00f9 chacun parle.\u00a0\u00bb<\/p>\n<p>    \u00ab\u00a0Notre credo, c\u2019est l\u2019impartialit\u00e9\u00a0\u00bb    <\/p>\n<p class=\"asset asset-text\">En revanche, Delphine Ernotte met une limite \u00e0 cette proposition. Si cette \u00e9volution sur la partialit\u00e9 de l\u2019audiovisuel \u00e9tait adopt\u00e9e au Parlement, la dirigeante ne souhaite pas que le service public soit concern\u00e9. \u00ab\u00a0Notre credo, c\u2019est l\u2019impartialit\u00e9. France T\u00e9l\u00e9visions doit rester le p\u00f4le de confiance qu\u2019il est aujourd\u2019hui\u00a0\u00bb, justifie-t-elle. Et estime d\u2019ailleurs que les<a href=\"https:\/\/www.arcom.fr\/presse\/impartialite-du-service-public-de-laudiovisuel-larcom-missionne-bruno-lasserre\" target=\"_blank\" rel=\"noopener\" title=\"Nouvelle fen\u00eatre\"> travaux de l\u2019Arcom sur l\u2019impartialit\u00e9 du service public<\/a> sont \u00ab\u00a0une tr\u00e8s bonne chose.\u00a0\u00bb<\/p>\n<p class=\"asset asset-text\">Dans une interview au Monde en septembre, Delphine Ernotte avait appel\u00e9 \u00e0 dire \u00ab\u00a0stop\u00a0\u00bb aux m\u00e9dias Bollor\u00e9 et avait d\u00e9clar\u00e9\u00a0: \u00ab\u00a0Il faut admettre que CNews est un m\u00e9dia d\u2019opinion. Qu\u2019ils assument d\u2019\u00eatre une cha\u00eene d\u2019extr\u00eame droite\u00a0!\u00a0\u00bb. Dans Le Figaro, elle assure ce mardi\u00a0: \u00ab\u00a0\u00ab\u00a0Nous ne sommes pas contre CNews. Je n\u2019ai jamais plaid\u00e9 pour sa fermeture\u00a0! Simplement, nous ne faisons pas le m\u00eame travail.\u00a0\u00bb<\/p>\n","protected":false},"excerpt":{"rendered":"Bloomberg \/ Bloomberg via Getty Images Dans \u00ab\u00a0Le Figaro\u00a0\u00bb, Delphine Ernotte dit \u00eatre pr\u00eate \u00e0 faire sauter cette&hellip;\n","protected":false},"author":2,"featured_media":399432,"comment_status":"","ping_status":"","sticky":false,"template":"","format":"standard","meta":{"footnotes":""},"categories":[1356],"tags":[11255,58,59,1011,27,2400,500,252,1364],"class_list":{"0":"post-589412","1":"post","2":"type-post","3":"status-publish","4":"format-standard","5":"has-post-thumbnail","7":"category-television","8":"tag-delphine-ernotte","9":"tag-divertissement","10":"tag-entertainment","11":"tag-fr","12":"tag-france","13":"tag-france-televisions","14":"tag-medias","15":"tag-television","16":"tag-tv"},"share_on_mastodon":{"url":"https:\/\/pubeurope.com\/@fr\/115692095970055232","error":""},"_links":{"self":[{"href":"https:\/\/www.europesays.com\/fr\/wp-json\/wp\/v2\/posts\/589412","targetHints":{"allow":["GET"]}}],"collection":[{"href":"https:\/\/www.europesays.com\/fr\/wp-json\/wp\/v2\/posts"}],"about":[{"href":"https:\/\/www.europesays.com\/fr\/wp-json\/wp\/v2\/types\/post"}],"author":[{"embeddable":true,"href":"https:\/\/www.europesays.com\/fr\/wp-json\/wp\/v2\/users\/2"}],"replies":[{"embeddable":true,"href":"https:\/\/www.europesays.com\/fr\/wp-json\/wp\/v2\/comments?post=589412"}],"version-history":[{"count":0,"href":"https:\/\/www.europesays.com\/fr\/wp-json\/wp\/v2\/posts\/589412\/revisions"}],"wp:featuredmedia":[{"embeddable":true,"href":"https:\/\/www.europesays.com\/fr\/wp-json\/wp\/v2\/media\/399432"}],"wp:attachment":[{"href":"https:\/\/www.europesays.com\/fr\/wp-json\/wp\/v2\/media?parent=589412"}],"wp:term":[{"taxonomy":"category","embeddable":true,"href":"https:\/\/www.europesays.com\/fr\/wp-json\/wp\/v2\/categories?post=589412"},{"taxonomy":"post_tag","embeddable":true,"href":"https:\/\/www.europesays.com\/fr\/wp-json\/wp\/v2\/tags?post=589412"}],"curies":[{"name":"wp","href":"https:\/\/api.w.org\/{rel}","templated":true}]}}