{"id":589425,"date":"2025-12-09T23:07:12","date_gmt":"2025-12-09T23:07:12","guid":{"rendered":"https:\/\/www.europesays.com\/fr\/589425\/"},"modified":"2025-12-09T23:07:12","modified_gmt":"2025-12-09T23:07:12","slug":"les-promesses-non-tenues-de-stmicroelectronics-champion-des-aides-publiques-liberation","status":"publish","type":"post","link":"https:\/\/www.europesays.com\/fr\/589425\/","title":{"rendered":"les\u00a0promesses non tenues de STMicroelectronics, champion des aides publiques \u2013 Lib\u00e9ration"},"content":{"rendered":"<p class=\"sc-cPiKLX AiZTS text-element\">La lettre, dat\u00e9e du 13 novembre, est adress\u00e9e \u00e0 Roland Lescure, ministre de l\u2019Economie, des Finances et de la Souverainet\u00e9 industrielle. Elle a \u00e9t\u00e9 envoy\u00e9e par une association de d\u00e9fense de l\u2019environnement grenobloise, Actionnaires pour le climat, qui d\u00e9tient des actions de STMicroelectronics. Ce fabricant franco-italien de semi-conducteurs, dont l\u2019une des usines est install\u00e9e \u00e0 Crolles (Is\u00e8re), <a href=\"https:\/\/www.liberation.fr\/economie\/economie-numerique\/29-milliards-deuros-daides-pour-stmicroelectronics-letat-en-pince-pour-les-puces-20230605_RLSSM23J6RELTML37OY53ZY3NU\/\" target=\"_blank\" rel=\"noopener\" title=\"https:\/\/www.liberation.fr\/economie\/economie-numerique\/29-milliards-deuros-daides-pour-stmicroelectronics-letat-en-pince-pour-les-puces-20230605_RLSSM23J6RELTML37OY53ZY3NU\/\">a b\u00e9n\u00e9fici\u00e9 massivement de subventions de l\u2019Etat<\/a>. Apr\u00e8s avoir rappel\u00e9 dans son courrier plusieurs interventions publiques du PDG Jean-Marc Ch\u00e9ry, notamment lors de l\u2019Assembl\u00e9e g\u00e9n\u00e9rale des actionnaires le 28 mai \u00e0 Amsterdam, o\u00f9 ce dernier niait toute conditionnalit\u00e9 des aides notamment en mati\u00e8re de cr\u00e9ation d\u2019emplois, l\u2019association interroge le ministre : \u00abEn notre qualit\u00e9 d\u2019actionnaires de STMicroelectronics, d\u00e9fendeurs d\u2019un actionnariat responsable, il est de notre r\u00f4le de vous interpeller quant \u00e0 l\u2019utilisation des aides publiques, et quant au rapport aides publiques \/cr\u00e9ation d\u2019emplois \/dividendes, et d\u2019exiger que les engagements souscrits avec l\u2019Etat soient respect\u00e9s \u00e0 la lettre.\u00bb Et<\/p>\n","protected":false},"excerpt":{"rendered":"La lettre, dat\u00e9e du 13 novembre, est adress\u00e9e \u00e0 Roland Lescure, ministre de l\u2019Economie, des Finances et de&hellip;\n","protected":false},"author":2,"featured_media":589426,"comment_status":"","ping_status":"","sticky":false,"template":"","format":"standard","meta":{"footnotes":""},"categories":[6],"tags":[11946,35,33,34,1011,27,42158],"class_list":{"0":"post-589425","1":"post","2":"type-post","3":"status-publish","4":"format-standard","5":"has-post-thumbnail","7":"category-economie","8":"tag-bruno-le-maire","9":"tag-business","10":"tag-economie","11":"tag-economy","12":"tag-fr","13":"tag-france","14":"tag-ministere-de-l-economie"},"share_on_mastodon":{"url":"https:\/\/pubeurope.com\/@fr\/115692125780858942","error":""},"_links":{"self":[{"href":"https:\/\/www.europesays.com\/fr\/wp-json\/wp\/v2\/posts\/589425","targetHints":{"allow":["GET"]}}],"collection":[{"href":"https:\/\/www.europesays.com\/fr\/wp-json\/wp\/v2\/posts"}],"about":[{"href":"https:\/\/www.europesays.com\/fr\/wp-json\/wp\/v2\/types\/post"}],"author":[{"embeddable":true,"href":"https:\/\/www.europesays.com\/fr\/wp-json\/wp\/v2\/users\/2"}],"replies":[{"embeddable":true,"href":"https:\/\/www.europesays.com\/fr\/wp-json\/wp\/v2\/comments?post=589425"}],"version-history":[{"count":0,"href":"https:\/\/www.europesays.com\/fr\/wp-json\/wp\/v2\/posts\/589425\/revisions"}],"wp:featuredmedia":[{"embeddable":true,"href":"https:\/\/www.europesays.com\/fr\/wp-json\/wp\/v2\/media\/589426"}],"wp:attachment":[{"href":"https:\/\/www.europesays.com\/fr\/wp-json\/wp\/v2\/media?parent=589425"}],"wp:term":[{"taxonomy":"category","embeddable":true,"href":"https:\/\/www.europesays.com\/fr\/wp-json\/wp\/v2\/categories?post=589425"},{"taxonomy":"post_tag","embeddable":true,"href":"https:\/\/www.europesays.com\/fr\/wp-json\/wp\/v2\/tags?post=589425"}],"curies":[{"name":"wp","href":"https:\/\/api.w.org\/{rel}","templated":true}]}}