{"id":589429,"date":"2025-12-09T23:09:16","date_gmt":"2025-12-09T23:09:16","guid":{"rendered":"https:\/\/www.europesays.com\/fr\/589429\/"},"modified":"2025-12-09T23:09:16","modified_gmt":"2025-12-09T23:09:16","slug":"un-reseau-de-trafic-de-drogue-demantele-dans-les-quartiers-sud-de-marseille-pilote-depuis-la-castellane","status":"publish","type":"post","link":"https:\/\/www.europesays.com\/fr\/589429\/","title":{"rendered":"Un r\u00e9seau de trafic de drogue d\u00e9mantel\u00e9 dans les quartiers Sud de Marseille pilot\u00e9 depuis La Castellane"},"content":{"rendered":"<p>Ce n\u2019est pas le plus gros<a href=\"https:\/\/www.laprovence.com\/article\/faits-divers-justice\/1341367544360914\/lutte-contre-le-narcotrafic-operation-coup-de-poing-a-marseille-15-points-de-deal-vises-et-1-500-policiers-deployes\" target=\"_blank\" rel=\"noopener\"> point de deal de Marseille<\/a>, mais son chiffre d\u2019affaires mensuel \u00e9tait n\u00e9anmoins estim\u00e9 \u00e0 100\u00a0000\u00a0euros. Apr\u00e8s plusieurs mois d\u2019investigations, les enqu\u00eateurs de l\u2019unit\u00e9 stup\u00e9fiants et \u00e9conomie souterraine (Uses) Sud, ont proc\u00e9d\u00e9 au d\u00e9mant\u00e8lement du r\u00e9seau de la <a href=\"https:\/\/www.laprovence.com\/article\/region\/1401574729441514\/marseille-fusillade-a-la-cite-benza-un-jeune-homme-blesse\" target=\"_blank\" rel=\"noopener\">cit\u00e9 Benza<\/a>, dans le 10e arrondissement. Fin novembre, sept personnes ont \u00e9t\u00e9 interpell\u00e9es, soup\u00e7onn\u00e9es d\u2019\u00eatre les g\u00e9rants, responsables ou encore nourrice d\u2019un r\u00e9seau de trafic de cannabis et coca\u00efne. 3,7\u00a0kilos de r\u00e9sine de cannabis et pr\u00e8s de 200\u00a0g de coca\u00efne ont \u00e9galement \u00e9t\u00e9 saisis lors des perquisitions.<\/p>\n<p>Ouverte pour \u00ab\u00a0trafic de stup\u00e9fiants\u00a0\u00bb, \u00ab\u00a0association de malfaiteurs\u00a0\u00bb et \u00ab\u00a0traite des \u00eatres humains\u00a0\u00bb, l\u2019enqu\u00eate dirig\u00e9e par le parquet de Marseille a \u00e9galement permis de remonter jusqu\u2019\u00e0 un homme de 26\u00a0ans suspect\u00e9 de diriger cette organisation structur\u00e9e depuis la cit\u00e9 de <a href=\"https:\/\/www.laprovence.com\/article\/faits-divers-justice\/42720027815481\/trois-policiers-de-la-bac-nord-de-marseille-roues-de-coups-a-la-castellane\" target=\"_blank\" rel=\"noopener\">La Castellane<\/a>, dans le 16e arrondissement de Marseille.<\/p>\n<p>Une femme dans l\u2019organisation<\/p>\n<p>Tout a commenc\u00e9, comme souvent en mati\u00e8re stup\u00e9fiante, pas un renseignement glan\u00e9 au milieu de l\u2019\u00e9t\u00e9\u00a02025 par la brigade des stups de la division Sud \u00e0 propos de l\u2019organisation du trafic \u00e0 la cit\u00e9 Benza. Dans la foul\u00e9e, les enqu\u00eateurs ont d\u00e9roul\u00e9 le&#8230;<\/p>\n","protected":false},"excerpt":{"rendered":"Ce n\u2019est pas le plus gros point de deal de Marseille, mais son chiffre d\u2019affaires mensuel \u00e9tait n\u00e9anmoins&hellip;\n","protected":false},"author":2,"featured_media":589430,"comment_status":"","ping_status":"","sticky":false,"template":"","format":"standard","meta":{"footnotes":""},"categories":[4],"tags":[17,11,1446,65333,1052,274,1011,27,151,12,5116,25,2421,1097],"class_list":{"0":"post-589429","1":"post","2":"type-post","3":"status-publish","4":"format-standard","5":"has-post-thumbnail","7":"category-france","8":"tag-17","9":"tag-actualites","10":"tag-dans","11":"tag-demantele","12":"tag-drogue","13":"tag-faits-divers-justice","14":"tag-fr","15":"tag-france","16":"tag-les","17":"tag-news","18":"tag-quartiers","19":"tag-republique-francaise","20":"tag-reseau","21":"tag-trafic"},"share_on_mastodon":{"url":"https:\/\/pubeurope.com\/@fr\/115692133684501292","error":""},"_links":{"self":[{"href":"https:\/\/www.europesays.com\/fr\/wp-json\/wp\/v2\/posts\/589429","targetHints":{"allow":["GET"]}}],"collection":[{"href":"https:\/\/www.europesays.com\/fr\/wp-json\/wp\/v2\/posts"}],"about":[{"href":"https:\/\/www.europesays.com\/fr\/wp-json\/wp\/v2\/types\/post"}],"author":[{"embeddable":true,"href":"https:\/\/www.europesays.com\/fr\/wp-json\/wp\/v2\/users\/2"}],"replies":[{"embeddable":true,"href":"https:\/\/www.europesays.com\/fr\/wp-json\/wp\/v2\/comments?post=589429"}],"version-history":[{"count":0,"href":"https:\/\/www.europesays.com\/fr\/wp-json\/wp\/v2\/posts\/589429\/revisions"}],"wp:featuredmedia":[{"embeddable":true,"href":"https:\/\/www.europesays.com\/fr\/wp-json\/wp\/v2\/media\/589430"}],"wp:attachment":[{"href":"https:\/\/www.europesays.com\/fr\/wp-json\/wp\/v2\/media?parent=589429"}],"wp:term":[{"taxonomy":"category","embeddable":true,"href":"https:\/\/www.europesays.com\/fr\/wp-json\/wp\/v2\/categories?post=589429"},{"taxonomy":"post_tag","embeddable":true,"href":"https:\/\/www.europesays.com\/fr\/wp-json\/wp\/v2\/tags?post=589429"}],"curies":[{"name":"wp","href":"https:\/\/api.w.org\/{rel}","templated":true}]}}